{"id":3512,"date":"2012-10-28T22:24:16","date_gmt":"2012-10-29T01:24:16","guid":{"rendered":"http:\/\/www.24baires.com\/?p=3512"},"modified":"2012-10-29T15:18:46","modified_gmt":"2012-10-29T18:18:46","slug":"largaron-el-enduro-en-claromeco","status":"publish","type":"post","link":"https:\/\/www.24baires.com\/?p=3512","title":{"rendered":"Largaron el Enduro en Claromec\u00f3"},"content":{"rendered":"<p style=\"text-align: center;\"><img data-recalc-dims=\"1\" loading=\"lazy\" decoding=\"async\" class=\"size-medium wp-image-3704 aligncenter\" title=\"enduro\" src=\"https:\/\/i0.wp.com\/www.24baires.com\/wp-content\/uploads\/2012\/10\/enduro1.jpg?resize=300%2C199\" alt=\"\" width=\"300\" height=\"199\" srcset=\"https:\/\/i0.wp.com\/www.24baires.com\/wp-content\/uploads\/2012\/10\/enduro1.jpg?resize=300%2C199&amp;ssl=1 300w, https:\/\/i0.wp.com\/www.24baires.com\/wp-content\/uploads\/2012\/10\/enduro1.jpg?w=475&amp;ssl=1 475w\" sizes=\"auto, (max-width: 300px) 100vw, 300px\" \/>Con un movimiento extraordinario, comenz\u00f3 el s\u00e1bado la segunda edici\u00f3n Enduro Cross de la Primavera en Claromec\u00f3.<!--more--><\/p>\n<p>Pasado el mediod\u00eda, y no como estaba previsto originalmente en el cronograma oficial, comenzaron las pruebas. Fueron dos tandas para motos, y otras dos para cuatriciclos; los UTV no se hicieron presentes, y se desconoce si hoy van a correr. Casi doscientos pilotos le est\u00e1n dando vida a esta realizaci\u00f3n, que cuenta con la organizaci\u00f3n de Alta Velocidad y la fiscalizaci\u00f3n de la Federaci\u00f3n Argentina de Motociclismo.<\/p>\n<p>El trazado de m\u00e1s de 7 mil metros de extensi\u00f3n se vio colmado de p\u00fablico y pasadas las 13.30 se concret\u00f3 la primera tanda de entrenamientos oficiales para las motos. Desde el parque de asistencia ubicado en Luz y Fuerza hasta la pista, la organizaci\u00f3n dispuso de un camino especial para los competidores, que de esta manera fueron saliendo al circuito. La pista es muy veloz, con rectas importantes donde se desarrolla velocidad, y varios sectores trabados, con curvas peraltadas, contracurvas y rampas de salto.<\/p>\n<p>El trazado se extiende paralelo al mar, comenzando a unos metros de Luz y Fuerza; el retome principal es en La Virgencita, y desde all\u00ed se interna en sectores de la Estaci\u00f3n Forestal, donde se producen los principales lugares de sobrepaso. El p\u00fablico puede ubicarse tanto en el camino costero, como en dos playones especiales que se han dispuesto ya ingresando por el camino de La Virgencita.<\/p>\n<p>Los cuatriciclos aportaron tambi\u00e9n ayer su cuota de adrenalina. Acelerando motores y desplegando gran velocidad, los ATV brindaron un muy buen espect\u00e1culo.<\/p>\n<p>En la noche del s\u00e1bado \u00faltimo, en la esquina de 26 y 9 se produjo la largada simb\u00f3lica del Enduro de la Primavera. El intendente Carlos S\u00e1nchez, y el presidente de la asociaci\u00f3n Alta Velocidad, Santiago Alberdi, dieron la bienvenida al p\u00fablico y por iniciado el evento.<\/p>\n<p>&nbsp;<\/p>\n","protected":false},"excerpt":{"rendered":"<p>Con un movimiento extraordinario, comenz\u00f3 el s\u00e1bado la segunda edici\u00f3n Enduro Cross de la Primavera en Claromec\u00f3.<\/p>\n","protected":false},"author":4,"featured_media":0,"comment_status":"open","ping_status":"open","sticky":false,"template":"","format":"standard","meta":{"_jetpack_newsletter_access":"","_jetpack_dont_email_post_to_subs":false,"_jetpack_newsletter_tier_id":0,"_jetpack_memberships_contains_paywalled_content":false,"_jetpack_memberships_contains_paid_content":false,"footnotes":""},"categories":[12],"tags":[],"class_list":["post-3512","post","type-post","status-publish","format-standard","hentry","category-deportes"],"jetpack_featured_media_url":"","jetpack_shortlink":"https:\/\/wp.me\/p2JWE0-UE","jetpack-related-posts":[{"id":41032,"url":"https:\/\/www.24baires.com\/?p=41032","url_meta":{"origin":3512,"position":0},"title":"Con r\u00e9cord Guinnes, estall\u00f3 el Enduro del Verano en Villa Gesell","author":"Grupo Sierra","date":"24\/02\/2014","format":false,"excerpt":"VILLA GESELL- En cuatriciclos, el triunfador fue Javier Altieri. El veterano piloto de Pinamar, hijo del exintendente Blas Altieri y especialista de esta competencia, se llev\u00f3 su cuarto triunfo en este Enduro. En motos, Felipe Ellis retuvo el 1 en la Argentina con su Kawasaki. El corredor de Bah\u00eda Blanca\u2026","rel":"","context":"En \u00abLocales\u00bb","block_context":{"text":"Locales","link":"https:\/\/www.24baires.com\/?cat=38"},"img":{"alt_text":"enduro","src":"https:\/\/i0.wp.com\/www.24baires.com\/wp-content\/uploads\/2014\/02\/enduro.jpg?resize=350%2C200","width":350,"height":200,"srcset":"https:\/\/i0.wp.com\/www.24baires.com\/wp-content\/uploads\/2014\/02\/enduro.jpg?resize=350%2C200 1x, https:\/\/i0.wp.com\/www.24baires.com\/wp-content\/uploads\/2014\/02\/enduro.jpg?resize=525%2C300 1.5x"},"classes":[]},{"id":40120,"url":"https:\/\/www.24baires.com\/?p=40120","url_meta":{"origin":3512,"position":1},"title":"Llega el Enduro del Verano, el evento con m\u00e1s adrenalina de Villa Gesell","author":"Grupo Sierra","date":"09\/02\/2014","format":false,"excerpt":"VILLA GESELL- Ser\u00e1 la 21\u00b0 edici\u00f3n de la carrera que re\u00fane a los mejores pilotos de todo el mundo. Se trata de la 2\u00b0 competencia de motos y cuatris m\u00e1s importante a nivel mundial. Es \u00fanica en el planeta por su multitudinaria convocatoria. La ciudad bonaerense de Villa Gesell se\u2026","rel":"","context":"En \u00abLocales\u00bb","block_context":{"text":"Locales","link":"https:\/\/www.24baires.com\/?cat=38"},"img":{"alt_text":"enduro gesell","src":"https:\/\/i0.wp.com\/www.24baires.com\/wp-content\/uploads\/2014\/02\/enduro-gesell.jpg?resize=350%2C200","width":350,"height":200,"srcset":"https:\/\/i0.wp.com\/www.24baires.com\/wp-content\/uploads\/2014\/02\/enduro-gesell.jpg?resize=350%2C200 1x, https:\/\/i0.wp.com\/www.24baires.com\/wp-content\/uploads\/2014\/02\/enduro-gesell.jpg?resize=525%2C300 1.5x"},"classes":[]},{"id":16528,"url":"https:\/\/www.24baires.com\/?p=16528","url_meta":{"origin":3512,"position":2},"title":"Comenz\u00f3 en Villa Gesell el Enduro del Verano 2013","author":"AF","date":"23\/02\/2013","format":false,"excerpt":"Es la 20\u00b0 Edici\u00f3n de esta tradicional carrera que re\u00fane m\u00e1s de 200 motociclistas de diferentes partes del continente. Es la segunda competencia motocicl\u00edstica m\u00e1s grande del planeta. Este viernes fue llevada a cabo una largada simb\u00f3lica de motos y cuatriciclos, dando apertura a la 20\u00b0 edici\u00f3n del \"Enduro del\u2026","rel":"","context":"En \u00abSociedad\u00bb","block_context":{"text":"Sociedad","link":"https:\/\/www.24baires.com\/?cat=1"},"img":{"alt_text":"enduro","src":"https:\/\/i0.wp.com\/www.24baires.com\/wp-content\/uploads\/2012\/10\/enduro-300x199.jpg?resize=350%2C200","width":350,"height":200},"classes":[]},{"id":16039,"url":"https:\/\/www.24baires.com\/?p=16039","url_meta":{"origin":3512,"position":3},"title":"Llega a Villa Gesell la carrera Enduro del Verano 2013","author":"AF","date":"18\/02\/2013","format":false,"excerpt":"Los m\u00e9danos de Villa Gesell ser\u00e1n sede del circuito de la tradicional competencia de motos y cuatriciclos m\u00e1s importante de Latinoam\u00e9rica. M\u00e1s de mil motos y cuatriciclos participar\u00e1n este fin de semana de la carrera Enduro del Verano 2013, competencia que se realiza en los m\u00e9danos de Villa Gesell. El\u2026","rel":"","context":"En \u00abLocales\u00bb","block_context":{"text":"Locales","link":"https:\/\/www.24baires.com\/?cat=38"},"img":{"alt_text":"enduro 2013","src":"https:\/\/i0.wp.com\/www.24baires.com\/wp-content\/uploads\/2013\/02\/enduro-2013.jpg?resize=350%2C200","width":350,"height":200,"srcset":"https:\/\/i0.wp.com\/www.24baires.com\/wp-content\/uploads\/2013\/02\/enduro-2013.jpg?resize=350%2C200 1x, https:\/\/i0.wp.com\/www.24baires.com\/wp-content\/uploads\/2013\/02\/enduro-2013.jpg?resize=525%2C300 1.5x"},"classes":[]},{"id":3184,"url":"https:\/\/www.24baires.com\/?p=3184","url_meta":{"origin":3512,"position":4},"title":"Polic\u00eda de Tres Arroyos admite que se ven superados por las picadas de motos","author":"AF","date":"25\/10\/2012","format":false,"excerpt":"El titular de la Comisar\u00eda 1\u00aa de Tres Arroyos, Subcomisario Edgardo M\u00edguez, admiti\u00f3 que el entorno de las picadas supera a la respuesta operativa de las fuerzas policiales, disminuidas en cantidad de personal. Hizo referencia a hechos que se registran en la Avenida Alem cada domingo, filmados por las c\u00e1maras\u2026","rel":"","context":"En \u00abLocales\u00bb","block_context":{"text":"Locales","link":"https:\/\/www.24baires.com\/?cat=38"},"img":{"alt_text":"","src":"https:\/\/i0.wp.com\/www.24baires.com\/wp-content\/uploads\/2012\/10\/picadas-motos-tres-arroyos-300x197.jpg?resize=350%2C200","width":350,"height":200},"classes":[]},{"id":32428,"url":"https:\/\/www.24baires.com\/?p=32428","url_meta":{"origin":3512,"position":5},"title":"Llega a Monte Hermoso la 3\u00aa edici\u00f3n del Enduro","author":"AF","date":"25\/09\/2013","format":false,"excerpt":"La tercera edici\u00f3n del enduro arenero de primavera se realizar\u00e1 los d\u00edas 11, 12 y 13 de Octubre, con la presencia de los mejores exponentes del ATV y MX del pa\u00eds. Aunque la competencia se desarrollar\u00e1 el domingo 13, los d\u00edas anteriores los pilotos deber\u00e1n acreditarse y realizar los entrenamientos\u2026","rel":"","context":"En \u00abLocales\u00bb","block_context":{"text":"Locales","link":"https:\/\/www.24baires.com\/?cat=38"},"img":{"alt_text":"","src":"","width":0,"height":0},"classes":[]}],"jetpack_sharing_enabled":true,"jetpack_likes_enabled":true,"_links":{"self":[{"href":"https:\/\/www.24baires.com\/index.php?rest_route=\/wp\/v2\/posts\/3512","targetHints":{"allow":["GET"]}}],"collection":[{"href":"https:\/\/www.24baires.com\/index.php?rest_route=\/wp\/v2\/posts"}],"about":[{"href":"https:\/\/www.24baires.com\/index.php?rest_route=\/wp\/v2\/types\/post"}],"author":[{"embeddable":true,"href":"https:\/\/www.24baires.com\/index.php?rest_route=\/wp\/v2\/users\/4"}],"replies":[{"embeddable":true,"href":"https:\/\/www.24baires.com\/index.php?rest_route=%2Fwp%2Fv2%2Fcomments&post=3512"}],"version-history":[{"count":4,"href":"https:\/\/www.24baires.com\/index.php?rest_route=\/wp\/v2\/posts\/3512\/revisions"}],"predecessor-version":[{"id":3700,"href":"https:\/\/www.24baires.com\/index.php?rest_route=\/wp\/v2\/posts\/3512\/revisions\/3700"}],"wp:attachment":[{"href":"https:\/\/www.24baires.com\/index.php?rest_route=%2Fwp%2Fv2%2Fmedia&parent=3512"}],"wp:term":[{"taxonomy":"category","embeddable":true,"href":"https:\/\/www.24baires.com\/index.php?rest_route=%2Fwp%2Fv2%2Fcategories&post=3512"},{"taxonomy":"post_tag","embeddable":true,"href":"https:\/\/www.24baires.com\/index.php?rest_route=%2Fwp%2Fv2%2Ftags&post=3512"}],"curies":[{"name":"wp","href":"https:\/\/api.w.org\/{rel}","templated":true}]}}