{"id":3503,"date":"2012-10-28T17:54:52","date_gmt":"2012-10-28T20:54:52","guid":{"rendered":"http:\/\/www.24baires.com\/?p=3503"},"modified":"2012-10-28T17:54:52","modified_gmt":"2012-10-28T20:54:52","slug":"una-encuesta-asegura-que-hoy-cristina-volveria-a-ganar-por-amplio-margen","status":"publish","type":"post","link":"https:\/\/www.24baires.com\/?p=3503","title":{"rendered":"Una encuesta asegura que hoy Cristina volver\u00eda a ganar por amplio margen"},"content":{"rendered":"<p><img data-recalc-dims=\"1\" loading=\"lazy\" decoding=\"async\" class=\"aligncenter size-full wp-image-3546\" title=\"cris\" src=\"https:\/\/i0.wp.com\/www.24baires.com\/wp-content\/uploads\/2012\/10\/cris.jpg?resize=560%2C426\" alt=\"\" width=\"560\" height=\"426\" srcset=\"https:\/\/i0.wp.com\/www.24baires.com\/wp-content\/uploads\/2012\/10\/cris.jpg?w=560&amp;ssl=1 560w, https:\/\/i0.wp.com\/www.24baires.com\/wp-content\/uploads\/2012\/10\/cris.jpg?resize=300%2C228&amp;ssl=1 300w\" sizes=\"auto, (max-width: 560px) 100vw, 560px\" \/><\/p>\n<p>A un a\u00f1o de su victoria electoral con el 54 por ciento de los votos, la presidenta ser\u00eda otra vez aclamada en las urnas, muy lejos de la oposici\u00f3n, seg\u00fan una encuesta realizada por el Centro de Estudios de Opini\u00f3n P\u00fablica (CEOP), que conduce el soci\u00f3logo Roberto Bacman.<!--more--><\/p>\n<p>La presidenta Cristina Fern\u00e1ndez de Kirchner volver\u00eda a ganar en primera vuelta, tal como ocurri\u00f3 aquel 23 de octubre. La mandataria consigue hoy el 47 por ciento de los votos, bastante cerca de los porcentajes que obtuvo hace doce meses, con Hermes Binner obteniendo el 19 por ciento y Alberto Rodr\u00edguez Sa\u00e1 consiguiendo el 11 por ciento. La idea del sondeo era reproducir la elecci\u00f3n del a\u00f1o pasado, porque hoy no est\u00e1 claro qui\u00e9nes ser\u00e1n los candidatos de 2015.<\/p>\n<p>De todas maneras, seg\u00fan una encuesta realizada por la misma consultora hace un mes, Mauricio Macri \u2013ubicado hoy en la grilla de candidatos\u2013 no lograr\u00eda equiparar la l\u00ednea de Binner y se ubicar\u00eda tercero.<\/p>\n<p>Las conclusiones surgen de un amplio estudio nacional realizado por el Centro de Estudios de Opini\u00f3n P\u00fablica (CEOP), que conduce el soci\u00f3logo Roberto Bacman. En total se entrevistaron 1132 personas de todo el pa\u00eds en 29 puntos distintos, incluyendo Capital Federal, primer cintur\u00f3n del conurbano, segundo cintur\u00f3n, Mendoza, Rosario, C\u00f3rdoba, Tucum\u00e1n, Salta, San Juan, Santiago del Estero, Chaco y otras numerosas localidades.<\/p>\n<p>\u201cHay una matriz de fidelidad que explica la intenci\u00f3n de voto de Cristina. Un 66 por ciento de quienes la votaron el a\u00f1o pasado lo har\u00edan otra vez hoy mismo. Eso la hace partir del 35,5 por ciento. Pero proyectando el 25 por ciento de indecisos o de votos negativos \u2013que despu\u00e9s en la elecci\u00f3n no se dan\u2014, la Presidenta llega al 47 por ciento. Por otra parte, sus p\u00e9rdidas no van a otros candidatos, sino que engruesan esas columnas de indecisos y voto en blanco\u00bb, dijo Bacman.<\/p>\n<p>El titular del CEOP explic\u00f3 a ese diario, que la idea del estudio era reproducir la elecci\u00f3n del a\u00f1o pasado, con los mismos candidatos, porque no est\u00e1n claros los postulantes para el 2015. \u201cHoy Cristina no es candidata, Macri da la impresi\u00f3n que lo ser\u00e1, Binner tambi\u00e9n, Ricardo Alfons\u00edn tendr\u00e1 que recorrer un camino, Eduardo Duhalde casi seguro que no se postular\u00e1 y nada sabemos de Rodr\u00edguez Sa\u00e1. Los que m\u00e1s ganaron son Binner, que recoge votos del radicalismo, y Rodr\u00edguez Sa\u00e1, que re\u00fane distintas vertientes. Por esta misma raz\u00f3n, que no sabemos qui\u00e9nes van a ser los candidatos, es que no incluimos a Macri, pero la \u00faltima vez que lo medimos estaba en 15 por ciento, sin alcanzar a Binner. Dir\u00eda que la imagen de Macri viene bajando este a\u00f1o, ya no se lo percibe como un buen administrador y se lo vio afectado en especial desde el conflicto de los subtes y creo que tiene influencia la cuesti\u00f3n de los vetos. Ojo que el ingreso de Macri en la grilla de candidatos no mejora la performance opositora: le quita un poco a Binner, bastante a Duhalde, a Rodr\u00edguez Sa\u00e1 y a Alfons\u00edn. De eso se nutre. Ah, y recordemos que Macri se baj\u00f3 de esa elecci\u00f3n de 2011\u201d, destac\u00f3.<\/p>\n","protected":false},"excerpt":{"rendered":"<p>A un a\u00f1o de su victoria electoral con el 54 por ciento de los votos, la presidenta ser\u00eda otra vez aclamada en las urnas, muy lejos de la oposici\u00f3n, seg\u00fan una encuesta realizada por el Centro de Estudios de Opini\u00f3n P\u00fablica (CEOP), que conduce el soci\u00f3logo Roberto Bacman.<\/p>\n","protected":false},"author":4,"featured_media":0,"comment_status":"open","ping_status":"open","sticky":false,"template":"","format":"standard","meta":{"_jetpack_newsletter_access":"","_jetpack_dont_email_post_to_subs":false,"_jetpack_newsletter_tier_id":0,"_jetpack_memberships_contains_paywalled_content":false,"_jetpack_memberships_contains_paid_content":false,"footnotes":""},"categories":[51],"tags":[],"class_list":["post-3503","post","type-post","status-publish","format-standard","hentry","category-politica"],"jetpack_featured_media_url":"","jetpack_shortlink":"https:\/\/wp.me\/p2JWE0-Uv","jetpack-related-posts":[{"id":110904,"url":"https:\/\/www.24baires.com\/?p=110904","url_meta":{"origin":3503,"position":0},"title":"Una encuesta da ganadora a la f\u00f3rmula Alberto-Cristina en primera vuelta","author":"AF","date":"23\/06\/2019","format":false,"excerpt":"El 73% de los consultados rechaza la pol\u00edtica econ\u00f3mica del gobierno nacional. Lavagna pierde muchos votos ante una polarizaci\u00f3n que parece inevitable. Con el cierre de listas ya concretado y la carrera presidencial lanzada, una encuesta que se dio a conocer este domingo parece reafirmar las posibilidades de que el\u2026","rel":"","context":"En \u00abPol\u00edtica\u00bb","block_context":{"text":"Pol\u00edtica","link":"https:\/\/www.24baires.com\/?cat=51"},"img":{"alt_text":"","src":"https:\/\/i0.wp.com\/www.24baires.com\/wp-content\/uploads\/2019\/05\/alberto-cristina-fernandez-merlo.jpg?resize=350%2C200","width":350,"height":200,"srcset":"https:\/\/i0.wp.com\/www.24baires.com\/wp-content\/uploads\/2019\/05\/alberto-cristina-fernandez-merlo.jpg?resize=350%2C200 1x, https:\/\/i0.wp.com\/www.24baires.com\/wp-content\/uploads\/2019\/05\/alberto-cristina-fernandez-merlo.jpg?resize=525%2C300 1.5x"},"classes":[]},{"id":51073,"url":"https:\/\/www.24baires.com\/?p=51073","url_meta":{"origin":3503,"position":1},"title":"Seg\u00fan datos de una encuesta, la imagen positiva de Cristina supera el 54%","author":"GB","date":"03\/08\/2014","format":false,"excerpt":"La encuesta confirma la tendencia que ya lleva dos meses y que se increment\u00f3 durante julio, a ra\u00edz del conflicto con los fondos buitre. Fue realizada por el Centro de Estudios de Opini\u00f3n P\u00fablica. La imagen positiva de la presidenta Cristina Fern\u00e1ndez de Kirchner super\u00f3 el 54 por ciento en\u2026","rel":"","context":"En \u00abElecciones 2015\u00bb","block_context":{"text":"Elecciones 2015","link":"https:\/\/www.24baires.com\/?cat=74"},"img":{"alt_text":"cristina rating 2","src":"https:\/\/i0.wp.com\/www.24baires.com\/wp-content\/uploads\/2014\/06\/cristina-rating-2.jpg?resize=350%2C200","width":350,"height":200,"srcset":"https:\/\/i0.wp.com\/www.24baires.com\/wp-content\/uploads\/2014\/06\/cristina-rating-2.jpg?resize=350%2C200 1x, https:\/\/i0.wp.com\/www.24baires.com\/wp-content\/uploads\/2014\/06\/cristina-rating-2.jpg?resize=525%2C300 1.5x"},"classes":[]},{"id":35294,"url":"https:\/\/www.24baires.com\/?p=35294","url_meta":{"origin":3503,"position":2},"title":"Cristina vuelve a sus actividades con un 53% de imagen positiva","author":"GB","date":"17\/11\/2013","format":false,"excerpt":"Cristina Fern\u00e1ndez de Kirchner regresar\u00e1 ma\u00f1ana a la actividad oficial con un 53 por ciento de imagen positiva, seg\u00fan un estudio del Centro de Estudios de Opini\u00f3n P\u00fablica (CEOP). Asimismo, el trabajo realizado por el CEOP, que hoy publica el diario P\u00e1gina\/12, destac\u00f3 que en un a\u00f1o la imagen positiva\u2026","rel":"","context":"En \u00abPol\u00edtica\u00bb","block_context":{"text":"Pol\u00edtica","link":"https:\/\/www.24baires.com\/?cat=51"},"img":{"alt_text":"CRISTINA MANO","src":"https:\/\/i0.wp.com\/www.24baires.com\/wp-content\/uploads\/2013\/10\/CRISTINA-MANO-300x200.jpg?resize=350%2C200","width":350,"height":200},"classes":[]},{"id":111295,"url":"https:\/\/www.24baires.com\/?p=111295","url_meta":{"origin":3503,"position":3},"title":"Cristina lidera el r\u00e1nking de imagen positiva entre j\u00f3venes de 18 a 22 a\u00f1os","author":"AF","date":"23\/07\/2019","format":false,"excerpt":"Detr\u00e1s de la senadora, que tiene 43 puntos, se ubica Mar\u00eda Eugenia Vidal, con 32 puntos. Seg\u00fan un relevamiento de Ipsos Argentina, Mauricio Macri es el de peor reputaci\u00f3n. La precandidata a vice del Frente de Todos, Cristina Kirchner, es la dirigente con mayor imagen positiva entre los j\u00f3venes de\u2026","rel":"","context":"En \u00abPol\u00edtica\u00bb","block_context":{"text":"Pol\u00edtica","link":"https:\/\/www.24baires.com\/?cat=51"},"img":{"alt_text":"","src":"https:\/\/i0.wp.com\/www.24baires.com\/wp-content\/uploads\/2019\/07\/Cristina.jpg?resize=350%2C200","width":350,"height":200,"srcset":"https:\/\/i0.wp.com\/www.24baires.com\/wp-content\/uploads\/2019\/07\/Cristina.jpg?resize=350%2C200 1x, https:\/\/i0.wp.com\/www.24baires.com\/wp-content\/uploads\/2019\/07\/Cristina.jpg?resize=525%2C300 1.5x"},"classes":[]},{"id":57203,"url":"https:\/\/www.24baires.com\/?p=57203","url_meta":{"origin":3503,"position":4},"title":"Cristina Kirchner alcanza el 49% de imagen positiva","author":"GB","date":"16\/11\/2014","format":false,"excerpt":"Adem\u00e1s, un 54% de los consultados considera satisfactoriamente los 11 a\u00f1os de gobiernos kirchneristas, seg\u00fan un estudio realizado por el Centro de Estudios de Opini\u00f3n P\u00fablica (CEOP). Las conclusiones surgen de una encuesta realizada por el CEOP a nivel nacional y publicadas hoy por P\u00e1gina 12, con entrevistas a 1.085\u2026","rel":"","context":"En \u00abPol\u00edtica\u00bb","block_context":{"text":"Pol\u00edtica","link":"https:\/\/www.24baires.com\/?cat=51"},"img":{"alt_text":"cristina3","src":"https:\/\/i0.wp.com\/www.24baires.com\/wp-content\/uploads\/2014\/08\/cristina3.jpg?resize=350%2C200","width":350,"height":200,"srcset":"https:\/\/i0.wp.com\/www.24baires.com\/wp-content\/uploads\/2014\/08\/cristina3.jpg?resize=350%2C200 1x, https:\/\/i0.wp.com\/www.24baires.com\/wp-content\/uploads\/2014\/08\/cristina3.jpg?resize=525%2C300 1.5x"},"classes":[]},{"id":96341,"url":"https:\/\/www.24baires.com\/?p=96341","url_meta":{"origin":3503,"position":5},"title":"Dos nuevas encuestas confirman que Cristina sigue arriba y Massa-Bullrich pelean el segundo lugar","author":"Grupo Sierra","date":"31\/07\/2017","format":false,"excerpt":"Un sondeo de Gonz\u00e1lez y Valladares revela que Unidad Ciudadana tiene 5 puntos de ventaja sobre 1Pa\u00eds y Cambiemos. Analog\u00edas confirma la tendencia y estira la diferencia de la expresidenta hasta 10 puntos. Seg\u00fan revel\u00f3 este lunes el portal Infocielo, a dos semanas de las PASO, las encuestas confirman la\u2026","rel":"","context":"En \u00abELECCIONES 2017\u00bb","block_context":{"text":"ELECCIONES 2017","link":"https:\/\/www.24baires.com\/?cat=325"},"img":{"alt_text":"","src":"https:\/\/i0.wp.com\/www.24baires.com\/wp-content\/uploads\/2017\/07\/cristina.jpg?resize=350%2C200","width":350,"height":200,"srcset":"https:\/\/i0.wp.com\/www.24baires.com\/wp-content\/uploads\/2017\/07\/cristina.jpg?resize=350%2C200 1x, https:\/\/i0.wp.com\/www.24baires.com\/wp-content\/uploads\/2017\/07\/cristina.jpg?resize=525%2C300 1.5x"},"classes":[]}],"jetpack_sharing_enabled":true,"jetpack_likes_enabled":true,"_links":{"self":[{"href":"https:\/\/www.24baires.com\/index.php?rest_route=\/wp\/v2\/posts\/3503","targetHints":{"allow":["GET"]}}],"collection":[{"href":"https:\/\/www.24baires.com\/index.php?rest_route=\/wp\/v2\/posts"}],"about":[{"href":"https:\/\/www.24baires.com\/index.php?rest_route=\/wp\/v2\/types\/post"}],"author":[{"embeddable":true,"href":"https:\/\/www.24baires.com\/index.php?rest_route=\/wp\/v2\/users\/4"}],"replies":[{"embeddable":true,"href":"https:\/\/www.24baires.com\/index.php?rest_route=%2Fwp%2Fv2%2Fcomments&post=3503"}],"version-history":[{"count":2,"href":"https:\/\/www.24baires.com\/index.php?rest_route=\/wp\/v2\/posts\/3503\/revisions"}],"predecessor-version":[{"id":3547,"href":"https:\/\/www.24baires.com\/index.php?rest_route=\/wp\/v2\/posts\/3503\/revisions\/3547"}],"wp:attachment":[{"href":"https:\/\/www.24baires.com\/index.php?rest_route=%2Fwp%2Fv2%2Fmedia&parent=3503"}],"wp:term":[{"taxonomy":"category","embeddable":true,"href":"https:\/\/www.24baires.com\/index.php?rest_route=%2Fwp%2Fv2%2Fcategories&post=3503"},{"taxonomy":"post_tag","embeddable":true,"href":"https:\/\/www.24baires.com\/index.php?rest_route=%2Fwp%2Fv2%2Ftags&post=3503"}],"curies":[{"name":"wp","href":"https:\/\/api.w.org\/{rel}","templated":true}]}}