{"id":35023,"date":"2013-11-11T22:29:01","date_gmt":"2013-11-12T01:29:01","guid":{"rendered":"http:\/\/www.24baires.com\/?p=35023"},"modified":"2013-11-11T22:29:01","modified_gmt":"2013-11-12T01:29:01","slug":"la-sincera-verba-del-espectacular-duran-barba","status":"publish","type":"post","link":"https:\/\/www.24baires.com\/?p=35023","title":{"rendered":"La sincera verba del &#8216;espectacular&#8217; Dur\u00e1n Barba"},"content":{"rendered":"<p><img data-recalc-dims=\"1\" loading=\"lazy\" decoding=\"async\" class=\"aligncenter size-full wp-image-35024\" alt=\"duran barba\" src=\"https:\/\/i0.wp.com\/www.24baires.com\/wp-content\/uploads\/2013\/11\/duran-barba.jpg?resize=560%2C371\" width=\"560\" height=\"371\" srcset=\"https:\/\/i0.wp.com\/www.24baires.com\/wp-content\/uploads\/2013\/11\/duran-barba.jpg?w=560&amp;ssl=1 560w, https:\/\/i0.wp.com\/www.24baires.com\/wp-content\/uploads\/2013\/11\/duran-barba.jpg?resize=300%2C198&amp;ssl=1 300w\" sizes=\"auto, (max-width: 560px) 100vw, 560px\" \/><\/p>\n<p>Que personaje complejo es Jaime Dur\u00e1n Barba. Es una persona inserta en la vida pol\u00edtica de latinoam\u00e9rica desde hace mucho tiempo, con arraigados contactos. Asesora candidatos y gobiernos. Escribe discursos y hasta recomienda afeitarse bigotes para no parecer tan de derecha. <!--more--><br \/>\nTambi\u00e9n est\u00e1 se\u00f1alado como autor intelectual en procesos repudiables, como el juicio pol\u00edtico armado en horas contra el ahora ex Presidente paraguayo, Fernando Lugo, que termin\u00f3 con su expedita destituci\u00f3n y coloc\u00f3 en la presidencia a un hombre \u2018asesorado\u2019 por Dur\u00e1n Barba, Federico Franco, quien, junto con Mauricio Macri (otro pol\u00edtico duranbarbista) se quitaron el mostacho por requerimiento de ecuatoriano que les dice qu\u00e9 hacer, que no, qu\u00e9 decir, que no. Es un monje negro de la pol\u00edtica, esos seres que muchos dicen que no existen, porque, aducen, no hay gente con tanto poder, que ponga y saque candidatos, que levante muertos pol\u00edticos y los devuelva al candelero electoral.<br \/>\nAunque este tipo de consejero pol\u00edtico suele tener un perfil muy bajo, Dur\u00e1n Barba es diferente. Gusta de dar entrevistas, mostrar sus millones. Y hasta se da lujos: aun cuando todos sabemos que probablemente de su pluma salgan las pr\u00f3ximas declaraciones de varios referentes nacionales, no tiene reparos en dar declaraciones m\u00e1s que pol\u00e9micas, repudiables.<br \/>\nEn una nota para la revista Noticias, el gur\u00fa de la derecha suramericana, elogi\u00f3 a Hitler. As\u00ed, de frente manteca. Luego dijo que lo sacaron de contexto, pero la propia revista Noticias public\u00f3 el audio de la entrevistas, para que no queden dudas.<br \/>\nHabl\u00f3 del retroceso de \u201cpa\u00edses que pretenden tener dioses\u201d. Cuando el periodista pidi\u00f3 un ejemplo, Dur\u00e1n Barba dio dos: Maduro y Ch\u00e1vez. El periodista le record\u00f3 que Ch\u00e1vez tuvo un porcentaje de aceptaci\u00f3n alt\u00edsimo en el pueblo venezolano, a lo que \u00e9l respondi\u00f3: \u201cComo Hitler. Hitler tuvo gran nivel de aprobaci\u00f3n y eso no significa que haya tenido un gran gobierno. Tuvo m\u00e1s aceptaci\u00f3n que Ch\u00e1vez: un 90%\u201d. El periodista, algo inc\u00f3modo, se\u00f1ala lo obvio: \u201cBueno\u2026 no son comparables\u2026.\u201d Y Dur\u00e1n Barba lo interrumpe diciendo, \u201cNo, Hitler era un tipo espectacular, era muy importante en el mundo\u201d. El periodista, quiz\u00e1 creyendo que no escuch\u00f3 lo que se escuch\u00f3 perfecto, intenta de nuevo: \u201cRepito, uno mat\u00f3 a 6 millones de jud\u00edos, digo\u2026\u201d, pero Dur\u00e1n Barba no vi\u00f3 o no le import\u00f3 la soga que le estaba tirando quien lo entrevistaba para salir del paso y desdecirse\u2026 y no lo hizo. Es m\u00e1s, dijo que Ch\u00e1vez \u201cexpuls\u00f3\u201d, cual Fara\u00f3n egipcio b\u00edblico, a la mitad de los jud\u00edos de Venezuela, y luego habl\u00f3 de la popularidad de Stalin.<br \/>\nEl asesor comunicacional del Jefe de Gobierno porte\u00f1o, Mauricio Macri, dijo eso, no fue descontextualizado. Ahora el INADI lo citar\u00e1 por estas declaraciones: \u201cResulta particularmente grave y peligroso que dicha expresi\u00f3n provenga del principal asesor de una autoridad p\u00fablica de alto rango, como es el jefe de gobierno porte\u00f1o, sobre todo por el efecto perniciosamente multiplicador que puede tener esa expresi\u00f3n en los ciudadanos y ciudadanas\u201d, afirm\u00f3 el interventor del Inadi, Pedro Mouratian.<br \/>\nEsto no quiere decir que as\u00ed piensen, necesariamente, sus asesorados. Aunque ser\u00eda grave que no lo repudien p\u00fablicamente. Pero estos personajes que no s\u00f3lo rondan el entramado pol\u00edtico, sino que son autores y art\u00edfices de mucho de lo que sucede, de mucho de lo que nos sucede. Y evidentemente piensan as\u00ed. Son los consabidos marionetistas de muchos resaltados miembros de la clase pol\u00edtica, los hay y los hubo siempre. Y \u00e9sas son sus ideas, no s\u00f3lo de derecha, eso es quedarse corto: ideas fascistas. Porque Hitler era un tipo espectacular que secuestr\u00f3, tortur\u00f3, esclaviz\u00f3 a millones y asesin\u00f3 con m\u00e9todos que aun nos dan miedo y dolor a otros tantos millones. Porque a Dur\u00e1n Barba parece caerle muy bien un genocida as\u00ed, porque los monjes negros no existen, pero que los hay, los hay.<\/p>\n<p>&nbsp;<\/p>\n<p>&nbsp;<\/p>\n","protected":false},"excerpt":{"rendered":"<p>Que personaje complejo es Jaime Dur\u00e1n Barba. Es una persona inserta en la vida pol\u00edtica de latinoam\u00e9rica desde hace mucho tiempo, con arraigados contactos. Asesora candidatos y gobiernos. Escribe discursos y hasta recomienda afeitarse bigotes para no parecer tan de derecha.<\/p>\n","protected":false},"author":11,"featured_media":0,"comment_status":"open","ping_status":"open","sticky":false,"template":"","format":"standard","meta":{"_jetpack_newsletter_access":"","_jetpack_dont_email_post_to_subs":false,"_jetpack_newsletter_tier_id":0,"_jetpack_memberships_contains_paywalled_content":false,"_jetpack_memberships_contains_paid_content":false,"footnotes":""},"categories":[64],"tags":[],"class_list":["post-35023","post","type-post","status-publish","format-standard","hentry","category-opinion"],"jetpack_featured_media_url":"","jetpack_shortlink":"https:\/\/wp.me\/p2JWE0-96T","jetpack-related-posts":[{"id":78350,"url":"https:\/\/www.24baires.com\/?p=78350","url_meta":{"origin":35023,"position":0},"title":"Dur\u00e1n Barba: Cristina \u00abes de ultraderecha y Macri est\u00e1 a su izquierda\u00bb","author":"AF","date":"31\/01\/2016","format":false,"excerpt":"Jaime Dur\u00e1n Barba, el asesor ecuatoriano del presidente Mauricio Macri, asegur\u00f3 que la ex mandataria \"manipul\u00f3 a los pobres\". El asesor ecuatoriano del presidente Mauricio Macri, Jaime Dur\u00e1n Barba, asegur\u00f3 que la ex presidenta Cristina Fern\u00e1ndez de Kirchner \"es de ultraderecha y manipul\u00f3 a los pobres\", a la vez que\u2026","rel":"","context":"En \u00abPol\u00edtica\u00bb","block_context":{"text":"Pol\u00edtica","link":"https:\/\/www.24baires.com\/?cat=51"},"img":{"alt_text":"duran barba","src":"https:\/\/i0.wp.com\/www.24baires.com\/wp-content\/uploads\/2013\/11\/duran-barba.jpg?resize=350%2C200","width":350,"height":200,"srcset":"https:\/\/i0.wp.com\/www.24baires.com\/wp-content\/uploads\/2013\/11\/duran-barba.jpg?resize=350%2C200 1x, https:\/\/i0.wp.com\/www.24baires.com\/wp-content\/uploads\/2013\/11\/duran-barba.jpg?resize=525%2C300 1.5x"},"classes":[]},{"id":69726,"url":"https:\/\/www.24baires.com\/?p=69726","url_meta":{"origin":35023,"position":1},"title":"Di Tullio, dura con Sturzenegger: \u00abEl PRO es el partido de la mentira\u00bb","author":"AF","date":"29\/07\/2015","format":false,"excerpt":"Legisladores del FpV criticaron las declaraciones del legislador, quien manifest\u00f3 que el asesor Jaime Dur\u00e1n Barba le recomend\u00f3 no decir en p\u00fablico lo que piensa hacer esa fuerza pol\u00edtica si llega al Gobierno. En ese sentido, la presidenta del bloque de diputados del Frente para la Victoria, Juliana di Tullio,\u2026","rel":"","context":"En \u00abPol\u00edtica\u00bb","block_context":{"text":"Pol\u00edtica","link":"https:\/\/www.24baires.com\/?cat=51"},"img":{"alt_text":"Di Tullio","src":"https:\/\/i0.wp.com\/www.24baires.com\/wp-content\/uploads\/2013\/05\/Di-Tullio.jpg?resize=350%2C200","width":350,"height":200,"srcset":"https:\/\/i0.wp.com\/www.24baires.com\/wp-content\/uploads\/2013\/05\/Di-Tullio.jpg?resize=350%2C200 1x, https:\/\/i0.wp.com\/www.24baires.com\/wp-content\/uploads\/2013\/05\/Di-Tullio.jpg?resize=525%2C300 1.5x"},"classes":[]},{"id":69679,"url":"https:\/\/www.24baires.com\/?p=69679","url_meta":{"origin":35023,"position":2},"title":"\u00abCuando seas gobierno hac\u00e9 lo que vos creas, pero no lo digas ahora\u00bb","author":"AF","date":"28\/07\/2015","format":false,"excerpt":"Un video muestra al actual diputado por el PRO, Federico Sturzenegger, contando risue\u00f1amente los consejos que Dur\u00e1n Barba le dio en el marco de un debate. Honestidad brutal e ins\u00f3litas recomendaciones. \u201cTen\u00eda que ir a un debate el a\u00f1o pasado (el video es de 2014) con otras dos personas. Y\u2026","rel":"","context":"En \u00abPol\u00edtica\u00bb","block_context":{"text":"Pol\u00edtica","link":"https:\/\/www.24baires.com\/?cat=51"},"img":{"alt_text":"","src":"","width":0,"height":0},"classes":[]},{"id":64110,"url":"https:\/\/www.24baires.com\/?p=64110","url_meta":{"origin":35023,"position":3},"title":"Dur\u00e1n Barba: \u201cEL PRO es el \u00fanico partido de izquierda\u201d","author":"GB","date":"11\/04\/2015","format":false,"excerpt":"El asesor del macrismo, Jaime Dur\u00e1n Barba, relata que \u201cfue siempre un tipo de izquierda\u201d y cuenta que \u201cFormaba parte de la JP en Mendoza\u201d. Adem\u00e1s afirma que \u201cEl partido m\u00e1s sofisticado intelectualmente de Am\u00e9rica es el PRO\u201d. \u201cToda mi vida tuve mucha relaci\u00f3n con tres pa\u00edses: Ecuador, M\u00e9xico y\u2026","rel":"","context":"En \u00abPol\u00edtica\u00bb","block_context":{"text":"Pol\u00edtica","link":"https:\/\/www.24baires.com\/?cat=51"},"img":{"alt_text":"duran barba","src":"https:\/\/i0.wp.com\/www.24baires.com\/wp-content\/uploads\/2013\/11\/duran-barba.jpg?resize=350%2C200","width":350,"height":200,"srcset":"https:\/\/i0.wp.com\/www.24baires.com\/wp-content\/uploads\/2013\/11\/duran-barba.jpg?resize=350%2C200 1x, https:\/\/i0.wp.com\/www.24baires.com\/wp-content\/uploads\/2013\/11\/duran-barba.jpg?resize=525%2C300 1.5x"},"classes":[]},{"id":105088,"url":"https:\/\/www.24baires.com\/?p=105088","url_meta":{"origin":35023,"position":4},"title":"\u00abEstoy seguro de que Macri va a ganar en primera o en segunda\u00bb","author":"GB","date":"24\/10\/2018","format":false,"excerpt":"As\u00ed lo asegur\u00f3 el consultor ecuatoriano Jaime Dur\u00e1n Barba a la hora de analizar el panorama electoral de cara a las elecciones del 2019. Sostuvo que \"no es dif\u00edcil\" llegar al 40% en primera vuelta \"si se tiene en cuenta lo que pas\u00f3 en 2015 y 2017\" y sino Macri\u2026","rel":"","context":"En \u00abPol\u00edtica\u00bb","block_context":{"text":"Pol\u00edtica","link":"https:\/\/www.24baires.com\/?cat=51"},"img":{"alt_text":"","src":"https:\/\/i0.wp.com\/www.24baires.com\/wp-content\/uploads\/2016\/01\/dur%C3%A1n-barba.jpg?resize=350%2C200","width":350,"height":200,"srcset":"https:\/\/i0.wp.com\/www.24baires.com\/wp-content\/uploads\/2016\/01\/dur%C3%A1n-barba.jpg?resize=350%2C200 1x, https:\/\/i0.wp.com\/www.24baires.com\/wp-content\/uploads\/2016\/01\/dur%C3%A1n-barba.jpg?resize=525%2C300 1.5x"},"classes":[]},{"id":78753,"url":"https:\/\/www.24baires.com\/?p=78753","url_meta":{"origin":35023,"position":5},"title":"El asesor de Macri justific\u00f3 la represi\u00f3n en la 1.11.14: \u00abSon unos mentirosos patol\u00f3gicos\u00bb","author":"GB","date":"10\/02\/2016","format":false,"excerpt":"En una entrevista con el diario espa\u00f1ol El Pa\u00eds, Jaime Dur\u00e1n Barba asegur\u00f3 que Cambiemos \"gan\u00f3 por milagro\" y dijo que el Presidente \"no se toma en serio la pol\u00edtica arcaica\". El principal asesor personal de Mauricio Macri, Jaime Dur\u00e1n Barba, justific\u00f3 la represi\u00f3n en la villa 1-11-14, los despidos\u2026","rel":"","context":"En \u00abPol\u00edtica\u00bb","block_context":{"text":"Pol\u00edtica","link":"https:\/\/www.24baires.com\/?cat=51"},"img":{"alt_text":"duran barba","src":"https:\/\/i0.wp.com\/www.24baires.com\/wp-content\/uploads\/2013\/11\/duran-barba.jpg?resize=350%2C200","width":350,"height":200,"srcset":"https:\/\/i0.wp.com\/www.24baires.com\/wp-content\/uploads\/2013\/11\/duran-barba.jpg?resize=350%2C200 1x, https:\/\/i0.wp.com\/www.24baires.com\/wp-content\/uploads\/2013\/11\/duran-barba.jpg?resize=525%2C300 1.5x"},"classes":[]}],"jetpack_sharing_enabled":true,"jetpack_likes_enabled":true,"_links":{"self":[{"href":"https:\/\/www.24baires.com\/index.php?rest_route=\/wp\/v2\/posts\/35023","targetHints":{"allow":["GET"]}}],"collection":[{"href":"https:\/\/www.24baires.com\/index.php?rest_route=\/wp\/v2\/posts"}],"about":[{"href":"https:\/\/www.24baires.com\/index.php?rest_route=\/wp\/v2\/types\/post"}],"author":[{"embeddable":true,"href":"https:\/\/www.24baires.com\/index.php?rest_route=\/wp\/v2\/users\/11"}],"replies":[{"embeddable":true,"href":"https:\/\/www.24baires.com\/index.php?rest_route=%2Fwp%2Fv2%2Fcomments&post=35023"}],"version-history":[{"count":2,"href":"https:\/\/www.24baires.com\/index.php?rest_route=\/wp\/v2\/posts\/35023\/revisions"}],"predecessor-version":[{"id":35026,"href":"https:\/\/www.24baires.com\/index.php?rest_route=\/wp\/v2\/posts\/35023\/revisions\/35026"}],"wp:attachment":[{"href":"https:\/\/www.24baires.com\/index.php?rest_route=%2Fwp%2Fv2%2Fmedia&parent=35023"}],"wp:term":[{"taxonomy":"category","embeddable":true,"href":"https:\/\/www.24baires.com\/index.php?rest_route=%2Fwp%2Fv2%2Fcategories&post=35023"},{"taxonomy":"post_tag","embeddable":true,"href":"https:\/\/www.24baires.com\/index.php?rest_route=%2Fwp%2Fv2%2Ftags&post=35023"}],"curies":[{"name":"wp","href":"https:\/\/api.w.org\/{rel}","templated":true}]}}