{"id":3493,"date":"2012-10-28T01:30:03","date_gmt":"2012-10-28T04:30:03","guid":{"rendered":"http:\/\/www.24baires.com\/?p=3493"},"modified":"2012-10-28T01:30:03","modified_gmt":"2012-10-28T04:30:03","slug":"a-carlitos-lo-secuestraron-en-plena-funcion-y-el-publico-ni-se-dio-cuenta","status":"publish","type":"post","link":"https:\/\/www.24baires.com\/?p=3493","title":{"rendered":"\u00abA Carlitos lo secuestraron en plena funci\u00f3n y el p\u00fablico ni se dio cuenta\u00bb"},"content":{"rendered":"<p><img data-recalc-dims=\"1\" loading=\"lazy\" decoding=\"async\" class=\"alignleft size-medium wp-image-3494\" title=\"carlitos\" src=\"https:\/\/i0.wp.com\/www.24baires.com\/wp-content\/uploads\/2012\/10\/carlitos.jpg?resize=300%2C300\" alt=\"\" width=\"300\" height=\"300\" srcset=\"https:\/\/i0.wp.com\/www.24baires.com\/wp-content\/uploads\/2012\/10\/carlitos.jpg?resize=300%2C300&amp;ssl=1 300w, https:\/\/i0.wp.com\/www.24baires.com\/wp-content\/uploads\/2012\/10\/carlitos.jpg?resize=150%2C150&amp;ssl=1 150w, https:\/\/i0.wp.com\/www.24baires.com\/wp-content\/uploads\/2012\/10\/carlitos.jpg?w=397&amp;ssl=1 397w\" sizes=\"auto, (max-width: 300px) 100vw, 300px\" \/>Hace cuatro meses el Equipo Argentino de Antropolog\u00eda Forense encontr\u00f3 los restos del actor Carlos Waitz en una fosa com\u00fan. Hab\u00eda sido secuestrado en plena funci\u00f3n en Mar del Plata durante la dictadura. Su colega Jorge Cirelli, recuerda.<!--more--><\/p>\n<p>Jorge Cirelli empieza a contar esta historia, que tambi\u00e9n es suya, no s\u00f3lo porque haya sido testigo de lo ocurrido, sino porque la ha apropiado para s\u00ed, la ha internalizado como parte indeleble de su vida. \u00c9l es tambi\u00e9n esta historia. Nos sentamos a la mesa, llam\u00f3 por tel\u00e9fono pidiendo caf\u00e9 para m\u00ed y un cortado para \u00e9l. Agreg\u00f3 unas medias lunas al pedido, aunque s\u00e9 que dif\u00edcilmente las probemos. Le aclaro que la idea es m\u00e1s una charla que otra cosa, y me doy cuenta de que apenas va a necesitar preguntas, porque \u00e9l s\u00f3lo empieza a hilvanar una narraci\u00f3n que tiene la solvencia y soltura que adquieren los relatos en la voz de quienes ya los han contado muchas veces.<\/p>\n<p>\u2014Carlitos era un militante social-, comienza a contarme Jorge. -No incorporado a las filas de montoneros, nada por el estilo. Carlitos era un buenazo, comprometido con la realidad del momento, m\u00e1s bien un militante social. Estimo que, como todo joven de aquella \u00e9poca, estar\u00eda enrolado en las filas de alg\u00fan peronismo, de juventud peronista, pero m\u00e1s que eso no. Adem\u00e1s ten\u00eda 21 a\u00f1os. Un chico.<\/p>\n<p>Carlos Waitz<\/p>\n<p>Empezamos por el principio, por c\u00f3mo conoci\u00f3 a Carlos Waitz, Carlitos, para \u00e9l, que fue un detenido desaparecido hasta hace poco tiempo, cuando el Equipo Argentino de Antropolog\u00eda Forense identific\u00f3 sus restos en una fosa com\u00fan en Avellaneda y su familia pudo sepultarlo en Mar del Plata. \u201cLo conoc\u00ed ah\u00ed, yo era m\u00e1s grande que \u00e9l, ten\u00eda 29 a\u00f1os. Durante la obra naci\u00f3 mi hijo, justo cuando est\u00e1bamos terminando las presentaciones naci\u00f3 mi hijo, en marzo del \u201977\u201d. Dice Jorge y por un instante su rostro cambia y se dibuja cierta alegr\u00eda.<\/p>\n<p>\u2014\u00c9l particip\u00f3 de ese proyecto que encaraba un grupo que se llam\u00f3 Nuevos Actores Marplatenses, que lo dirig\u00eda Rub\u00e9n Ben\u00edtez. Yo ingres\u00e9 ya empezados los ensayos de Israfel, esta obra de Abelardo Castillo que coincid\u00eda con una reedici\u00f3n de la obra. Y all\u00ed integraba parte del electo Carlos Waitz. La obra se estren\u00f3 en diciembre, despu\u00e9s empez\u00f3 a caminar bien en el mes de enero del \u201977.<\/p>\n<p>Como dato anecd\u00f3tico, Jorge me cuenta que compart\u00edan la sala con China Zorrilla, que ten\u00eda su espect\u00e1culo cuando ellos terminaban. Cuando le consulto qu\u00e9 le pareci\u00f3 China, c\u00f3mo se llevaban con ella, me afirma que la considera \u201cUna excelente compa\u00f1era\u201d. Jorge retoma sin esfuerzo y sin gu\u00eda el hilo de la narraci\u00f3n:<\/p>\n<p>\u2014As\u00ed llegamos al 26 de enero de 1977, en ese momento yo estaba en escena. La obra Israfel trata de Edgar Allan Poe. En escena yo contaba un cuento de Poe, interactuaba un poco con ellos\u2026. -Aqu\u00ed Jorge deja de hablar en pasado y empieza a hablar en presente, como si estuviera otra vez all\u00ed. \u2014Y cuando estoy contando el cuento, veo por uno de los costados, a la derecha de los actores, que ingresa el due\u00f1o del teatro con\u2026 yo no sab\u00eda qui\u00e9nes eran, pero s\u00ed pude identificar, porque era com\u00fan por aquellos a\u00f1os, que era un grupo de tareas (polic\u00eda).<\/p>\n<p>El Tabernero<\/p>\n<p>Me cuenta que los reconoce por c\u00f3mo se manejaban, \u201ces decir, ingresan con esa impunidad absoluta, \u00bfno es cierto?\u201d, \u201cComo los due\u00f1os de todo\u201d, acoto, porque casi puedo verlos yo tambi\u00e9n, a trav\u00e9s de sus palabras.<br \/>\n\u2014\u00a1Exacto!-, exclama. -Con actitud de \u2018due\u00f1os de todo\u2019, de due\u00f1os absolutos de la situaci\u00f3n. Y ah\u00ed, en ese momento\u2026 bueno, en el teatro est\u00e1 esa consigna: \u201cuno no se desconcentra\u201d, uno sigue con la obra, pese a que a m\u00ed me tocaba de cerca porque hab\u00eda sido secuestrado meses antes. Soy un aparecido con suerte\u201d.- Dice Jorge y sonr\u00ede. -Ah\u00ed ingresaron a los camarines y preguntaron por El Tabernero, porque Carlitos hac\u00eda el papel del Tabernero y\u2026 se lo llevaron. Ah\u00ed no m\u00e1s se lo llevaron.<\/p>\n<p>Cuando lo consulto si es que Waitz lleg\u00f3 a actuar esa noche, \u00e9l me cuenta que s\u00ed, que lleg\u00f3 a salir a escena en lo que era el primer acto, que se denominaba \u2018primera taberna\u2019, y cuando estaba para actuar en la \u2018segunda Taberna\u2019, se lo llevaron de los camarines. La obra se termin\u00f3 de presentar, otro compa\u00f1ero supli\u00f3 su lugar. Siguiendo al pie de la letra la costumbre del teatro: la obra debe continuar.<\/p>\n<p>\u2014Yo creo que el p\u00fablico no se dio cuenta. \u2013dije Jorge, repitiendo una suposici\u00f3n que lleva m\u00e1s de tres d\u00e9cadas.- Se dio cuenta mi esposa, que a partir de mi secuestro iba a todas las funciones, estaba alerta. Despu\u00e9s, como pasaba en esas \u00e9pocas, cuando terminamos la obra, tanto nosotros como China, dec\u00edamos qu\u00e9 pas\u00f3, qu\u00e9 es esto, como est\u00e1, d\u00f3nde est\u00e1. Recuerdo que una de las actrices, con otra gente, fue a hacer la denuncia a la comisar\u00eda 1era con toda la inocencia\u2026. De ah\u00ed en m\u00e1s, nunca tuvimos noticias. Lo que s\u00ed supimos es que buscaron a una persona que no encontraron en la casa\u2026 Mir\u00e1 vos como son las cosas \u2013suspira-, y al no encontrarla en la casa, tomaron una agenda de esta chica, -la que no encontraron en el domicilio- y de ah\u00ed sacaron el nombre y direcci\u00f3n de Carlitos Waitz. As\u00ed llegaron a \u00e9l\u2026.<\/p>\n","protected":false},"excerpt":{"rendered":"<p>Hace cuatro meses el Equipo Argentino de Antropolog\u00eda Forense encontr\u00f3 los restos del actor Carlos Waitz en una fosa com\u00fan. Hab\u00eda sido secuestrado en plena funci\u00f3n en Mar del Plata durante la dictadura. Su colega Jorge Cirelli, recuerda.<\/p>\n","protected":false},"author":11,"featured_media":0,"comment_status":"open","ping_status":"open","sticky":false,"template":"","format":"standard","meta":{"_jetpack_newsletter_access":"","_jetpack_dont_email_post_to_subs":false,"_jetpack_newsletter_tier_id":0,"_jetpack_memberships_contains_paywalled_content":false,"_jetpack_memberships_contains_paid_content":false,"footnotes":""},"categories":[53],"tags":[],"class_list":["post-3493","post","type-post","status-publish","format-standard","hentry","category-arte-cultura"],"jetpack_featured_media_url":"","jetpack_shortlink":"https:\/\/wp.me\/p2JWE0-Ul","jetpack-related-posts":[{"id":3766,"url":"https:\/\/www.24baires.com\/?p=3766","url_meta":{"origin":3493,"position":0},"title":"\u00abNo pudieron con nosotros\u00bb","author":"Grupo Sierra","date":"29\/10\/2012","format":false,"excerpt":"\u00a0 (Por Mar\u00eda Jos\u00e9 S\u00e1nchez) Jorge Cirelli tuvo m\u00e1s suerte que Carlos Waitz, actor secuestrado en Mar de Plata en plena funci\u00f3n, por los verdugos de la Dictadura. El tiempo pobl\u00f3 de canas su barba, pero Jorge mantiene intacta la memoria. Yo no s\u00e9 qu\u00e9 tipo de preguntas puede afectarlo\u2026","rel":"","context":"En \u00abArte &amp; Cultura\u00bb","block_context":{"text":"Arte &amp; Cultura","link":"https:\/\/www.24baires.com\/?cat=53"},"img":{"alt_text":"","src":"https:\/\/i0.wp.com\/www.24baires.com\/wp-content\/uploads\/2012\/10\/no-pudieron1.jpg?resize=350%2C200","width":350,"height":200},"classes":[]},{"id":115942,"url":"https:\/\/www.24baires.com\/?p=115942","url_meta":{"origin":3493,"position":1},"title":"El fiscal general de Mar de Plata ir\u00e1 a juicio por cr\u00edmenes de lesa humanidad","author":"AF","date":"13\/08\/2020","format":false,"excerpt":"Fabi\u00e1n Fern\u00e1ndez Garello est\u00e1 acusado de participar del secuestro y torturas de tres militantes comunistas durante la \u00faltima dictadura c\u00edvico-militar. En las \u00faltimas horas, el Juzgado Federal N 2 de San Mart\u00edn elev\u00f3 a juicio la causa en la que est\u00e1n imputados siete ex agentes de la Direcci\u00f3n de Inteligencia\u2026","rel":"","context":"En \u00abSociedad\u00bb","block_context":{"text":"Sociedad","link":"https:\/\/www.24baires.com\/?cat=1"},"img":{"alt_text":"","src":"https:\/\/i0.wp.com\/www.24baires.com\/wp-content\/uploads\/2020\/08\/fern%C3%A1ndez-garello.jpg?resize=350%2C200","width":350,"height":200,"srcset":"https:\/\/i0.wp.com\/www.24baires.com\/wp-content\/uploads\/2020\/08\/fern%C3%A1ndez-garello.jpg?resize=350%2C200 1x, https:\/\/i0.wp.com\/www.24baires.com\/wp-content\/uploads\/2020\/08\/fern%C3%A1ndez-garello.jpg?resize=525%2C300 1.5x"},"classes":[]},{"id":56260,"url":"https:\/\/www.24baires.com\/?p=56260","url_meta":{"origin":3493,"position":2},"title":"Fiscales imputaron a Etchecolatz por el papel que dec\u00eda \u00abJulio L\u00f3pez\u00bb","author":"AF","date":"30\/10\/2014","format":false,"excerpt":"Los fiscales federales de La Plata Hern\u00e1n Schapiro y Juan Mart\u00edn Nogueira imputaron este mi\u00e9rcoles al represor Miguel Osvaldo Etchecolatz por los delitos de \u201cintimidaci\u00f3n p\u00fablica\u201d luego de que el viernes mostrara en la \u00faltima audiencia del juicio a \u201cLa Cacha\u201d un papel que mencionaba el nombre del testigo desaparecido\u2026","rel":"","context":"En \u00abJUDICIALES\u00bb","block_context":{"text":"JUDICIALES","link":"https:\/\/www.24baires.com\/?cat=68"},"img":{"alt_text":"l\u00f3pez etchecolatz","src":"https:\/\/i0.wp.com\/www.24baires.com\/wp-content\/uploads\/2014\/10\/l%C3%B3pez-etchecolatz.jpg?resize=350%2C200","width":350,"height":200,"srcset":"https:\/\/i0.wp.com\/www.24baires.com\/wp-content\/uploads\/2014\/10\/l%C3%B3pez-etchecolatz.jpg?resize=350%2C200 1x, https:\/\/i0.wp.com\/www.24baires.com\/wp-content\/uploads\/2014\/10\/l%C3%B3pez-etchecolatz.jpg?resize=525%2C300 1.5x"},"classes":[]},{"id":105969,"url":"https:\/\/www.24baires.com\/?p=105969","url_meta":{"origin":3493,"position":3},"title":"Se\u00f1alizar\u00e1n las comisar\u00edas de Laferrere y General Madariaga como centros de tortura","author":"AF","date":"17\/12\/2018","format":false,"excerpt":"El acto ser\u00e1 este martes y es impulsado por j\u00f3venes. Se marcar\u00e1n esas dependencias como lugares donde funcionaron centros clandestinos de detenci\u00f3n, tortura y exterminio durante la \u00faltima dictadura c\u00edvico-militar-eclesi\u00e1stica. Este martes se se\u00f1alizar\u00e1n las comisar\u00edas de Laferrere y General Madariaga como lugares donde funcionaron centros clandestinos de detenci\u00f3n durante\u2026","rel":"","context":"En \u00abMemoria\u00bb","block_context":{"text":"Memoria","link":"https:\/\/www.24baires.com\/?cat=50"},"img":{"alt_text":"","src":"https:\/\/i0.wp.com\/www.24baires.com\/wp-content\/uploads\/2018\/12\/comisar%C3%ADas.jpg?resize=350%2C200","width":350,"height":200,"srcset":"https:\/\/i0.wp.com\/www.24baires.com\/wp-content\/uploads\/2018\/12\/comisar%C3%ADas.jpg?resize=350%2C200 1x, https:\/\/i0.wp.com\/www.24baires.com\/wp-content\/uploads\/2018\/12\/comisar%C3%ADas.jpg?resize=525%2C300 1.5x"},"classes":[]},{"id":117657,"url":"https:\/\/www.24baires.com\/?p=117657","url_meta":{"origin":3493,"position":4},"title":"Noche de los l\u00e1pices: declara una sobreviviente","author":"GB","date":"01\/06\/2021","format":false,"excerpt":"Emilce Moler narrar\u00e1 ante el Tribunal Oral Federal 1 de La Plata en la causa contra 17 represores acusados de secuestros, torturas y cr\u00edmenes de lesa humanidad ocurridos durante la \u00faltima dictadura c\u00edvico-militar. Una sobreviviente de \"La Noche de los L\u00e1pices\", junto al nieto recuperado 118, declarar\u00e1n ante el Tribunal\u2026","rel":"","context":"En \u00abLocales\u00bb","block_context":{"text":"Locales","link":"https:\/\/www.24baires.com\/?cat=38"},"img":{"alt_text":"","src":"https:\/\/i0.wp.com\/www.24baires.com\/wp-content\/uploads\/2015\/09\/Victimas-noche-de-los-l%C3%A1pices.jpg?resize=350%2C200","width":350,"height":200,"srcset":"https:\/\/i0.wp.com\/www.24baires.com\/wp-content\/uploads\/2015\/09\/Victimas-noche-de-los-l%C3%A1pices.jpg?resize=350%2C200 1x, https:\/\/i0.wp.com\/www.24baires.com\/wp-content\/uploads\/2015\/09\/Victimas-noche-de-los-l%C3%A1pices.jpg?resize=525%2C300 1.5x"},"classes":[]},{"id":66849,"url":"https:\/\/www.24baires.com\/?p=66849","url_meta":{"origin":3493,"position":5},"title":"Mar del Plata: comenz\u00f3 el juicio contra integrantes de la CNU","author":"AF","date":"01\/06\/2015","format":false,"excerpt":"Este lunes 1 de junio, en el tribunal Oral Federal de Mar del Plata, comenzaron a ser juzgados diez civiles y un militar retirado, todos integrantes de la Concentraci\u00f3n Nacional Universitaria (CNU), por ocho cr\u00edmenes de lesa humanidad cometidos 1975. Los jueces V\u00edctor Bianco, Elvio Osores Soler y Luis Imas\u2026","rel":"","context":"En \u00abJUDICIALES\u00bb","block_context":{"text":"JUDICIALES","link":"https:\/\/www.24baires.com\/?cat=68"},"img":{"alt_text":"cnu","src":"https:\/\/i0.wp.com\/www.24baires.com\/wp-content\/uploads\/2015\/06\/cnu.jpg?resize=350%2C200","width":350,"height":200,"srcset":"https:\/\/i0.wp.com\/www.24baires.com\/wp-content\/uploads\/2015\/06\/cnu.jpg?resize=350%2C200 1x, https:\/\/i0.wp.com\/www.24baires.com\/wp-content\/uploads\/2015\/06\/cnu.jpg?resize=525%2C300 1.5x"},"classes":[]}],"jetpack_sharing_enabled":true,"jetpack_likes_enabled":true,"_links":{"self":[{"href":"https:\/\/www.24baires.com\/index.php?rest_route=\/wp\/v2\/posts\/3493","targetHints":{"allow":["GET"]}}],"collection":[{"href":"https:\/\/www.24baires.com\/index.php?rest_route=\/wp\/v2\/posts"}],"about":[{"href":"https:\/\/www.24baires.com\/index.php?rest_route=\/wp\/v2\/types\/post"}],"author":[{"embeddable":true,"href":"https:\/\/www.24baires.com\/index.php?rest_route=\/wp\/v2\/users\/11"}],"replies":[{"embeddable":true,"href":"https:\/\/www.24baires.com\/index.php?rest_route=%2Fwp%2Fv2%2Fcomments&post=3493"}],"version-history":[{"count":2,"href":"https:\/\/www.24baires.com\/index.php?rest_route=\/wp\/v2\/posts\/3493\/revisions"}],"predecessor-version":[{"id":3496,"href":"https:\/\/www.24baires.com\/index.php?rest_route=\/wp\/v2\/posts\/3493\/revisions\/3496"}],"wp:attachment":[{"href":"https:\/\/www.24baires.com\/index.php?rest_route=%2Fwp%2Fv2%2Fmedia&parent=3493"}],"wp:term":[{"taxonomy":"category","embeddable":true,"href":"https:\/\/www.24baires.com\/index.php?rest_route=%2Fwp%2Fv2%2Fcategories&post=3493"},{"taxonomy":"post_tag","embeddable":true,"href":"https:\/\/www.24baires.com\/index.php?rest_route=%2Fwp%2Fv2%2Ftags&post=3493"}],"curies":[{"name":"wp","href":"https:\/\/api.w.org\/{rel}","templated":true}]}}