{"id":34895,"date":"2013-11-09T17:00:22","date_gmt":"2013-11-09T20:00:22","guid":{"rendered":"http:\/\/www.24baires.com\/?p=34895"},"modified":"2013-11-09T12:52:45","modified_gmt":"2013-11-09T15:52:45","slug":"maru-botana-causo-indignacion-entre-mexicanos-por-falsa-receta-de-tacos","status":"publish","type":"post","link":"https:\/\/www.24baires.com\/?p=34895","title":{"rendered":"Maru Botana caus\u00f3 indignaci\u00f3n entre mexicanos por falsa receta de tacos"},"content":{"rendered":"<p><img data-recalc-dims=\"1\" loading=\"lazy\" decoding=\"async\" class=\"aligncenter size-full wp-image-34896\" alt=\"maru botana\" src=\"https:\/\/i0.wp.com\/www.24baires.com\/wp-content\/uploads\/2013\/11\/maru-botana.jpg?resize=560%2C419\" width=\"560\" height=\"419\" srcset=\"https:\/\/i0.wp.com\/www.24baires.com\/wp-content\/uploads\/2013\/11\/maru-botana.jpg?w=560&amp;ssl=1 560w, https:\/\/i0.wp.com\/www.24baires.com\/wp-content\/uploads\/2013\/11\/maru-botana.jpg?resize=300%2C224&amp;ssl=1 300w\" sizes=\"auto, (max-width: 560px) 100vw, 560px\" \/>La cocinera Maru Botana ha causado una fuerte pol\u00e9mica entre la comunidad mexicana al difundir la grabaci\u00f3n de una receta de tacos que no son tales y que roza lo rid\u00edculo por la manera en que elabora las tortillas.<!--more--><\/p>\n<p>En el video, posteado en la p\u00e1gina oficial (http:\/\/www.marutv.com.ar\/receta\/283711\/tacos) de una de las cocineras m\u00e1s medi\u00e1ticas de este pa\u00eds, Botana prepara como relleno de los tacos una ensalada y luego cocina esas verduras en un wok, lo que ya es extra\u00f1o, porque todo ello proviene m\u00e1s bien de la comida asi\u00e1tica.<\/p>\n<p>La \u201creceta\u201d se pone a\u00fan m\u00e1s dudosa cuando la tambi\u00e9n conductora mezcla la misma cantidad de harina de trigo y de ma\u00edz, pero le a\u00f1ade 10 cucharadas de aceite, ingrediente que jam\u00e1s se utilizar\u00eda en M\u00e9xico al momento de hacer la masa para las tortillas.<\/p>\n<p>Pero lo que m\u00e1s indignaci\u00f3n provoc\u00f3 en los mexicanos que comentaron y difundieron el video en las redes sociales, es que Botana coloca directo en el fuego la maquinita tortillera de metal, lo que evidencia su completa ignorancia sobre su uso.<\/p>\n<p>Dicha maquinita, que es una prensa en la que se hacen las tortillas cuando no se preparan a mano, debe llevar unos pl\u00e1sticos para que la masa no se quede pegada, pero jam\u00e1s va directo en el fuego.<\/p>\n<p>Adem\u00e1s, luego de poner una bolita de masa en la tortillera, la cocinera la estira con un rodillo, lo que convierte la supuesta receta en una parodia total.<\/p>\n<p>El programa \u201cCon X de M\u00e9xico\u201d, que se transmite en Buenos Aires, alert\u00f3 sobre la falta de respeto mostrada por Botana, quien hace a\u00f1os se presenta como cocinera profesional, y tiene hasta programas propios en el Canal Gourmet.<\/p>\n<p>Los comentarios estallaron en la p\u00e1gina de Botana y en las redes sociales, con post como \u201cno me lo creo, qu\u00e9 verg\u00fcenza y qu\u00e9 asco\u201d, \u201cverg\u00fcenza ajena\u201d, \u201cdate una vuelta por mi pa\u00eds y hazte un curso\u201d, adem\u00e1s de burlas y bromas por su manera de preparar los falsos tacos.<\/p>\n<p>Un chef mexicano incluso se ofreci\u00f3 a ense\u00f1arle a Botana la receta verdadera, en tanto que otro la bautiz\u00f3 como \u201cMaru Bin Laden\u201d por cometer \u201cun verdadero acto terrorista\u201d en contra de la cocina mexicana.<\/p>\n<p>La \u00fanica respuesta p\u00fablica que dio la cocinera, sin disculpa de por medio, fue en Twitter, donde agradeci\u00f3 los videos que le enviaron sobre la utilizaci\u00f3n correcta de la maquinita tortillera.<\/p>\n<p>&nbsp;<\/p>\n<p>&nbsp;<\/p>\n<p>&nbsp;<\/p>\n<p>&nbsp;<\/p>\n<p>&nbsp;<\/p>\n<p>&nbsp;<\/p>\n<p>&nbsp;<\/p>\n<p>&nbsp;<\/p>\n<p>&nbsp;<\/p>\n<p>&nbsp;<\/p>\n<p>&nbsp;<\/p>\n<p>&nbsp;<\/p>\n<p>&nbsp;<\/p>\n<p>&nbsp;<\/p>\n<p>&nbsp;<\/p>\n<p>&nbsp;<\/p>\n<p>&nbsp;<\/p>\n<p>&nbsp;<\/p>\n<p>&nbsp;<\/p>\n","protected":false},"excerpt":{"rendered":"<p>La cocinera Maru Botana ha causado una fuerte pol\u00e9mica entre la comunidad mexicana al difundir la grabaci\u00f3n de una receta de tacos que no son tales y que roza lo rid\u00edculo por la manera en que elabora las tortillas.<\/p>\n","protected":false},"author":4,"featured_media":0,"comment_status":"open","ping_status":"open","sticky":false,"template":"","format":"standard","meta":{"_jetpack_newsletter_access":"","_jetpack_dont_email_post_to_subs":false,"_jetpack_newsletter_tier_id":0,"_jetpack_memberships_contains_paywalled_content":false,"_jetpack_memberships_contains_paid_content":false,"footnotes":""},"categories":[52],"tags":[],"class_list":["post-34895","post","type-post","status-publish","format-standard","hentry","category-cocina-vinos"],"jetpack_featured_media_url":"","jetpack_shortlink":"https:\/\/wp.me\/p2JWE0-94P","jetpack-related-posts":[{"id":59718,"url":"https:\/\/www.24baires.com\/?p=59718","url_meta":{"origin":34895,"position":0},"title":"El presidente de Corea del Norte se fractur\u00f3 los tobillos por usar tacos altos","author":"GB","date":"07\/01\/2015","format":false,"excerpt":"Kim Jong-un, el presidente de Corea del Norte, hac\u00eda tiempo que no aparec\u00eda en p\u00fablico, y ahora se sabe por qu\u00e9: sufre del complejo del petizo. En efecto, el inefable l\u00edder norcoreano tuvo que ser operado recientemente tras quebrarse los tobillos por usar tacos para parecer m\u00e1s alto, seg\u00fan inform\u00f3\u2026","rel":"","context":"En \u00abGeneral\u00bb","block_context":{"text":"General","link":"https:\/\/www.24baires.com\/?cat=67"},"img":{"alt_text":"presidente corea norte","src":"https:\/\/i0.wp.com\/www.24baires.com\/wp-content\/uploads\/2015\/01\/presidente-corea-norte.jpg?resize=350%2C200","width":350,"height":200,"srcset":"https:\/\/i0.wp.com\/www.24baires.com\/wp-content\/uploads\/2015\/01\/presidente-corea-norte.jpg?resize=350%2C200 1x, https:\/\/i0.wp.com\/www.24baires.com\/wp-content\/uploads\/2015\/01\/presidente-corea-norte.jpg?resize=525%2C300 1.5x"},"classes":[]},{"id":51851,"url":"https:\/\/www.24baires.com\/?p=51851","url_meta":{"origin":34895,"position":1},"title":"\u00bfNo sab\u00e9s qu\u00e9 cocinar? Te recomendamos cinco aplicaciones","author":"Grupo Sierra","date":"14\/08\/2014","format":false,"excerpt":"Se trata de las mejores herramientas que van a darte una mano para resolver tus almuerzos y cenas de una manera r\u00e1pida y sin perder el gusto por la comida. MyFitnessPal tiene una base de datos gigante que permite contabilizar casi cualquier plato o ingrediente, que se puede conseguir haciendo\u2026","rel":"","context":"En \u00abCocina &amp; Vinos\u00bb","block_context":{"text":"Cocina &amp; Vinos","link":"https:\/\/www.24baires.com\/?cat=52"},"img":{"alt_text":"comida celular aplicaci\u00f3n","src":"https:\/\/i0.wp.com\/www.24baires.com\/wp-content\/uploads\/2014\/08\/comida-celular-aplicaci%C3%B3n.jpg?resize=350%2C200","width":350,"height":200,"srcset":"https:\/\/i0.wp.com\/www.24baires.com\/wp-content\/uploads\/2014\/08\/comida-celular-aplicaci%C3%B3n.jpg?resize=350%2C200 1x, https:\/\/i0.wp.com\/www.24baires.com\/wp-content\/uploads\/2014\/08\/comida-celular-aplicaci%C3%B3n.jpg?resize=525%2C300 1.5x"},"classes":[]},{"id":119300,"url":"https:\/\/www.24baires.com\/?p=119300","url_meta":{"origin":34895,"position":2},"title":"Vuelve el tren de cargas que une Argentina con Paraguay","author":"AF","date":"06\/09\/2022","format":false,"excerpt":"El regreso del servicio entre Misiones y Encarnaci\u00f3n permitir\u00e1 incrementar el intercambio comercial entre ambos pa\u00edses, y les brindar\u00e1 a los paraguayos una salida directa hacia los grandes puertos de embarque para el traslado de su producci\u00f3n. El servicio de tren de carga internacional entre la Argentina y Paraguay de\u2026","rel":"","context":"En \u00abSociedad\u00bb","block_context":{"text":"Sociedad","link":"https:\/\/www.24baires.com\/?cat=1"},"img":{"alt_text":"","src":"https:\/\/i0.wp.com\/www.24baires.com\/wp-content\/uploads\/2022\/09\/tren.jpg?resize=350%2C200","width":350,"height":200,"srcset":"https:\/\/i0.wp.com\/www.24baires.com\/wp-content\/uploads\/2022\/09\/tren.jpg?resize=350%2C200 1x, https:\/\/i0.wp.com\/www.24baires.com\/wp-content\/uploads\/2022\/09\/tren.jpg?resize=525%2C300 1.5x, https:\/\/i0.wp.com\/www.24baires.com\/wp-content\/uploads\/2022\/09\/tren.jpg?resize=700%2C400 2x"},"classes":[]},{"id":104697,"url":"https:\/\/www.24baires.com\/?p=104697","url_meta":{"origin":34895,"position":3},"title":"Tic, tac, tic, tac&#8230;","author":"AF","date":"28\/09\/2018","format":false,"excerpt":"Pidi\u00f3 que no lo volvamos loco porque nos puede hacer mucho da\u00f1o. Debemos haberlo trastornado bastante estos casi tres a\u00f1os de mandato, porque, por ejemplo, en la ciudad donde vivo se duplic\u00f3 la indigencia. No estamos hablando de pobreza, sino de un nivel mucho m\u00e1s bajo. Hablamos de las profundidades\u2026","rel":"","context":"En \u00abOpini\u00f3n\u00bb","block_context":{"text":"Opini\u00f3n","link":"https:\/\/www.24baires.com\/?cat=64"},"img":{"alt_text":"","src":"https:\/\/i0.wp.com\/www.24baires.com\/wp-content\/uploads\/2018\/09\/macri.jpg?resize=350%2C200","width":350,"height":200,"srcset":"https:\/\/i0.wp.com\/www.24baires.com\/wp-content\/uploads\/2018\/09\/macri.jpg?resize=350%2C200 1x, https:\/\/i0.wp.com\/www.24baires.com\/wp-content\/uploads\/2018\/09\/macri.jpg?resize=525%2C300 1.5x"},"classes":[]},{"id":55920,"url":"https:\/\/www.24baires.com\/?p=55920","url_meta":{"origin":34895,"position":4},"title":"Gritar fuerte por Luciano","author":"Grupo Sierra","date":"23\/10\/2014","format":false,"excerpt":"\u00bfDe qu\u00e9 hablamos m\u00e1s en estos d\u00edas? Pensemos juntos. Hagamos un peque\u00f1o recuento de las cosas \u2018importantes\u2019 que sucedieron en la \u00faltima semana. Y cuando escribo el t\u00e9rmino \u2018importantes\u2019, lo entrecomillo porque eso es absolutamente subjetivo, como ustedes ya sabr\u00e1n y como ya veremos aqu\u00ed. Quiz\u00e1 la declaraci\u00f3n de \u201cPersonalidad\u2026","rel":"","context":"En \u00abOpini\u00f3n\u00bb","block_context":{"text":"Opini\u00f3n","link":"https:\/\/www.24baires.com\/?cat=64"},"img":{"alt_text":"luciano-arruga-foto","src":"https:\/\/i0.wp.com\/www.24baires.com\/wp-content\/uploads\/2014\/10\/luciano-arruga-foto.jpg?resize=350%2C200","width":350,"height":200,"srcset":"https:\/\/i0.wp.com\/www.24baires.com\/wp-content\/uploads\/2014\/10\/luciano-arruga-foto.jpg?resize=350%2C200 1x, https:\/\/i0.wp.com\/www.24baires.com\/wp-content\/uploads\/2014\/10\/luciano-arruga-foto.jpg?resize=525%2C300 1.5x"},"classes":[]},{"id":55183,"url":"https:\/\/www.24baires.com\/?p=55183","url_meta":{"origin":34895,"position":5},"title":"El representante argentino en el Mundial de Cocina busca \u00abmostrar la identidad del pa\u00eds","author":"GB","date":"10\/10\/2014","format":false,"excerpt":"El cocinero de San Carlos de Bariloche Emiliano Schobert ocupar\u00e1 uno de las tres cupos de Am\u00e9rica Latina en el certamen gastron\u00f3mico Mundial Bocuse D\u2019Or, de Lyon, Francia, una legendaria prueba. En el marco de una disertaci\u00f3n en la semana de la gastronom\u00eda Bariloche a la Carta, Schobert dijo que\u2026","rel":"","context":"En \u00abCocina &amp; Vinos\u00bb","block_context":{"text":"Cocina &amp; Vinos","link":"https:\/\/www.24baires.com\/?cat=52"},"img":{"alt_text":"cocinero mundial","src":"https:\/\/i0.wp.com\/www.24baires.com\/wp-content\/uploads\/2014\/10\/cocinero-mundial.jpg?resize=350%2C200","width":350,"height":200,"srcset":"https:\/\/i0.wp.com\/www.24baires.com\/wp-content\/uploads\/2014\/10\/cocinero-mundial.jpg?resize=350%2C200 1x, https:\/\/i0.wp.com\/www.24baires.com\/wp-content\/uploads\/2014\/10\/cocinero-mundial.jpg?resize=525%2C300 1.5x"},"classes":[]}],"jetpack_sharing_enabled":true,"jetpack_likes_enabled":true,"_links":{"self":[{"href":"https:\/\/www.24baires.com\/index.php?rest_route=\/wp\/v2\/posts\/34895","targetHints":{"allow":["GET"]}}],"collection":[{"href":"https:\/\/www.24baires.com\/index.php?rest_route=\/wp\/v2\/posts"}],"about":[{"href":"https:\/\/www.24baires.com\/index.php?rest_route=\/wp\/v2\/types\/post"}],"author":[{"embeddable":true,"href":"https:\/\/www.24baires.com\/index.php?rest_route=\/wp\/v2\/users\/4"}],"replies":[{"embeddable":true,"href":"https:\/\/www.24baires.com\/index.php?rest_route=%2Fwp%2Fv2%2Fcomments&post=34895"}],"version-history":[{"count":1,"href":"https:\/\/www.24baires.com\/index.php?rest_route=\/wp\/v2\/posts\/34895\/revisions"}],"predecessor-version":[{"id":34897,"href":"https:\/\/www.24baires.com\/index.php?rest_route=\/wp\/v2\/posts\/34895\/revisions\/34897"}],"wp:attachment":[{"href":"https:\/\/www.24baires.com\/index.php?rest_route=%2Fwp%2Fv2%2Fmedia&parent=34895"}],"wp:term":[{"taxonomy":"category","embeddable":true,"href":"https:\/\/www.24baires.com\/index.php?rest_route=%2Fwp%2Fv2%2Fcategories&post=34895"},{"taxonomy":"post_tag","embeddable":true,"href":"https:\/\/www.24baires.com\/index.php?rest_route=%2Fwp%2Fv2%2Ftags&post=34895"}],"curies":[{"name":"wp","href":"https:\/\/api.w.org\/{rel}","templated":true}]}}