{"id":3482,"date":"2012-10-27T22:13:21","date_gmt":"2012-10-28T01:13:21","guid":{"rendered":"http:\/\/www.24baires.com\/?p=3482"},"modified":"2012-10-27T22:55:38","modified_gmt":"2012-10-28T01:55:38","slug":"martello-asumio-la-presidencia-de-la-coalicion-civica-ari","status":"publish","type":"post","link":"https:\/\/www.24baires.com\/?p=3482","title":{"rendered":"Martello asumi\u00f3 la presidencia de la Coalici\u00f3n C\u00edvica-ARI"},"content":{"rendered":"<p><img data-recalc-dims=\"1\" loading=\"lazy\" decoding=\"async\" class=\"alignleft size-medium wp-image-3489\" title=\"martello cc\" src=\"https:\/\/i0.wp.com\/www.24baires.com\/wp-content\/uploads\/2012\/10\/martello-cc.jpg?resize=300%2C227\" alt=\"\" width=\"300\" height=\"227\" srcset=\"https:\/\/i0.wp.com\/www.24baires.com\/wp-content\/uploads\/2012\/10\/martello-cc.jpg?resize=300%2C227&amp;ssl=1 300w, https:\/\/i0.wp.com\/www.24baires.com\/wp-content\/uploads\/2012\/10\/martello-cc.jpg?w=524&amp;ssl=1 524w\" sizes=\"auto, (max-width: 300px) 100vw, 300px\" \/>En el marco de una jornada que congreg\u00f3 a militantes, dirigentes, afiliados y referentes del Gen, FAP, UCR, Proyecto Sur y Libres del Sur, la nueva conducci\u00f3n de la Coalici\u00f3n C\u00edvica- ARI de la provincia de Buenos Aires destac\u00f3 la necesidad de recuperar sentidos, propiciar di\u00e1logos con expresiones pol\u00edticas afines y desarrollar acciones de respaldo a las iniciativas distritales.<!--more--><\/p>\n<p>La CC-ARI realiz\u00f3 este s\u00e1bado, bajo el lema \u201cUn nuevo tiempo, las mismas convicciones\u201d un Encuentro Provincial en el Rectorado de la Universidad Nacional de La Plata, que culmin\u00f3 con un acto de asunci\u00f3n de la nueva conducci\u00f3n bonaerense en el Club Claridad de dicha ciudad. La presidencia qued\u00f3 a cargo de Walter Martello, actualmente jefe del bloque de diputados en la C\u00e1mara baja provincial.<\/p>\n<p>La jornada se desarroll\u00f3 con la presencia de representantes de aproximadamente 100 distritos, legisladores provinciales, legisladores nacionales por la Provincia y la mayor\u00eda de los concejales. Adem\u00e1s, cont\u00f3 con alocuciones especiales del secretario General de la CC-ARI, Pablo Javkin y del diputado nacional Horacio Piemonte.<\/p>\n<p>Cabe resaltar que tambi\u00e9n asistieron los referentes de las principales fuerzas afines Margarita Stolbizer (Gen-FAP), V\u00edctor De Gennaro (UP-FAP), Mario Cafiero (Proyecto Sur), Alejandro Armend\u00e1riz (UCR) y Jorge Ceballos (Libres del Sur-FAP), quienes compartieron sus visiones sobre las pol\u00edticas gubernamentales de Cristina Fern\u00e1ndez de Kirchner y Daniel Scioli, poniendo \u00e9nfasis en la necesidad de construir una alternativa en com\u00fan.<\/p>\n<p>Durante la celebraci\u00f3n, el presidente electo Walter Martello expres\u00f3 que \u201cvivimos una oportunidad de cambio y por ello es preciso poder dar un salto cualitativo, aprendiendo de nuestros errores, recuperando y referenciando lo que vinimos a traer a la pol\u00edtica argentina y bonaerense en estos m\u00e1s de 10 a\u00f1os de historia\u201d.<\/p>\n<p>En su discurso Martello sostuvo que \u201ccomenzamos un tiempo en el que -como dice la canci\u00f3n de Le\u00f3n Gieco, Por favor perd\u00f3n y gracias-, sean tres las palabras m\u00e1gicas obligatorias hacia los Militantes, que deben primar sobre la soberbia de creernos los \u00fanicos due\u00f1os de la verdad, donde la disculpa no sea una debilidad y el agradecimiento sea una constante\u201d.<\/p>\n<p>\u201cInauguramos una conducci\u00f3n provincial del lado de nuestros militantes, apoyando y siendo solidarios con sus esfuerzos, porque tenemos muy en claro que no hay espacio en el escenario nacional sino fortalecemos el trabajo diario, que es el \u00fanico camino de legitimidad social y pol\u00edtica perecedera\u201d, agreg\u00f3.<\/p>\n<p>Martello subray\u00f3 que \u201cvamos por un partido donde nuestras propuestas se discutan desde la humildad, no desde la altaner\u00eda de andar repitiendo que hemos le\u00eddo a todos los autores cl\u00e1sicos. Queremos un partido donde cada d\u00eda pensemos que enamorar a otra persona vale m\u00e1s que someterla, que se conduce desde ah\u00ed, desde el querer al otro como es, no como yo quiero que sea, ya que querer nunca es acatar\u201d.<\/p>\n<p>\u201cPlurales, diversos, abiertos, pero sin bajar las banderas que nosotros mismos militamos, sin empe\u00f1ar nuestras convicciones, porque con ellas nacimos, no en la pol\u00edtica, sino en la vida, y sin abandonar la lucha porque no nos permitimos esa jactancia\u201d, reflexion\u00f3.<\/p>\n<p>Tras el encuentro, la CC-ARI bonaerense manifest\u00f3 en una declaraci\u00f3n: \u201cCuestionamos el aislamiento que ven\u00eda asumiendo gran parte del partido, sustentado en que todos eran malos y\/o d\u00e9biles excepto nosotros. En este nuevo camino que estamos recorriendo, propiciamos di\u00e1logos con expresiones pol\u00edticas afines. Esto no significa insistir en unir a quienes s\u00f3lo tienen en com\u00fan ser opositores. De optar por ese camino s\u00f3lo lograremos dejar al pa\u00eds sin una verdadera alternativa superadora de la dicotom\u00eda K versus anti K\u201d.<\/p>\n","protected":false},"excerpt":{"rendered":"<p>En el marco de una jornada que congreg\u00f3 a militantes, dirigentes, afiliados y referentes del Gen, FAP, UCR, Proyecto Sur y Libres del Sur, la nueva conducci\u00f3n de la Coalici\u00f3n C\u00edvica- ARI de la provincia de Buenos Aires destac\u00f3 la necesidad de recuperar sentidos, propiciar di\u00e1logos con expresiones pol\u00edticas afines y desarrollar acciones de respaldo a las iniciativas distritales.<\/p>\n","protected":false},"author":4,"featured_media":0,"comment_status":"open","ping_status":"open","sticky":false,"template":"","format":"standard","meta":{"_jetpack_newsletter_access":"","_jetpack_dont_email_post_to_subs":false,"_jetpack_newsletter_tier_id":0,"_jetpack_memberships_contains_paywalled_content":false,"_jetpack_memberships_contains_paid_content":false,"footnotes":""},"categories":[51],"tags":[],"class_list":["post-3482","post","type-post","status-publish","format-standard","hentry","category-politica"],"jetpack_featured_media_url":"","jetpack_shortlink":"https:\/\/wp.me\/p2JWE0-Ua","jetpack-related-posts":[{"id":26631,"url":"https:\/\/www.24baires.com\/?p=26631","url_meta":{"origin":3482,"position":0},"title":"Se va sin que lo echen: Adri\u00e1n P\u00e9rez renunci\u00f3 a la Coalici\u00f3n C\u00edvica","author":"Grupo Sierra","date":"22\/06\/2013","format":false,"excerpt":"El ex diputado Adri\u00e1n P\u00e9rez renunci\u00f3 este s\u00e1bado a la Coalici\u00f3n C\u00edvica (CC-ARI), que hab\u00eda pedido su expulsi\u00f3n por haberse incorporado al Frente Renovador que lidera el intendente de Tigre, Sergio Massa. Voceros de P\u00e9rez reconocieron que el ex diputado acept\u00f3 ocupar el s\u00e9ptimo lugar en la lista de Massa,\u2026","rel":"","context":"En \u00abPol\u00edtica\u00bb","block_context":{"text":"Pol\u00edtica","link":"https:\/\/www.24baires.com\/?cat=51"},"img":{"alt_text":"","src":"","width":0,"height":0},"classes":[]},{"id":6047,"url":"https:\/\/www.24baires.com\/?p=6047","url_meta":{"origin":3482,"position":1},"title":"\u201cNos cuesta mucho saber cuando Lilita dice la verdad\u201d lanzan desde la CC-ARI bonaerense","author":"Grupo Sierra","date":"19\/11\/2012","format":false,"excerpt":"El diputado Walter Martello, presidente de la CC-ARI bonaerense, que representa al sector mayoritario de la provincia de Buenos Aires que no particip\u00f3 del c\u00f3nclave para renovar autoridades partidarias a nivel nacional en un comunicado asegur\u00f3 que \u201cCarri\u00f3 va a contramano del rumbo que venimos tomando para ser una fuerza\u2026","rel":"","context":"En \u00abPol\u00edtica\u00bb","block_context":{"text":"Pol\u00edtica","link":"https:\/\/www.24baires.com\/?cat=51"},"img":{"alt_text":"","src":"https:\/\/i0.wp.com\/www.24baires.com\/wp-content\/uploads\/2012\/11\/martello-acto.jpg?resize=350%2C200","width":350,"height":200,"srcset":"https:\/\/i0.wp.com\/www.24baires.com\/wp-content\/uploads\/2012\/11\/martello-acto.jpg?resize=350%2C200 1x, https:\/\/i0.wp.com\/www.24baires.com\/wp-content\/uploads\/2012\/11\/martello-acto.jpg?resize=525%2C300 1.5x"},"classes":[]},{"id":17841,"url":"https:\/\/www.24baires.com\/?p=17841","url_meta":{"origin":3482,"position":2},"title":"Proponen la creaci\u00f3n de una &#8216;Polic\u00eda Deportiva&#8217;","author":"AF","date":"08\/03\/2013","format":false,"excerpt":"Por medio de un proyecto de ley, el diputado provincial Walter Martello impulsa la conformaci\u00f3n de un cuerpo espec\u00edfico de seguridad \u201cdestinado al control de espect\u00e1culos deportivos exclusivamente, tanto amateur como profesional, con operatividad propia, que tendr\u00e1 por objeto el desarrollo de las medidas de prevenci\u00f3n y control\u201d. Tras los\u2026","rel":"","context":"En \u00abProvincia\u00bb","block_context":{"text":"Provincia","link":"https:\/\/www.24baires.com\/?cat=40"},"img":{"alt_text":"Martello-Walter","src":"https:\/\/i0.wp.com\/www.24baires.com\/wp-content\/uploads\/2012\/11\/Martello-Walter-300x221.jpg?resize=350%2C200","width":350,"height":200},"classes":[]},{"id":31034,"url":"https:\/\/www.24baires.com\/?p=31034","url_meta":{"origin":3482,"position":3},"title":"Solicitan que renuncie todo el directorio de IOMA","author":"AF","date":"30\/08\/2013","format":false,"excerpt":"El presidente del bloque de diputados provinciales de la Coalici\u00f3n C\u00edvica-ARI, Walter Martello, reclam\u00f3 la renuncia del presidente del IOMA, Antonio La Scaleia, y del resto de los integrantes del directorio de la obra social, a ra\u00edz del esc\u00e1ndalo por el irregular suministro de medicamentos oncol\u00f3gicos que deriv\u00f3 en la\u2026","rel":"","context":"En \u00abProvincia\u00bb","block_context":{"text":"Provincia","link":"https:\/\/www.24baires.com\/?cat=40"},"img":{"alt_text":"","src":"","width":0,"height":0},"classes":[]},{"id":15467,"url":"https:\/\/www.24baires.com\/?p=15467","url_meta":{"origin":3482,"position":4},"title":"Reclaman que el ministro de Desarrollo Social provincial d\u00e9 explicaciones en la Legislatura","author":"Grupo Sierra","date":"12\/02\/2013","format":false,"excerpt":"As\u00ed lo solicit\u00f3 el diputado Walter Martello (Coalici\u00f3n C\u00edvica-ARI) por los recortes al Plan M\u00e1s Vida. \u00a0Afirm\u00f3 que la empresa Covelia, que prestaba el servicio, cobr\u00f3 m\u00e1s de $136 millones en 2012 cuando la entrega de leche presentaba groseras falencias. A ra\u00edz de la suspensi\u00f3n en la entrega de la\u2026","rel":"","context":"En \u00abProvincia\u00bb","block_context":{"text":"Provincia","link":"https:\/\/www.24baires.com\/?cat=40"},"img":{"alt_text":"","src":"","width":0,"height":0},"classes":[]},{"id":8975,"url":"https:\/\/www.24baires.com\/?p=8975","url_meta":{"origin":3482,"position":5},"title":"La oposici\u00f3n sale a cuestionar el acto de Scioli en el Estadio \u00danico","author":"Grupo Sierra","date":"13\/12\/2012","format":false,"excerpt":"El diputado provincial Oscar Negrelli (CC-ARI) critic\u00f3 al Gobernador Daniel Scioli por \u201cgastar en un megaevento cuando la provincia tiene problemas financieros\u201d y asegura que el mandatario provincial \u201ctiene un alto perfil medi\u00e1tico\u201d y el titular del bloque, Walter Martello advierte que elevar\u00e1 un pedido de informes sobre los gastos\u2026","rel":"","context":"En \u00abPol\u00edtica\u00bb","block_context":{"text":"Pol\u00edtica","link":"https:\/\/www.24baires.com\/?cat=51"},"img":{"alt_text":"","src":"","width":0,"height":0},"classes":[]}],"jetpack_sharing_enabled":true,"jetpack_likes_enabled":true,"_links":{"self":[{"href":"https:\/\/www.24baires.com\/index.php?rest_route=\/wp\/v2\/posts\/3482","targetHints":{"allow":["GET"]}}],"collection":[{"href":"https:\/\/www.24baires.com\/index.php?rest_route=\/wp\/v2\/posts"}],"about":[{"href":"https:\/\/www.24baires.com\/index.php?rest_route=\/wp\/v2\/types\/post"}],"author":[{"embeddable":true,"href":"https:\/\/www.24baires.com\/index.php?rest_route=\/wp\/v2\/users\/4"}],"replies":[{"embeddable":true,"href":"https:\/\/www.24baires.com\/index.php?rest_route=%2Fwp%2Fv2%2Fcomments&post=3482"}],"version-history":[{"count":3,"href":"https:\/\/www.24baires.com\/index.php?rest_route=\/wp\/v2\/posts\/3482\/revisions"}],"predecessor-version":[{"id":3490,"href":"https:\/\/www.24baires.com\/index.php?rest_route=\/wp\/v2\/posts\/3482\/revisions\/3490"}],"wp:attachment":[{"href":"https:\/\/www.24baires.com\/index.php?rest_route=%2Fwp%2Fv2%2Fmedia&parent=3482"}],"wp:term":[{"taxonomy":"category","embeddable":true,"href":"https:\/\/www.24baires.com\/index.php?rest_route=%2Fwp%2Fv2%2Fcategories&post=3482"},{"taxonomy":"post_tag","embeddable":true,"href":"https:\/\/www.24baires.com\/index.php?rest_route=%2Fwp%2Fv2%2Ftags&post=3482"}],"curies":[{"name":"wp","href":"https:\/\/api.w.org\/{rel}","templated":true}]}}