{"id":3478,"date":"2012-10-27T12:10:17","date_gmt":"2012-10-27T15:10:17","guid":{"rendered":"http:\/\/www.24baires.com\/?p=3478"},"modified":"2012-10-27T22:57:05","modified_gmt":"2012-10-28T01:57:05","slug":"olavarria-comienza-a-palpitar-los-festejos-por-su-145o-aniversario","status":"publish","type":"post","link":"https:\/\/www.24baires.com\/?p=3478","title":{"rendered":"Olavarr\u00eda comienza a palpitar los festejos por su 145\u00ba aniversario"},"content":{"rendered":"<p><img data-recalc-dims=\"1\" loading=\"lazy\" decoding=\"async\" class=\"alignleft size-medium wp-image-3479\" title=\"aniversario olavarr\u00eda\" src=\"https:\/\/i0.wp.com\/www.24baires.com\/wp-content\/uploads\/2012\/10\/aniversario-olavarr%C3%ADa.png?resize=300%2C156\" alt=\"\" width=\"300\" height=\"156\" srcset=\"https:\/\/i0.wp.com\/www.24baires.com\/wp-content\/uploads\/2012\/10\/aniversario-olavarr%C3%ADa.png?resize=300%2C156&amp;ssl=1 300w, https:\/\/i0.wp.com\/www.24baires.com\/wp-content\/uploads\/2012\/10\/aniversario-olavarr%C3%ADa.png?w=545&amp;ssl=1 545w\" sizes=\"auto, (max-width: 300px) 100vw, 300px\" \/>El Municipio de Olavarr\u00eda anunci\u00f3 oficialmente este s\u00e1bado la realizaci\u00f3n de la Fiesta 145\u00ba Aniversario de Olavarr\u00eda el pr\u00f3ximo 25 de noviembre. La quinta edici\u00f3n del evento, en Parque Eseverri, tendr\u00e1 a dos bandas nacionales, la presencia del grupo de percusi\u00f3n La Bomba de Tiempo junto a Carolina Peleritti y artistas locales.\u00a0<!--more--><\/p>\n<p>El 25 de noviembre, Olavarr\u00eda cumplir\u00e1 145 a\u00f1os de su fundaci\u00f3n y el Gobierno municipal, tal su anuncio oficial de este s\u00e1bado, ya comenz\u00f3 a preparar para ese d\u00eda la quinta edici\u00f3n de la Fiesta Aniversario, que este a\u00f1o tendr\u00e1 la participaci\u00f3n de artistas locales, La Bomba de Tiempo junto a Carolina Peleritti, y como m\u00e1ximas atracciones los shows de las bandas Estelares y Los Cafres.<\/p>\n<p>Esta fiesta, que fue creciendo a\u00f1o a a\u00f1o, se ha convertido en una de las m\u00e1s convocantes de la regi\u00f3n, donde se ponen en \u00e9nfasis las pr\u00e1cticas art\u00edsticas, participativas y deportivas que se van desarrollando en las distintas \u00e1reas del gobierno en la Ciudad y las localidades.<\/p>\n<p>El encuentro, ser\u00e1 a partir de las 10 del domingo 25 de noviembre en el Parque Helios Eseverri y contar\u00e1 con diferentes propuestas para todas las edades.<\/p>\n","protected":false},"excerpt":{"rendered":"<p>El Municipio de Olavarr\u00eda anunci\u00f3 oficialmente este s\u00e1bado la realizaci\u00f3n de la Fiesta 145\u00ba Aniversario de Olavarr\u00eda el pr\u00f3ximo 25 de noviembre. La quinta edici\u00f3n del evento, en Parque Eseverri, tendr\u00e1 a dos bandas nacionales, la presencia del grupo de percusi\u00f3n La Bomba de Tiempo junto a Carolina Peleritti y artistas locales.\u00a0<\/p>\n","protected":false},"author":4,"featured_media":0,"comment_status":"open","ping_status":"open","sticky":false,"template":"","format":"standard","meta":{"_jetpack_newsletter_access":"","_jetpack_dont_email_post_to_subs":false,"_jetpack_newsletter_tier_id":0,"_jetpack_memberships_contains_paywalled_content":false,"_jetpack_memberships_contains_paid_content":false,"footnotes":""},"categories":[38],"tags":[],"class_list":["post-3478","post","type-post","status-publish","format-standard","hentry","category-locales"],"jetpack_featured_media_url":"","jetpack_shortlink":"https:\/\/wp.me\/p2JWE0-U6","jetpack-related-posts":[{"id":6480,"url":"https:\/\/www.24baires.com\/?p=6480","url_meta":{"origin":3478,"position":0},"title":"Comenzaron los preparativos para los festejos de los 145 a\u00f1os de Olavarr\u00eda","author":"AF","date":"23\/11\/2012","format":false,"excerpt":"La quinta edici\u00f3n del evento, por los 145 a\u00f1os de Olavarr\u00eda, se desarrollar\u00e1 este domingo dentro del Parque Helios Eseverri, donde ya se est\u00e1 instalando la infraestructura requerida para los espect\u00e1culos que llegar\u00e1n a la Ciudad. Todos los detalles y la programaci\u00f3n. Este domingo ser\u00e1 la 5\u00aa Fiesta Aniversario de\u2026","rel":"","context":"En \u00abLocales\u00bb","block_context":{"text":"Locales","link":"https:\/\/www.24baires.com\/?cat=38"},"img":{"alt_text":"","src":"https:\/\/i0.wp.com\/www.24baires.com\/wp-content\/uploads\/2012\/11\/olavarr%C3%ADa-145%C2%BA.jpg?resize=350%2C200","width":350,"height":200,"srcset":"https:\/\/i0.wp.com\/www.24baires.com\/wp-content\/uploads\/2012\/11\/olavarr%C3%ADa-145%C2%BA.jpg?resize=350%2C200 1x, https:\/\/i0.wp.com\/www.24baires.com\/wp-content\/uploads\/2012\/11\/olavarr%C3%ADa-145%C2%BA.jpg?resize=525%2C300 1.5x"},"classes":[]},{"id":6827,"url":"https:\/\/www.24baires.com\/?p=6827","url_meta":{"origin":3478,"position":1},"title":"Olavarr\u00eda festej\u00f3 su 145\u00ba aniversario","author":"AF","date":"26\/11\/2012","format":false,"excerpt":"Unas 65 mil personas se congregaron en el Parque Eseverri para vivir la Fiesta por los 145 a\u00f1os de la ciudad de Olavarr\u00eda. Estelares y Los Cafres fueron los espect\u00e1culos musicales centrales junto a la Bomba de Tiempo y Carolina Peleritti. Antes se presentaron \u201cLos Marshalls\u201d, Claudio Gonz\u00e1lez y Mami\u2026","rel":"","context":"En \u00abLocales\u00bb","block_context":{"text":"Locales","link":"https:\/\/www.24baires.com\/?cat=38"},"img":{"alt_text":"","src":"https:\/\/i0.wp.com\/www.24baires.com\/wp-content\/uploads\/2012\/11\/cafres-145-olavarr%C3%ADa-300x196.png?resize=350%2C200","width":350,"height":200},"classes":[]},{"id":7558,"url":"https:\/\/www.24baires.com\/?p=7558","url_meta":{"origin":3478,"position":2},"title":"Vecinos de Colonia Hinojo volvieron a manifestarse frente a ASP","author":"AF","date":"02\/12\/2012","format":false,"excerpt":"PARTIDO DE OLAVARR\u00cdA - Una veintena de vecinos se volvieron a manifestar este s\u00e1bado frente a la planta de agroqu\u00edmicos, tras la ca\u00edda de la conciliaci\u00f3n. Sostienen que la delegada de Hinojo Dora Rodr\u00edguez reparti\u00f3 panfletos de Agroservicios Pampeanos (ASP) en la fiesta aniversario. Lo consideraron \u201cuna tomada de pelo\u201d.Vecinos\u2026","rel":"","context":"En \u00abLocales\u00bb","block_context":{"text":"Locales","link":"https:\/\/www.24baires.com\/?cat=38"},"img":{"alt_text":"","src":"https:\/\/i0.wp.com\/www.24baires.com\/wp-content\/uploads\/2012\/12\/hinojo-300x192.jpg?resize=350%2C200","width":350,"height":200},"classes":[]},{"id":103243,"url":"https:\/\/www.24baires.com\/?p=103243","url_meta":{"origin":3478,"position":3},"title":"Los municipales de Olavarr\u00eda se disfrazaron de payasos para protestar contra el intendente","author":"Grupo Sierra","date":"10\/07\/2018","format":false,"excerpt":"En medio de un conflicto sin soluci\u00f3n, trabajadores municipales de Olavarr\u00eda irrumpieron ayer disfrazados de payasos en el acto oficial por el 9 de Julio para protestar contra la oferta salarial del intendente Ezequiel Galli. La singular protesta se produjo en el marco del desfile por el 202\u00ba aniversario de\u2026","rel":"","context":"En \u00abLocales\u00bb","block_context":{"text":"Locales","link":"https:\/\/www.24baires.com\/?cat=38"},"img":{"alt_text":"","src":"https:\/\/i0.wp.com\/www.24baires.com\/wp-content\/uploads\/2018\/07\/municipales-olavarria.jpg?resize=350%2C200","width":350,"height":200,"srcset":"https:\/\/i0.wp.com\/www.24baires.com\/wp-content\/uploads\/2018\/07\/municipales-olavarria.jpg?resize=350%2C200 1x, https:\/\/i0.wp.com\/www.24baires.com\/wp-content\/uploads\/2018\/07\/municipales-olavarria.jpg?resize=525%2C300 1.5x"},"classes":[]},{"id":115260,"url":"https:\/\/www.24baires.com\/?p=115260","url_meta":{"origin":3478,"position":4},"title":"Olavarr\u00eda vuelve a la fase 1 ante un brote de Covid-19","author":"GB","date":"07\/06\/2020","format":false,"excerpt":"El intendente Galli confirm\u00f3 21 nuevos casos en las \u00faltimas 12 horas y ayer decret\u00f3 que el municipio volver\u00e1 a la fase inicial de la cuarentena, donde solo funcionar\u00e1n supermercados, farmacias y estaciones de servicio hasta las 16 hs. Olavarr\u00eda volvi\u00f3 a la fase 1 de la cuarentena, luego de\u2026","rel":"","context":"En \u00abMunicipios\u00bb","block_context":{"text":"Municipios","link":"https:\/\/www.24baires.com\/?cat=44"},"img":{"alt_text":"","src":"https:\/\/i0.wp.com\/www.24baires.com\/wp-content\/uploads\/2020\/06\/galli.jpg?resize=350%2C200","width":350,"height":200,"srcset":"https:\/\/i0.wp.com\/www.24baires.com\/wp-content\/uploads\/2020\/06\/galli.jpg?resize=350%2C200 1x, https:\/\/i0.wp.com\/www.24baires.com\/wp-content\/uploads\/2020\/06\/galli.jpg?resize=525%2C300 1.5x"},"classes":[]},{"id":38357,"url":"https:\/\/www.24baires.com\/?p=38357","url_meta":{"origin":3478,"position":5},"title":"La Sociedad Rural confirm\u00f3 que Olavarr\u00eda ser\u00e1 sede de importantes eventos","author":"GB","date":"12\/01\/2014","format":false,"excerpt":"Dos eventos de jerarqu\u00eda nacional se sumar\u00e1n este a\u00f1o a la cl\u00e1sica Exposici\u00f3n de la entidad del distrito que gestiona Jos\u00e9 Eseverri. Se trata de La Naci\u00f3n Ganadera, que se realizar\u00e1 por segunda vez, y la Exposici\u00f3n Nacional de Primavera de Pedigree Angus, que debutar\u00e1 en el municipio. La primera\u2026","rel":"","context":"En \u00abLocales\u00bb","block_context":{"text":"Locales","link":"https:\/\/www.24baires.com\/?cat=38"},"img":{"alt_text":"olavarria soc rural","src":"https:\/\/i0.wp.com\/www.24baires.com\/wp-content\/uploads\/2014\/01\/olavarria-soc-rural-300x178.jpg?resize=350%2C200","width":350,"height":200},"classes":[]}],"jetpack_sharing_enabled":true,"jetpack_likes_enabled":true,"_links":{"self":[{"href":"https:\/\/www.24baires.com\/index.php?rest_route=\/wp\/v2\/posts\/3478","targetHints":{"allow":["GET"]}}],"collection":[{"href":"https:\/\/www.24baires.com\/index.php?rest_route=\/wp\/v2\/posts"}],"about":[{"href":"https:\/\/www.24baires.com\/index.php?rest_route=\/wp\/v2\/types\/post"}],"author":[{"embeddable":true,"href":"https:\/\/www.24baires.com\/index.php?rest_route=\/wp\/v2\/users\/4"}],"replies":[{"embeddable":true,"href":"https:\/\/www.24baires.com\/index.php?rest_route=%2Fwp%2Fv2%2Fcomments&post=3478"}],"version-history":[{"count":3,"href":"https:\/\/www.24baires.com\/index.php?rest_route=\/wp\/v2\/posts\/3478\/revisions"}],"predecessor-version":[{"id":3492,"href":"https:\/\/www.24baires.com\/index.php?rest_route=\/wp\/v2\/posts\/3478\/revisions\/3492"}],"wp:attachment":[{"href":"https:\/\/www.24baires.com\/index.php?rest_route=%2Fwp%2Fv2%2Fmedia&parent=3478"}],"wp:term":[{"taxonomy":"category","embeddable":true,"href":"https:\/\/www.24baires.com\/index.php?rest_route=%2Fwp%2Fv2%2Fcategories&post=3478"},{"taxonomy":"post_tag","embeddable":true,"href":"https:\/\/www.24baires.com\/index.php?rest_route=%2Fwp%2Fv2%2Ftags&post=3478"}],"curies":[{"name":"wp","href":"https:\/\/api.w.org\/{rel}","templated":true}]}}