{"id":3476,"date":"2012-10-27T12:00:28","date_gmt":"2012-10-27T15:00:28","guid":{"rendered":"http:\/\/www.24baires.com\/?p=3476"},"modified":"2012-10-27T22:53:01","modified_gmt":"2012-10-28T01:53:01","slug":"solicitan-el-cierre-de-la-ruta-51-por-considerarla-de-alto-riesgo","status":"publish","type":"post","link":"https:\/\/www.24baires.com\/?p=3476","title":{"rendered":"Solicitan el cierre de la ruta 51 por considerarla de &#8216;alto riesgo&#8217;"},"content":{"rendered":"<p>Asociaciones de productores rurales del nordeste bonaerense solicitaron a los intendentes cerrar la ruta 51 por el alto grado de deterioro y el \u00abalt\u00edsimo riesgo para quienes la transitan\u00bb.<!--more--><br \/>\nEl pedido fue cursado por la Asociaci\u00f3n Productores Rurales de Arrecifes (APRA), la Asociaci\u00f3n de Productores Agropecuarios de Capit\u00e1n Sarmiento y la Asociaci\u00f3n Productores Agropecuarios de Carmen de Areco (APAC) y es por un trayecto de poco m\u00e1s de 45 kil\u00f3metros pertenecientes a la ruta 51.<br \/>\nEsa ruta provincial, que une las ciudades de Ramallo con Azul, presenta un tramo muy complicado entre Arrecifes y Carmen de Areco.<br \/>\nPatricio Molle, presidente de APRA, la entidad de los productores de Arrecifes, lo explic\u00f3 de la siguiente manera. \u00abHay pozos de 50 cent\u00edmetros de profundidad y hoy est\u00e1 toda mezclada la tierra con el asfalto. En muchos tramos no qued\u00f3 asfalto convirti\u00e9ndose en un camino de tierra\u00bb, se\u00f1al\u00f3.<br \/>\nMolle precis\u00f3 que el estado de deterioro se agrav\u00f3 en el \u00faltimo tiempo por las continuas lluvias. En esa zona llevan registrados 1300 mil\u00edmetros en lo que va del a\u00f1o.<br \/>\nPor el avanzado deterioro, en el \u00faltimo mes se han realizado cortes de ruta con presencia de p\u00fablico en general.<br \/>\nSeg\u00fan Molle, en abril pasado lleg\u00f3 a la regi\u00f3n una firma contratista con el fin de reparar el tramo entre Arrecifes y Carmen de Areco. \u00abEmpez\u00f3 a levantar el pavimento en los lugares que est\u00e1n destruidos o hab\u00eda baches. A mitad del trabajo, la provincia suspendi\u00f3 los pagos y la empresa se retir\u00f3 dejando un desastre\u00bb, explic\u00f3.<br \/>\nSeg\u00fan el dirigente rural, funcionarios de Vialidad Provincial prometieron hace quince d\u00edas comenzar las obras. Hubo tareas menores, pero el problema de fondo sigue sin soluci\u00f3n y agrav\u00e1ndose con el paso de las semanas.<br \/>\nEn la nota que las entidades rurales de la zona enviaron a los intendentes solicitan \u00abel cierre parcial de la ruta o implementar un sistema de tr\u00e1nsito asistido\u00bb mientras se efect\u00faen los trabajos de reparaci\u00f3n y repavimentaci\u00f3n que, seg\u00fan Molle, todav\u00eda no se concretaron.<br \/>\nLos productores tambi\u00e9n solicitan que mientras se implemente esa medida se deje habilitado el acceso s\u00f3lo a los vecinos con domicilio en el lugar o cuyo trabajo se encuentre comprendido dentro de ese tramo.<br \/>\n\u00abLa preocupaci\u00f3n surge de que se puede producir un desastre y queremos preservar la vida de los productores que circulan, de los maestros y chicos que van a las escuelas rurales que est\u00e1n sobre la ruta 51 y de la ciudadan\u00eda en general\u00bb, se\u00f1al\u00f3 el presidente de la Asociaci\u00f3n Productores Rurales de Arrecifes.<br \/>\nEn la carta, los productores acusan de \u00abdesidia\u00bb a los autoridades provinciales y dicen que el estado actual de la ruta \u00abno hace m\u00e1s que demostrar el bajo valor que nuestros dirigentes provinciales asignan a la integridad f\u00edsica de los ciudadanos, que los llevaron con su voto a ocupar altos puestos pol\u00edticos en el Gobierno\u00bb.<\/p>\n","protected":false},"excerpt":{"rendered":"<p>Asociaciones de productores rurales del nordeste bonaerense solicitaron a los intendentes cerrar la ruta 51 por el alto grado de deterioro y el \u00abalt\u00edsimo riesgo para quienes la transitan\u00bb.<\/p>\n","protected":false},"author":4,"featured_media":0,"comment_status":"open","ping_status":"open","sticky":false,"template":"","format":"standard","meta":{"_jetpack_newsletter_access":"","_jetpack_dont_email_post_to_subs":false,"_jetpack_newsletter_tier_id":0,"_jetpack_memberships_contains_paywalled_content":false,"_jetpack_memberships_contains_paid_content":false,"footnotes":""},"categories":[38],"tags":[],"class_list":["post-3476","post","type-post","status-publish","format-standard","hentry","category-locales"],"jetpack_featured_media_url":"","jetpack_shortlink":"https:\/\/wp.me\/p2JWE0-U4","jetpack-related-posts":[{"id":57886,"url":"https:\/\/www.24baires.com\/?p=57886","url_meta":{"origin":3476,"position":0},"title":"Un fuerte tornado azot\u00f3 a la ciudad de Arrecifes","author":"Grupo Sierra","date":"29\/11\/2014","format":false,"excerpt":"Alcanz\u00f3 tambi\u00e9n a zonas rurales cercanas a la localidad ubicada al norte de la provincia de Buenos Aires. Se cort\u00f3 la circulaci\u00f3n en ruta 51. Un tornado afect\u00f3 hoy parte de la ciudad de Arrecifes y zonas rurales cercanas a la localidad ubicada al norte de la provincia de Buenos\u2026","rel":"","context":"En \u00abLocales\u00bb","block_context":{"text":"Locales","link":"https:\/\/www.24baires.com\/?cat=38"},"img":{"alt_text":"tornado arrecifes","src":"https:\/\/i0.wp.com\/www.24baires.com\/wp-content\/uploads\/2014\/11\/tornado-arrecifes.jpg?resize=350%2C200","width":350,"height":200,"srcset":"https:\/\/i0.wp.com\/www.24baires.com\/wp-content\/uploads\/2014\/11\/tornado-arrecifes.jpg?resize=350%2C200 1x, https:\/\/i0.wp.com\/www.24baires.com\/wp-content\/uploads\/2014\/11\/tornado-arrecifes.jpg?resize=525%2C300 1.5x"},"classes":[]},{"id":91072,"url":"https:\/\/www.24baires.com\/?p=91072","url_meta":{"origin":3476,"position":1},"title":"La Provincia despliega operativos de asistencia en zonas inundadas","author":"GB","date":"26\/12\/2016","format":false,"excerpt":"El Gobierno bonaerense asiste a los partidos afectados por las intensas lluvias. Pergamino es el municipio con mayor cantidad de familias evacuadas. La situaci\u00f3n se normalizar\u00eda esta noche o ma\u00f1ana. El gobierno de Mar\u00eda Eugenia Vidal despliega un operativo de asistencia para los afectados por las inundaciones en los partidos\u2026","rel":"","context":"En \u00abProvincia\u00bb","block_context":{"text":"Provincia","link":"https:\/\/www.24baires.com\/?cat=40"},"img":{"alt_text":"","src":"https:\/\/i0.wp.com\/www.24baires.com\/wp-content\/uploads\/2016\/12\/inundados.jpg?resize=350%2C200","width":350,"height":200,"srcset":"https:\/\/i0.wp.com\/www.24baires.com\/wp-content\/uploads\/2016\/12\/inundados.jpg?resize=350%2C200 1x, https:\/\/i0.wp.com\/www.24baires.com\/wp-content\/uploads\/2016\/12\/inundados.jpg?resize=525%2C300 1.5x"},"classes":[]},{"id":52654,"url":"https:\/\/www.24baires.com\/?p=52654","url_meta":{"origin":3476,"position":2},"title":"Ramallo, Arrecifes y Pergamino reclaman a Provincia por la ruta 51","author":"Grupo Sierra","date":"28\/08\/2014","format":false,"excerpt":"Los Intendentes de las localidades se reunieron con la administradora de Vialidad bonaerense, Patricia Tombesi, para reclamar por un plan de repavimentaci\u00f3n de la ruta provincial, de la que dijeron que \u201cdeber\u00eda estar cerrada al tr\u00e1nsito\u201d por el estado en el que se encuentra. Los jefes comunales Ariel Santalla (Ramallo),\u2026","rel":"","context":"En \u00abProvincia\u00bb","block_context":{"text":"Provincia","link":"https:\/\/www.24baires.com\/?cat=40"},"img":{"alt_text":"ruta 2","src":"https:\/\/i0.wp.com\/www.24baires.com\/wp-content\/uploads\/2012\/12\/ruta-2-300x168.jpg?resize=350%2C200","width":350,"height":200},"classes":[]},{"id":51229,"url":"https:\/\/www.24baires.com\/?p=51229","url_meta":{"origin":3476,"position":3},"title":"Anunciaron que se repavimentar\u00e1 la Ruta 191","author":"Grupo Sierra","date":"05\/08\/2014","format":false,"excerpt":"Desde el Ministerio de Infraestructura a trav\u00e9s de la Direcci\u00f3n de Vialidad se llam\u00f3 a licitaci\u00f3n para la obra \u201cRepavimentaci\u00f3n Ruta Provincial n\u00b0 191 en el tramo Arrecifes \u2013 Salto. \u201cPor decisi\u00f3n del Gobernador Daniel Scioli, estamos trabajando fuertemente para mejorar las rutas provinciales, con el prop\u00f3sito de acompa\u00f1ar el\u2026","rel":"","context":"En \u00abProvincia\u00bb","block_context":{"text":"Provincia","link":"https:\/\/www.24baires.com\/?cat=40"},"img":{"alt_text":"ruta","src":"https:\/\/i0.wp.com\/www.24baires.com\/wp-content\/uploads\/2013\/12\/ruta.jpg?resize=350%2C200","width":350,"height":200,"srcset":"https:\/\/i0.wp.com\/www.24baires.com\/wp-content\/uploads\/2013\/12\/ruta.jpg?resize=350%2C200 1x, https:\/\/i0.wp.com\/www.24baires.com\/wp-content\/uploads\/2013\/12\/ruta.jpg?resize=525%2C300 1.5x"},"classes":[]},{"id":49997,"url":"https:\/\/www.24baires.com\/?p=49997","url_meta":{"origin":3476,"position":4},"title":"Declaran emergencia agropecuaria en otros 13 distritos","author":"AF","date":"16\/07\/2014","format":false,"excerpt":"Trece distritos bonaerenses fueron declarados en emergencia agropecuaria por las intensas lluvias acumuladas en las \u00faltimas semanas mientras se sigue con especial preocupaci\u00f3n la in\u00e9dita situaci\u00f3n que se registra en el sudoeste provincial, una regi\u00f3n castigada por la sequ\u00eda desde hace dos d\u00e9cadas y complicada ahora por el exceso h\u00eddrico.\u2026","rel":"","context":"En \u00abProvincia\u00bb","block_context":{"text":"Provincia","link":"https:\/\/www.24baires.com\/?cat=40"},"img":{"alt_text":"oeste bonaerense inundado","src":"https:\/\/i0.wp.com\/www.24baires.com\/wp-content\/uploads\/2012\/12\/oeste-bonaerense-inundado.jpg?resize=350%2C200","width":350,"height":200,"srcset":"https:\/\/i0.wp.com\/www.24baires.com\/wp-content\/uploads\/2012\/12\/oeste-bonaerense-inundado.jpg?resize=350%2C200 1x, https:\/\/i0.wp.com\/www.24baires.com\/wp-content\/uploads\/2012\/12\/oeste-bonaerense-inundado.jpg?resize=525%2C300 1.5x"},"classes":[]},{"id":113444,"url":"https:\/\/www.24baires.com\/?p=113444","url_meta":{"origin":3476,"position":5},"title":"Retenciones: no descartan cortes de ruta en la Provincia","author":"GB","date":"16\/12\/2019","format":false,"excerpt":"Lo dijo el titular de Carbap, la Federaci\u00f3n que nuclea a los productores agropecuarios bonaerenses. Seg\u00fan dijo, los productores no hacen lo que quiere la entidad, sino \"el presidente hace lo que quieren las bases\" El presidente de la Confederaci\u00f3n de Asociaciones Rurales de Buenos Aires y La Pampa (Carbap),\u2026","rel":"","context":"En \u00abProvincia\u00bb","block_context":{"text":"Provincia","link":"https:\/\/www.24baires.com\/?cat=40"},"img":{"alt_text":"","src":"https:\/\/i0.wp.com\/www.24baires.com\/wp-content\/uploads\/2019\/12\/cortes-ruta.jpg?resize=350%2C200","width":350,"height":200,"srcset":"https:\/\/i0.wp.com\/www.24baires.com\/wp-content\/uploads\/2019\/12\/cortes-ruta.jpg?resize=350%2C200 1x, https:\/\/i0.wp.com\/www.24baires.com\/wp-content\/uploads\/2019\/12\/cortes-ruta.jpg?resize=525%2C300 1.5x"},"classes":[]}],"jetpack_sharing_enabled":true,"jetpack_likes_enabled":true,"_links":{"self":[{"href":"https:\/\/www.24baires.com\/index.php?rest_route=\/wp\/v2\/posts\/3476","targetHints":{"allow":["GET"]}}],"collection":[{"href":"https:\/\/www.24baires.com\/index.php?rest_route=\/wp\/v2\/posts"}],"about":[{"href":"https:\/\/www.24baires.com\/index.php?rest_route=\/wp\/v2\/types\/post"}],"author":[{"embeddable":true,"href":"https:\/\/www.24baires.com\/index.php?rest_route=\/wp\/v2\/users\/4"}],"replies":[{"embeddable":true,"href":"https:\/\/www.24baires.com\/index.php?rest_route=%2Fwp%2Fv2%2Fcomments&post=3476"}],"version-history":[{"count":2,"href":"https:\/\/www.24baires.com\/index.php?rest_route=\/wp\/v2\/posts\/3476\/revisions"}],"predecessor-version":[{"id":3488,"href":"https:\/\/www.24baires.com\/index.php?rest_route=\/wp\/v2\/posts\/3476\/revisions\/3488"}],"wp:attachment":[{"href":"https:\/\/www.24baires.com\/index.php?rest_route=%2Fwp%2Fv2%2Fmedia&parent=3476"}],"wp:term":[{"taxonomy":"category","embeddable":true,"href":"https:\/\/www.24baires.com\/index.php?rest_route=%2Fwp%2Fv2%2Fcategories&post=3476"},{"taxonomy":"post_tag","embeddable":true,"href":"https:\/\/www.24baires.com\/index.php?rest_route=%2Fwp%2Fv2%2Ftags&post=3476"}],"curies":[{"name":"wp","href":"https:\/\/api.w.org\/{rel}","templated":true}]}}