{"id":3461,"date":"2012-10-27T17:25:31","date_gmt":"2012-10-27T20:25:31","guid":{"rendered":"http:\/\/www.24baires.com\/?p=3461"},"modified":"2012-10-27T17:25:31","modified_gmt":"2012-10-27T20:25:31","slug":"scioli-o-jesus-de-laferrere","status":"publish","type":"post","link":"https:\/\/www.24baires.com\/?p=3461","title":{"rendered":"\u00bfScioli o Jes\u00fas de Laferrere?"},"content":{"rendered":"<p><img data-recalc-dims=\"1\" loading=\"lazy\" decoding=\"async\" class=\"alignleft size-medium wp-image-3462\" title=\"219624106_scioli\" src=\"https:\/\/i0.wp.com\/www.24baires.com\/wp-content\/uploads\/2012\/10\/219624106_scioli.jpg?resize=300%2C190\" alt=\"\" width=\"300\" height=\"190\" srcset=\"https:\/\/i0.wp.com\/www.24baires.com\/wp-content\/uploads\/2012\/10\/219624106_scioli.jpg?resize=300%2C190&amp;ssl=1 300w, https:\/\/i0.wp.com\/www.24baires.com\/wp-content\/uploads\/2012\/10\/219624106_scioli.jpg?w=480&amp;ssl=1 480w\" sizes=\"auto, (max-width: 300px) 100vw, 300px\" \/>La Provincia ofrece un paisaje pol\u00edtico curioso, con un Senado que impulsa reformas paradigm\u00e1ticas en t\u00e9rminos de seguridad democr\u00e1tica, y un gobierno al que acusan de estar m\u00e1s interesado en el glamour de Susana Gim\u00e9nez que en conversar con maestros, profesoras y otros trabajadores.<!--more--><\/p>\n<p>Le caiga o no simp\u00e1tico el dato al resto de la Argentina, la provincia de Buenos Aires es el territorio m\u00e1s poderoso del pa\u00eds, su jurisdicci\u00f3n pol\u00edtica m\u00e1s influyente, casi decisiva, lo que obliga, o deber\u00eda obligar, a sus dirigentes y funcionarios del Estado a realizar un esfuerzo doble de buena voluntad, de militancia, de eficacia. Al menos, de seriedad.<\/p>\n<p>Sin embargo, en las m\u00e1ximas instancias del poder bonaerense, muy concretamente en la gobernaci\u00f3n, lo planteado y deseado desde el p\u00e1rrafo anterior lejos est\u00e1 de constatarse en la realidad de la vida cotidiana: la semana que hoy finaliza los pibes y pibas de la provincia pr\u00e1cticamente no fueron a la escuela porque, con m\u00e1s que justificada raz\u00f3n, los sindicatos de maestros le est\u00e1n diciendo no al ajuste que el Ejecutivo impuso en el \u00e1rea Educaci\u00f3n, al mal trato y matoneo del Ministerio de Trabajo que se olvida de la Constituci\u00f3n cuando amenaza a los laburantes con descontarles los d\u00edas de paro.<\/p>\n<p>Pese a todo ello, el gobernador Daniel Osvaldo Scioli (\u00bfel Se\u00f1or DOS, debemos llamarlo ahora?) se hace bien el gil o el sota, y calla, a tal punto que, ayer, el titular del sindicato UDOCBA, Miguel D\u00edaz, sali\u00f3 a decir: \u201cmientras la adhesi\u00f3n al paro es masiva, desde el gobierno provincial s\u00f3lo balbucean amenazas a los trabajadores; no se entiende por qu\u00e9 Scioli no sale a hablar sobre el conflicto docente. Ser\u00e1 que nosotros no tenemos glamour, no somos ni Maravilla Mart\u00ednez ni Susana Gim\u00e9nez como para que \u00e9l nos reciba. Nuestra realidad es otra, una gran cantidad de docentes no cobran desde marzo y hay 30 mil cartas documentos de compa\u00f1eros y compa\u00f1eras que ya fueron enviadas a la Direcci\u00f3n de Escuelas, intim\u00e1ndola para juicios. Evidentemente vivimos un caos institucional.\u201d<\/p>\n<p>Pero el gobernador parece dedicarse a otra cosa, porque quiere ser presidente pero un acto fallido traicion\u00f3 a sus funcionarios m\u00e1s amigos.<\/p>\n<p>Le inventaron La DOS, lo cual presupone que existe un uno (o una), que siempre va primero.<\/p>\n<p>Un poco de humor, otro poco de sue\u00f1os extra\u00f1os, el inconsciente de la imaginaria unidad b\u00e1sica denominada Sigmund Freud y la Buenos Aires de Peter Capusotto y sus videos; casi el argumento obligado para las pr\u00f3ximas l\u00edneas, antes de citar un ejemplo de la contracara de tanto sin sentido.<\/p>\n<p>A la pobre Juan Domingo de Baldomero \u201cCacho\u201d \u00c1lvarez le fallaron los c\u00e1lculos, porque, despu\u00e9s de varios meses y como podr\u00eda decirse tras asistir a una fiesta donde se cort\u00f3 la luz y a la cual no concurri\u00f3 ni la mitad de los invitados, all\u00ed no pas\u00f3 nada. Entonces, el jefe de Gabinete de Daniel Osvaldo Scioli, Alberto P\u00e9rez, llam\u00f3 a funcionarios, legisladores y otros seguidores del gobernador, para que, todos juntos y en el Hotel Corregidor de La Plata, presentaran, el jueves pasado y en sociedad, a la tan aclamada La DOS, el nombre de una agrupaci\u00f3n que refiere a las iniciales del jefe del Ejecutivo bonaerense: casi un arrebato como acto fallido, o de trampa del inconciente a la hora de admitir, as\u00ed sin darse cuenta, cu\u00e1l es el verdadero tono de la realidad.<\/p>\n<p>Porque no se trata de Marcos, el subcomandante que as\u00ed se bautiz\u00f3 por debajo de un ficticio comandante, aunque autoproclam\u00e1ndose el uno de una guerrilla, en M\u00e9xico, que finalmente no fue; a menos que a quienes porten fusiles de palo y juguete se los llame combatientes. No. Se trata de un \u201cdos\u201d, as\u00ed simple y rotundo, con todas las letras, pese a que del acta de fundaci\u00f3n del espacio pol\u00edtico que con esa palabra se nombra, diga lo siguiente: \u201cScioli, con su temple y experiencia, encarna el peronismo en el que creemos\u201d y \u201clo mejor est\u00e1 por venir\u201d. N\u00f3tese asimismo, que el fallido de los de La DOS tiene un lenguaje casi mesi\u00e1nico, por no decir mesi\u00e1nico del todo, como si de la llegada de un salvador bonaerense se tratase; tal cual el Jes\u00fas de Laferrere de Peter Capusotto y sus videos.<\/p>\n<p>Entre los funcionarios que mejor se mostraron en la primera fila del Hotel Corregidor se encontraba el jefe de la (in) Seguridad, Ricardo Casal, oyendo que es \u201cmucha la responsabilidad que ha depositado el pueblo de la provincia de Buenos Aires en Daniel Scioli, es mucha la expectativa hacia futuro que tiene cada uno de los argentinos en Daniel Scioli\u00bb; que as\u00ed afirma la mencionada partida de nacimiento de La DOS. Queda claro, a menos que alguien le niegue al periodismo su capacidad interpretativa, que, y as\u00ed lo destacaron ayer algunos medios bonaerenses, \u201cel futuro con el que insisten el propio gobernador y sus seguidores cada vez que pueden, no es otro que el 2015\u201d.<\/p>\n<p>No s\u00e9 si se ha llegado la hora de morfarse un pancho y tomarse una birra con los caretas, como dice Jes\u00fas de Laferrere, pero s\u00ed de intentar ver la vida desde el otro lado de la pel\u00edcula de mal gusto producida por La DOS.<\/p>\n<p>\u201cEstamos haciendo todo lo posible por poner a la provincia en el siglo XXI\u201d, dec\u00edan el viernes a \u00faltima hora en las cercan\u00edas del vicegobernador de Buenos Aires, Gabriel Mariotto, despu\u00e9s de lograda la media sanci\u00f3n en la C\u00e1mara Alta bonaerense, y por unanimidad de todos los bloques, del proyecto de Ministerio P\u00fablico, con Fiscal\u00eda y Defensa separadas. Se trat\u00f3 de una iniciativa impulsada por los senadores Santiago Carreras y Cristina Fioramonti, que determina la implementaci\u00f3n de un Ministerio P\u00fablico Fiscal y uno de la Defensa, para la cual en el Senado provincial admit\u00edan que Mariotto despleg\u00f3 un trabajo de verdadera orfebrer\u00eda pol\u00edtica, al lograr un respaldo de consenso entre todos los signos pol\u00edticos para una iniciativa que, si se convierte en ley, impactar\u00e1 de lleno sobre el plexo de realidades sociales y pol\u00edticas que conforman a la tan vapuleada agenda de seguridad.<\/p>\n<p>El titular de la C\u00e1mara Alta, acompa\u00f1ado por un corriente cada d\u00eda creciente de militancia territorial, viene trabajando esos proyectos de leyes conforme lo hiciera cuando, como \u00faltimo interventor del COMFER, se puso al hombro la orden entonces dada por la presidenta Cristina Fern\u00e1ndez de Kirchner, de convertir finalmente en norma jur\u00eddica la Ley de Servicios de Comunicaci\u00f3n Audiovisual, que espera su propio 7 de diciembre para desplegarse en totalidad, tal cual lo estableci\u00f3 la Corte Suprema.<\/p>\n<p>En aquella oportunidad, el actual vicegobernador de Buenos Aires organiz\u00f3 cientos de foros ciudadanos en todo el pa\u00eds, para discutir los contenidos del proyecto; ahora hace lo mismo para debatir en torno a un paquete de iniciativas sobre seguridad en t\u00e9rminos democr\u00e1ticos y sistemas judiciales, y bajo un principio pol\u00edtico rector: romper la trama de complicidades entre el crimen, el poder pol\u00edtico y elementos de las fuerzas de seguridad y del sistema de justicia.<\/p>\n<p>La provincia de Buenos Aires, quise significar en el primer p\u00e1rrafo de este texto, es un territorio decisivo para la vida colectiva y en democracia de los argentinos. Merece m\u00e1s de lo que hace su Legislatura y menos confusi\u00f3n entre pol\u00edtica y humor; \u00a1con todo lo que nos divierte el genial Capusotto!<\/p>\n","protected":false},"excerpt":{"rendered":"<p>La Provincia ofrece un paisaje pol\u00edtico curioso, con un Senado que impulsa reformas paradigm\u00e1ticas en t\u00e9rminos de seguridad democr\u00e1tica, y un gobierno al que acusan de estar m\u00e1s interesado en el glamour de Susana Gim\u00e9nez que en conversar con maestros, profesoras y otros trabajadores.<\/p>\n","protected":false},"author":11,"featured_media":0,"comment_status":"open","ping_status":"open","sticky":false,"template":"","format":"standard","meta":{"_jetpack_newsletter_access":"","_jetpack_dont_email_post_to_subs":false,"_jetpack_newsletter_tier_id":0,"_jetpack_memberships_contains_paywalled_content":false,"_jetpack_memberships_contains_paid_content":false,"footnotes":""},"categories":[51],"tags":[],"class_list":["post-3461","post","type-post","status-publish","format-standard","hentry","category-politica"],"jetpack_featured_media_url":"","jetpack_shortlink":"https:\/\/wp.me\/p2JWE0-TP","jetpack-related-posts":[{"id":122515,"url":"https:\/\/www.24baires.com\/?p=122515","url_meta":{"origin":3461,"position":0},"title":"Comenzaron las elecciones en la Provincia de Buenos Aires","author":"GB","date":"07\/09\/2025","format":false,"excerpt":"Comienzan las elecciones en la Provincia de Buenos Aires. M\u00e1s de 14 millones de bonaerenses votan legisladores y concejales en un comicio clave, primera elecci\u00f3n provincial desdoblada de la nacional. Con la apertura de las mesas a las 8 de la ma\u00f1ana, qued\u00f3 en marcha este domingo la elecci\u00f3n legislativa\u2026","rel":"","context":"En \u00abElecciones\u00bb","block_context":{"text":"Elecciones","link":"https:\/\/www.24baires.com\/?cat=316"},"img":{"alt_text":"","src":"https:\/\/i0.wp.com\/www.24baires.com\/wp-content\/uploads\/2025\/09\/elecciones-2025.webp?resize=350%2C200","width":350,"height":200,"srcset":"https:\/\/i0.wp.com\/www.24baires.com\/wp-content\/uploads\/2025\/09\/elecciones-2025.webp?resize=350%2C200 1x, https:\/\/i0.wp.com\/www.24baires.com\/wp-content\/uploads\/2025\/09\/elecciones-2025.webp?resize=525%2C300 1.5x, https:\/\/i0.wp.com\/www.24baires.com\/wp-content\/uploads\/2025\/09\/elecciones-2025.webp?resize=700%2C400 2x"},"classes":[]},{"id":111932,"url":"https:\/\/www.24baires.com\/?p=111932","url_meta":{"origin":3461,"position":1},"title":"Intendentes le pidieron a Vidal que declare la emergencia alimentaria en la provincia","author":"GB","date":"04\/09\/2019","format":false,"excerpt":"La intendenta de La Matanza y candidata a vicegobernadora de la provincia de Buenos Aires, Ver\u00f3nica Magario, acompa\u00f1ada por otros jefes comunales bonaerenses, le entregaron una carta a la gobernadora Mar\u00eda Eugenia Vidal en la que le reclamaron por la situaci\u00f3n social y pidieron que se declare la emergencia alimentaria.\u2026","rel":"","context":"En \u00abProvincia\u00bb","block_context":{"text":"Provincia","link":"https:\/\/www.24baires.com\/?cat=40"},"img":{"alt_text":"","src":"","width":0,"height":0},"classes":[]},{"id":121796,"url":"https:\/\/www.24baires.com\/?p=121796","url_meta":{"origin":3461,"position":2},"title":"\u00abConstruir una alternativa a Milei no es una cuesti\u00f3n de candidaturas\u00bb","author":"GB","date":"05\/11\/2024","format":false,"excerpt":"\u00bfEst\u00e1 a punto el Renault Clio para recorrer el pa\u00eds? Axel Kicillof se rio y dijo que 2027 est\u00e1 muy lejos. Pidi\u00f3 construir una alternativa a Javier Milei. El gobernador de la provincia de Buenos Aires, Axel Kicillof, se ri\u00f3 cuando le preguntaron si ten\u00eda el Renault Clio a punto\u2026","rel":"","context":"En \u00abProvincia\u00bb","block_context":{"text":"Provincia","link":"https:\/\/www.24baires.com\/?cat=40"},"img":{"alt_text":"","src":"https:\/\/i0.wp.com\/www.24baires.com\/wp-content\/uploads\/2024\/11\/axel-k.webp?resize=350%2C200","width":350,"height":200,"srcset":"https:\/\/i0.wp.com\/www.24baires.com\/wp-content\/uploads\/2024\/11\/axel-k.webp?resize=350%2C200 1x, https:\/\/i0.wp.com\/www.24baires.com\/wp-content\/uploads\/2024\/11\/axel-k.webp?resize=525%2C300 1.5x, https:\/\/i0.wp.com\/www.24baires.com\/wp-content\/uploads\/2024\/11\/axel-k.webp?resize=700%2C400 2x"},"classes":[]},{"id":116111,"url":"https:\/\/www.24baires.com\/?p=116111","url_meta":{"origin":3461,"position":3},"title":"Kicillof descarta cambios y apuesta a la restricci\u00f3n: \u201cEs un error abrir prematuramente\u201d","author":"AF","date":"31\/08\/2020","format":false,"excerpt":"El Gobernador busca extremar la prevenci\u00f3n y descarta las flexibilzaciones que impulsa Naci\u00f3n. El gobernador de la Provincia de Buenos Aires, Axel Kicillof, anunci\u00f3 las nuevas medidas de ASPO y apuesta extremar restricciones. A contrapelo de lo anunciado por Naci\u00f3n, que apunta a impulsar una paulatina apertura de reuniones al\u2026","rel":"","context":"En \u00abProvincia\u00bb","block_context":{"text":"Provincia","link":"https:\/\/www.24baires.com\/?cat=40"},"img":{"alt_text":"","src":"https:\/\/i0.wp.com\/www.24baires.com\/wp-content\/uploads\/2020\/07\/kicillof-arroyo.jpeg?resize=350%2C200","width":350,"height":200,"srcset":"https:\/\/i0.wp.com\/www.24baires.com\/wp-content\/uploads\/2020\/07\/kicillof-arroyo.jpeg?resize=350%2C200 1x, https:\/\/i0.wp.com\/www.24baires.com\/wp-content\/uploads\/2020\/07\/kicillof-arroyo.jpeg?resize=525%2C300 1.5x"},"classes":[]},{"id":118609,"url":"https:\/\/www.24baires.com\/?p=118609","url_meta":{"origin":3461,"position":4},"title":"Avanza en la incorporaci\u00f3n del cupo trans en la provincia","author":"GB","date":"07\/03\/2022","format":false,"excerpt":"Desde el inicio de la pandemia, la cartera sanitaria sum\u00f3 m\u00e1s de 140 personas transg\u00e9nero. Recientemente las historias de Zohe Mareco y Valerio Mu\u00f1oz dieron el pie para continuar revirtiendo a\u00f1os de exclusi\u00f3n. Con la incorporaci\u00f3n de 142 personas mediante el cupo trans, el ministerio de Salud de la Provincia\u2026","rel":"","context":"En \u00abProvincia\u00bb","block_context":{"text":"Provincia","link":"https:\/\/www.24baires.com\/?cat=40"},"img":{"alt_text":"","src":"https:\/\/i0.wp.com\/www.24baires.com\/wp-content\/uploads\/2022\/03\/Salud-1-300x200.jpeg?resize=350%2C200","width":350,"height":200},"classes":[]},{"id":101137,"url":"https:\/\/www.24baires.com\/?p=101137","url_meta":{"origin":3461,"position":5},"title":"Defensor\u00eda del Pueblo impulsa la modificaci\u00f3n del sistema electoral","author":"GB","date":"19\/03\/2018","format":false,"excerpt":"El defensor del Pueblo bonaerense, Guido Lorenzino, destac\u00f3 la necesidad de que se modifique el sistema electoral en la provincia de Buenos Aires para eliminar el \"ej\u00e9rcito de fiscales\" utilizado por los partidos en cada comicio y ahorrar grandes sumas de dinero en boletas tradicionales. \"Se puede construir una mejor\u2026","rel":"","context":"En \u00abProvincia\u00bb","block_context":{"text":"Provincia","link":"https:\/\/www.24baires.com\/?cat=40"},"img":{"alt_text":"","src":"https:\/\/i0.wp.com\/www.24baires.com\/wp-content\/uploads\/2013\/06\/URNAS-VOTOS-300x200.jpg?resize=350%2C200","width":350,"height":200},"classes":[]}],"jetpack_sharing_enabled":true,"jetpack_likes_enabled":true,"_links":{"self":[{"href":"https:\/\/www.24baires.com\/index.php?rest_route=\/wp\/v2\/posts\/3461","targetHints":{"allow":["GET"]}}],"collection":[{"href":"https:\/\/www.24baires.com\/index.php?rest_route=\/wp\/v2\/posts"}],"about":[{"href":"https:\/\/www.24baires.com\/index.php?rest_route=\/wp\/v2\/types\/post"}],"author":[{"embeddable":true,"href":"https:\/\/www.24baires.com\/index.php?rest_route=\/wp\/v2\/users\/11"}],"replies":[{"embeddable":true,"href":"https:\/\/www.24baires.com\/index.php?rest_route=%2Fwp%2Fv2%2Fcomments&post=3461"}],"version-history":[{"count":3,"href":"https:\/\/www.24baires.com\/index.php?rest_route=\/wp\/v2\/posts\/3461\/revisions"}],"predecessor-version":[{"id":3465,"href":"https:\/\/www.24baires.com\/index.php?rest_route=\/wp\/v2\/posts\/3461\/revisions\/3465"}],"wp:attachment":[{"href":"https:\/\/www.24baires.com\/index.php?rest_route=%2Fwp%2Fv2%2Fmedia&parent=3461"}],"wp:term":[{"taxonomy":"category","embeddable":true,"href":"https:\/\/www.24baires.com\/index.php?rest_route=%2Fwp%2Fv2%2Fcategories&post=3461"},{"taxonomy":"post_tag","embeddable":true,"href":"https:\/\/www.24baires.com\/index.php?rest_route=%2Fwp%2Fv2%2Ftags&post=3461"}],"curies":[{"name":"wp","href":"https:\/\/api.w.org\/{rel}","templated":true}]}}