{"id":3444,"date":"2012-10-27T15:40:45","date_gmt":"2012-10-27T18:40:45","guid":{"rendered":"http:\/\/www.24baires.com\/?p=3444"},"modified":"2012-10-27T15:40:45","modified_gmt":"2012-10-27T18:40:45","slug":"lomas-de-zamora-lanzaron-linea-solidaria-con-victimas-de-violencia-de-genero","status":"publish","type":"post","link":"https:\/\/www.24baires.com\/?p=3444","title":{"rendered":"Lomas de Zamora: lanzaron &#8216;l\u00ednea solidaria&#8217; con v\u00edctimas de violencia de g\u00e9nero"},"content":{"rendered":"<p><img data-recalc-dims=\"1\" loading=\"lazy\" decoding=\"async\" class=\"alignleft size-medium wp-image-3445\" title=\"violencia g\u00e9nero\" src=\"https:\/\/i0.wp.com\/www.24baires.com\/wp-content\/uploads\/2012\/10\/violencia-g%C3%A9nero.jpg?resize=300%2C199\" alt=\"\" width=\"300\" height=\"199\" srcset=\"https:\/\/i0.wp.com\/www.24baires.com\/wp-content\/uploads\/2012\/10\/violencia-g%C3%A9nero.jpg?resize=300%2C199&amp;ssl=1 300w, https:\/\/i0.wp.com\/www.24baires.com\/wp-content\/uploads\/2012\/10\/violencia-g%C3%A9nero.jpg?w=560&amp;ssl=1 560w\" sizes=\"auto, (max-width: 300px) 100vw, 300px\" \/>La lleva adelante la organizaci\u00f3n \u201cMujeres del Sur\u201d y tiene por objetivo \u201chacer de nexo entre la persona que recurre al servicio, victimas o familiares de victimas, con las instituciones correspondientes\u201d, informaron sus responsables.<!--more--><\/p>\n<p>Funciona en una oficina de orientaci\u00f3n ubicada en Pellegrini 17; Departamento C; en Lomas de Zamora. Recibe llamados en n\u00famero telef\u00f3nico 2071-5412. Atienden profesionales y especializadas, para asistir a toda v\u00edctima o familiar de v\u00edctima por violencia de g\u00e9nero.<\/p>\n<p>Los diferentes tipos de violencia: f\u00edsica, psicol\u00f3gica, econ\u00f3mica, domestica e institucional, ejercida tanto por mujeres como por hombres son recibidos y derivados al \u00e1mbito judicial, de trabajo social, m\u00e9dico o legal que corresponda.<\/p>\n<p>Claudia Gonz\u00e1lez, responsable de la l\u00ednea, explic\u00f3 que, desde \u201cMujeres del Sur\u201d es notorio que \u201cse hace necesario reforzar las leyes y programas que existen porque no son difundidos como corresponde\u201d.<\/p>\n<p>El miedo y la desinformaci\u00f3n hacen que muchos casos queden sin ser resueltos. \u201cEsa es la funci\u00f3n de la l\u00ednea, poder orientar a las v\u00edctimas en los primeros pasos a seguir, para luego derivarlas a las instituciones p\u00fablicas correspondientes\u201d, dijo Gonz\u00e1lez.<\/p>\n<p>\u201cDespu\u00e9s del primer contacto, seguimos el caso, si tuvo dificultades tanto personales como institucionales, porque a veces la atenci\u00f3n institucional tambi\u00e9n hace que la persona desista de solucionar el problema\u201d, a\u00f1adi\u00f3.<\/p>\n<p>La orientaci\u00f3n, estrictamente confidencial, es tanto para mujeres y hombres ya que la violencia \u201cse puede ejercer tanto por uno como por otro sexo, aunque es p\u00fablico y notorio que la inmensa mayor\u00eda de las v\u00edctimas son mujeres\u201d, destaco la especialista.<\/p>\n<p>Para difundir estas actividades se organizan talleres en espacios educativos, en los que se discute el problema y se trazan l\u00edneas de acci\u00f3n para concientizar a la comunidad. \u201cViolencia de g\u00e9nero es cualquier conducta o acci\u00f3n basada en una relaci\u00f3n desigual de poder\u201d, se insiste en esos talleres, explic\u00f3 Gonz\u00e1lez.<\/p>\n<p>Gonz\u00e1lez aclar\u00f3 que no hay un \u201cl\u00edmite geogr\u00e1fico\u201d desde donde acudir, aunque la organizaci\u00f3n est\u00e9 ubicada en la zona sur del Conurbano.<\/p>\n","protected":false},"excerpt":{"rendered":"<p>La lleva adelante la organizaci\u00f3n \u201cMujeres del Sur\u201d y tiene por objetivo \u201chacer de nexo entre la persona que recurre al servicio, victimas o familiares de victimas, con las instituciones correspondientes\u201d, informaron sus responsables.<\/p>\n","protected":false},"author":4,"featured_media":0,"comment_status":"open","ping_status":"open","sticky":false,"template":"","format":"standard","meta":{"_jetpack_newsletter_access":"","_jetpack_dont_email_post_to_subs":false,"_jetpack_newsletter_tier_id":0,"_jetpack_memberships_contains_paywalled_content":false,"_jetpack_memberships_contains_paid_content":false,"footnotes":""},"categories":[1],"tags":[],"class_list":["post-3444","post","type-post","status-publish","format-standard","hentry","category-sociedad"],"jetpack_featured_media_url":"","jetpack_shortlink":"https:\/\/wp.me\/p2JWE0-Ty","jetpack-related-posts":[{"id":41725,"url":"https:\/\/www.24baires.com\/?p=41725","url_meta":{"origin":3444,"position":0},"title":"270 v\u00edctimas de trata fueron rescatadas durante Enero","author":"Grupo Sierra","date":"07\/03\/2014","format":false,"excerpt":"Desde la sanci\u00f3n en abril de 2008 de la Ley 26.364, que tipifica este delito, ya fueron liberadas 6.339 v\u00edctimas. El 52% eran sometidas a explotaci\u00f3n laboral. Ayer 22 mujeres fueron liberadas en Lomas de Zamora. El Estado nacional rescat\u00f3 en enero de este a\u00f1o a 272 v\u00edctimas de trata\u2026","rel":"","context":"En \u00abSociedad\u00bb","block_context":{"text":"Sociedad","link":"https:\/\/www.24baires.com\/?cat=1"},"img":{"alt_text":"","src":"","width":0,"height":0},"classes":[]},{"id":114549,"url":"https:\/\/www.24baires.com\/?p=114549","url_meta":{"origin":3444,"position":1},"title":"El ministerio de las Mujeres otorgar\u00e1 subsidios para casos de violencia de g\u00e9nero","author":"GB","date":"30\/03\/2020","format":false,"excerpt":"En lo que va del aislamiento social y obligatorio, ya se registraron 10 casos de femicidios. Ante el recrudecimiento de la violencia, Kicillof autoriz\u00f3 el otorgamiento de subsidios para gastos que puedan tener las v\u00edctimas. El gobernador bonaerense, Axel Kicillof, autoriz\u00f3 esta ma\u00f1ana, mediante el Decreto 178 al Ministerio de\u2026","rel":"","context":"En \u00abProvincia\u00bb","block_context":{"text":"Provincia","link":"https:\/\/www.24baires.com\/?cat=40"},"img":{"alt_text":"","src":"https:\/\/i0.wp.com\/www.24baires.com\/wp-content\/uploads\/2020\/03\/MINISTERIO-MUJERES.jpg?resize=350%2C200","width":350,"height":200,"srcset":"https:\/\/i0.wp.com\/www.24baires.com\/wp-content\/uploads\/2020\/03\/MINISTERIO-MUJERES.jpg?resize=350%2C200 1x, https:\/\/i0.wp.com\/www.24baires.com\/wp-content\/uploads\/2020\/03\/MINISTERIO-MUJERES.jpg?resize=525%2C300 1.5x"},"classes":[]},{"id":28742,"url":"https:\/\/www.24baires.com\/?p=28742","url_meta":{"origin":3444,"position":2},"title":"\u00abTarjeta roja para los que difaman y pegan a las mujeres y para los que apa\u00f1an a delincuentes\u00bb","author":"Grupo Sierra","date":"22\/07\/2013","format":false,"excerpt":"LOMAS DE ZAMORA.- La Presidenta critic\u00f3 a las dirigencias deportivas, en referencia a la muerte de dos barras de Boca que fallecieron ayer durante un enfrentamiento. Adem\u00e1s, inst\u00f3 esa sanci\u00f3n sobre \"los que difaman y pegan a las mujeres\". La presidenta Cristina Fern\u00e1ndez de Kirchner sostuvo hoy que hay que\u2026","rel":"","context":"En \u00abPol\u00edtica\u00bb","block_context":{"text":"Pol\u00edtica","link":"https:\/\/www.24baires.com\/?cat=51"},"img":{"alt_text":"cristina tarjeta roja","src":"https:\/\/i0.wp.com\/www.24baires.com\/wp-content\/uploads\/2013\/07\/cristina-tarjeta-roja.jpg?resize=350%2C200","width":350,"height":200,"srcset":"https:\/\/i0.wp.com\/www.24baires.com\/wp-content\/uploads\/2013\/07\/cristina-tarjeta-roja.jpg?resize=350%2C200 1x, https:\/\/i0.wp.com\/www.24baires.com\/wp-content\/uploads\/2013\/07\/cristina-tarjeta-roja.jpg?resize=525%2C300 1.5x"},"classes":[]},{"id":102866,"url":"https:\/\/www.24baires.com\/?p=102866","url_meta":{"origin":3444,"position":3},"title":"Un proyecto busca fomentar la inclusi\u00f3n laboral de v\u00edctimas de violencia de g\u00e9nero","author":"GB","date":"20\/06\/2018","format":false,"excerpt":"La iniciativa propone conceder un beneficio impositivo a las empresas que contraten a las mujeres que hayan sido v\u00edctimas de violencia de g\u00e9nero y puedan acreditar la constancia de su denuncia. La diputada provincial de Cambiemos Maricel Etchecoin present\u00f3 un proyecto de ley que busca \"fomentar la inclusi\u00f3n\" en el\u2026","rel":"","context":"En \u00abSociedad\u00bb","block_context":{"text":"Sociedad","link":"https:\/\/www.24baires.com\/?cat=1"},"img":{"alt_text":"","src":"https:\/\/i0.wp.com\/www.24baires.com\/wp-content\/uploads\/2018\/06\/ni-una-menos.jpg?resize=350%2C200","width":350,"height":200,"srcset":"https:\/\/i0.wp.com\/www.24baires.com\/wp-content\/uploads\/2018\/06\/ni-una-menos.jpg?resize=350%2C200 1x, https:\/\/i0.wp.com\/www.24baires.com\/wp-content\/uploads\/2018\/06\/ni-una-menos.jpg?resize=525%2C300 1.5x"},"classes":[]},{"id":92936,"url":"https:\/\/www.24baires.com\/?p=92936","url_meta":{"origin":3444,"position":4},"title":"Una mujer es v\u00edctima de femicidio cada cuatro d\u00edas en la Provincia","author":"GB","date":"09\/03\/2017","format":false,"excerpt":"Durante 2016 se registraron 90 casos de femicidio y se iniciaron m\u00e1s de 95 mil causas por violencia familiar o de g\u00e9nero en territorio bonaerense, casi un 40 por ciento m\u00e1s que el a\u00f1o anterior. Durante todo el a\u00f1o pasado se registraron 90 casos de femicidio, a un promedio de\u2026","rel":"","context":"En \u00abProvincia\u00bb","block_context":{"text":"Provincia","link":"https:\/\/www.24baires.com\/?cat=40"},"img":{"alt_text":"","src":"https:\/\/i0.wp.com\/www.24baires.com\/wp-content\/uploads\/2017\/03\/ni-una-menos.jpg?resize=350%2C200","width":350,"height":200,"srcset":"https:\/\/i0.wp.com\/www.24baires.com\/wp-content\/uploads\/2017\/03\/ni-una-menos.jpg?resize=350%2C200 1x, https:\/\/i0.wp.com\/www.24baires.com\/wp-content\/uploads\/2017\/03\/ni-una-menos.jpg?resize=525%2C300 1.5x"},"classes":[]},{"id":107701,"url":"https:\/\/www.24baires.com\/?p=107701","url_meta":{"origin":3444,"position":5},"title":"El acoso callejero ya es \u00abviolencia contra la mujer\u00bb","author":"AF","date":"16\/04\/2019","format":false,"excerpt":"Por unanimidad, el Senado sancion\u00f3 anoche la ley que incorpora el acoso callejero como un modo de violencia de g\u00e9nero, adem\u00e1s de introducir su definici\u00f3n en la Ley 26.485, conocida como Ley de Protecci\u00f3n Integral a las Mujeres. El proyecto hab\u00eda sido presentado por la ex diputada (FpV) Diana Conti,\u2026","rel":"","context":"En \u00abLocales\u00bb","block_context":{"text":"Locales","link":"https:\/\/www.24baires.com\/?cat=38"},"img":{"alt_text":"","src":"https:\/\/i0.wp.com\/www.24baires.com\/wp-content\/uploads\/2019\/04\/acoso.jpg?resize=350%2C200","width":350,"height":200,"srcset":"https:\/\/i0.wp.com\/www.24baires.com\/wp-content\/uploads\/2019\/04\/acoso.jpg?resize=350%2C200 1x, https:\/\/i0.wp.com\/www.24baires.com\/wp-content\/uploads\/2019\/04\/acoso.jpg?resize=525%2C300 1.5x"},"classes":[]}],"jetpack_sharing_enabled":true,"jetpack_likes_enabled":true,"_links":{"self":[{"href":"https:\/\/www.24baires.com\/index.php?rest_route=\/wp\/v2\/posts\/3444","targetHints":{"allow":["GET"]}}],"collection":[{"href":"https:\/\/www.24baires.com\/index.php?rest_route=\/wp\/v2\/posts"}],"about":[{"href":"https:\/\/www.24baires.com\/index.php?rest_route=\/wp\/v2\/types\/post"}],"author":[{"embeddable":true,"href":"https:\/\/www.24baires.com\/index.php?rest_route=\/wp\/v2\/users\/4"}],"replies":[{"embeddable":true,"href":"https:\/\/www.24baires.com\/index.php?rest_route=%2Fwp%2Fv2%2Fcomments&post=3444"}],"version-history":[{"count":1,"href":"https:\/\/www.24baires.com\/index.php?rest_route=\/wp\/v2\/posts\/3444\/revisions"}],"predecessor-version":[{"id":3446,"href":"https:\/\/www.24baires.com\/index.php?rest_route=\/wp\/v2\/posts\/3444\/revisions\/3446"}],"wp:attachment":[{"href":"https:\/\/www.24baires.com\/index.php?rest_route=%2Fwp%2Fv2%2Fmedia&parent=3444"}],"wp:term":[{"taxonomy":"category","embeddable":true,"href":"https:\/\/www.24baires.com\/index.php?rest_route=%2Fwp%2Fv2%2Fcategories&post=3444"},{"taxonomy":"post_tag","embeddable":true,"href":"https:\/\/www.24baires.com\/index.php?rest_route=%2Fwp%2Fv2%2Ftags&post=3444"}],"curies":[{"name":"wp","href":"https:\/\/api.w.org\/{rel}","templated":true}]}}