{"id":3441,"date":"2012-10-27T16:55:18","date_gmt":"2012-10-27T19:55:18","guid":{"rendered":"http:\/\/www.24baires.com\/?p=3441"},"modified":"2012-10-28T17:51:08","modified_gmt":"2012-10-28T20:51:08","slug":"sigo-sintiendo-la-ausencia-de-nestor-todos-los-dias-confeso-adela-segarra","status":"publish","type":"post","link":"https:\/\/www.24baires.com\/?p=3441","title":{"rendered":"\u00abSigo sintiendo la ausencia de N\u00e9stor todos los d\u00edas\u00bb confes\u00f3 Adela Segarra"},"content":{"rendered":"<p><img data-recalc-dims=\"1\" loading=\"lazy\" decoding=\"async\" class=\"aligncenter size-full wp-image-3454\" title=\"segarra nestor2\" src=\"https:\/\/i0.wp.com\/www.24baires.com\/wp-content\/uploads\/2012\/10\/segarra-nestor2.jpg?resize=560%2C341\" alt=\"\" width=\"560\" height=\"341\" srcset=\"https:\/\/i0.wp.com\/www.24baires.com\/wp-content\/uploads\/2012\/10\/segarra-nestor2.jpg?w=560&amp;ssl=1 560w, https:\/\/i0.wp.com\/www.24baires.com\/wp-content\/uploads\/2012\/10\/segarra-nestor2.jpg?resize=300%2C182&amp;ssl=1 300w\" sizes=\"auto, (max-width: 560px) 100vw, 560px\" \/><\/p>\n<p>La diputada nacional por el Frente para la Victoria (FpV) de la Provincia de Buenos Aires, Adela Segarra, record\u00f3 hoy al ex presidente N\u00e9stor Kirchner, al cumplirse dos a\u00f1os de su muerte.<!--more--><\/p>\n<p>En di\u00e1logo con <a href=\"http:\/\/www.sierradelospadres.com.ar\/nativa.htm\" target=\"_blank\">Radio Nativa<\/a> y al cumplirse el segundo aniversario de la muerte del ex presidente N\u00e9stor Kirchner, la diputada nacional Adela Segarra, record\u00f3 \u00a0uno de los momentos m\u00e1s emotivos que pas\u00f3 junto al ex Presidente: \u00abTuve la oportunidad de decirle a N\u00e9stor: &#8216;soy tu soldada&#8217; y \u00e9l me respondi\u00f3: &#8216;no, yo soy el soldado de ustedes&#8217;. \u00bb<\/p>\n<p>\u00abN\u00e9stor fue el compa\u00f1ero que volvi\u00f3 a poner la pol\u00edtica en escena, que nos volvi\u00f3 a dar el deseo y la posibilidad de participar, de ser parte real de la pol\u00edtica y de un proyecto. Siempre sent\u00ed que me acompa\u00f1aba, que me gu\u00edaba, que me cuidaba. A Cristina la quiero mucho, pero a\u00fan sigo sintiendo todos los d\u00edas la ausencia de N\u00e9stor\u00bb, confes\u00f3 Segarra.<\/p>\n<p>\u00ab\u00c9l tuvo una l\u00f3gica de concepci\u00f3n de la pol\u00edtica muy parecida a esa matriz con la que nosotros empezamos a militar en los &#8217;70, que era la de ir construyendo poder, avanzar y seguir construyendo poder, conciente de que ese poder no es f\u00e1cil de conquistar teniendo en frente enemigos tan fuertes como lo son los sectores de la econom\u00eda concentrada y los monopolios medi\u00e1ticos. \u00c9l planteaba con total claridad esas batallas, eso ten\u00eda mucha relaci\u00f3n con nuestra gen\u00e9sis de militantes\u00bb, record\u00f3 la diputada.<\/p>\n<p>Rememorando el voto negativo de Julio Cobos a la resoluci\u00f3n 125, que establec\u00eda la movilidad de las retenciones a las exportaciones del sector agropecuario, la Diputada Nacional sostuvo que \u00abCobos, m\u00e1s que a Cristina, traicion\u00f3 a N\u00e9stor, porque la idea de ponerlo a Cobos de vicepresidente la sostuvo m\u00e1s \u00e9l, aunque a ella esa pelea la lastim\u00f3 much\u00edsimo. Fue una traici\u00f3n al proyecto.\u00bb<\/p>\n","protected":false},"excerpt":{"rendered":"<p>La diputada nacional por el Frente para la Victoria (FpV) de la Provincia de Buenos Aires, Adela Segarra, record\u00f3 hoy al ex presidente N\u00e9stor Kirchner, al cumplirse dos a\u00f1os de su muerte.<\/p>\n","protected":false},"author":4,"featured_media":0,"comment_status":"open","ping_status":"open","sticky":false,"template":"","format":"standard","meta":{"_jetpack_newsletter_access":"","_jetpack_dont_email_post_to_subs":false,"_jetpack_newsletter_tier_id":0,"_jetpack_memberships_contains_paywalled_content":false,"_jetpack_memberships_contains_paid_content":false,"footnotes":""},"categories":[51],"tags":[],"class_list":["post-3441","post","type-post","status-publish","format-standard","hentry","category-politica"],"jetpack_featured_media_url":"","jetpack_shortlink":"https:\/\/wp.me\/p2JWE0-Tv","jetpack-related-posts":[{"id":34729,"url":"https:\/\/www.24baires.com\/?p=34729","url_meta":{"origin":3441,"position":0},"title":"Proponen establecer el d\u00eda de la integraci\u00f3n de los pueblos latinoamericanos","author":"AF","date":"06\/11\/2013","format":false,"excerpt":"Al cumplirse ocho a\u00f1os del pronunciamiento de los pa\u00edses de Am\u00e9rica del Sur contra el ALCA, fue presentado en el Consejo Deliberantes de Mar del Plata una iniciativa que instituya al 5 de noviembre como el \u201cD\u00eda de la Integraci\u00f3n de los Pueblos Latinoamericanos\u201d. En la IV Cumbre de las\u2026","rel":"","context":"En \u00abPol\u00edtica\u00bb","block_context":{"text":"Pol\u00edtica","link":"https:\/\/www.24baires.com\/?cat=51"},"img":{"alt_text":"","src":"","width":0,"height":0},"classes":[]},{"id":120269,"url":"https:\/\/www.24baires.com\/?p=120269","url_meta":{"origin":3441,"position":1},"title":"Cristina a Macri: \u201cUsted es muy mentiroso, ingeniero\u201d","author":"AF","date":"10\/07\/2023","format":false,"excerpt":"Los ex mandatarios se cruzaron en Twitter por la pol\u00edtica energ\u00e9tica de sus gobiernos y la inauguraci\u00f3n de la obra en Salliquel\u00f3. El dirigente de Juntos por el Cambio hab\u00eda calificado al kirchnerismo como el \u201cpeor gobierno de la historia\u201d. La vicepresidenta Cristina Fern\u00e1ndez de Kirchner tild\u00f3 hoy de \u201cmuy\u2026","rel":"","context":"En \u00abPol\u00edtica\u00bb","block_context":{"text":"Pol\u00edtica","link":"https:\/\/www.24baires.com\/?cat=51"},"img":{"alt_text":"","src":"https:\/\/i0.wp.com\/www.24baires.com\/wp-content\/uploads\/2021\/10\/macri.jpg?resize=350%2C200","width":350,"height":200,"srcset":"https:\/\/i0.wp.com\/www.24baires.com\/wp-content\/uploads\/2021\/10\/macri.jpg?resize=350%2C200 1x, https:\/\/i0.wp.com\/www.24baires.com\/wp-content\/uploads\/2021\/10\/macri.jpg?resize=525%2C300 1.5x, https:\/\/i0.wp.com\/www.24baires.com\/wp-content\/uploads\/2021\/10\/macri.jpg?resize=700%2C400 2x"},"classes":[]},{"id":108392,"url":"https:\/\/www.24baires.com\/?p=108392","url_meta":{"origin":3441,"position":2},"title":"Alberto y Cristina Fern\u00e1ndez presentaron su candidatura en Merlo","author":"AF","date":"26\/05\/2019","format":false,"excerpt":"El precandidato a presidente se present\u00f3 con su candidata a vice, la ex mandataria Cristina Kirchner: \"Yo estuve en el laberinto de la crisis y se c\u00f3mo salir\", enfatiz\u00f3 Alberto. Alberto Fern\u00e1ndez present\u00f3 su f\u00f3rmula junto a Cristina Kirchner de cara a las elecciones presidenciales de octubre en la que\u2026","rel":"","context":"En \u00abPol\u00edtica\u00bb","block_context":{"text":"Pol\u00edtica","link":"https:\/\/www.24baires.com\/?cat=51"},"img":{"alt_text":"","src":"https:\/\/i0.wp.com\/www.24baires.com\/wp-content\/uploads\/2019\/05\/alberto-cristina-fernandez-merlo.jpg?resize=350%2C200","width":350,"height":200,"srcset":"https:\/\/i0.wp.com\/www.24baires.com\/wp-content\/uploads\/2019\/05\/alberto-cristina-fernandez-merlo.jpg?resize=350%2C200 1x, https:\/\/i0.wp.com\/www.24baires.com\/wp-content\/uploads\/2019\/05\/alberto-cristina-fernandez-merlo.jpg?resize=525%2C300 1.5x"},"classes":[]},{"id":112689,"url":"https:\/\/www.24baires.com\/?p=112689","url_meta":{"origin":3441,"position":3},"title":"Vot\u00f3 Alberto y record\u00f3 a N\u00e9stor: \u201cestoy seguro que me est\u00e1 ayudando\u00bb","author":"GB","date":"27\/10\/2019","format":false,"excerpt":"El candidato a presidente del Frente de Todos emitir\u00e1 su voto en la mesa 68 de la Universidad Cat\u00f3lica Argentina (UCA), en Puerto Madero. En la previa, record\u00f3 a N\u00e9stor Kirchner al cumplirse nueve a\u00f1os de su fallecimiento. El candidato a presidente del Frente de Todos, Alberto Fern\u00e1ndez, emiti\u00f3 su\u2026","rel":"","context":"En \u00abELECCIONES 2019\u00bb","block_context":{"text":"ELECCIONES 2019","link":"https:\/\/www.24baires.com\/?cat=329"},"img":{"alt_text":"","src":"https:\/\/i0.wp.com\/www.24baires.com\/wp-content\/uploads\/2019\/10\/alberto.jpg?resize=350%2C200","width":350,"height":200,"srcset":"https:\/\/i0.wp.com\/www.24baires.com\/wp-content\/uploads\/2019\/10\/alberto.jpg?resize=350%2C200 1x, https:\/\/i0.wp.com\/www.24baires.com\/wp-content\/uploads\/2019\/10\/alberto.jpg?resize=525%2C300 1.5x"},"classes":[]},{"id":100442,"url":"https:\/\/www.24baires.com\/?p=100442","url_meta":{"origin":3441,"position":4},"title":"CFK: \u00abEl \u00fanico argumento es la persecuci\u00f3n pol\u00edtica\u00bb","author":"AF","date":"08\/02\/2018","format":false,"excerpt":"La ex presidenta atribuy\u00f3 la denuncia por \"da\u00f1os y perjuicios\" por 22.500 millones pesos de Javier Iguacel, titular de Vialidad, a la campa\u00f1a instrumentada en su contra por el Gobierno. Marc\u00f3 las contradicciones de la presentaci\u00f3n judicial y pidi\u00f3 que se cite como testigos a todos los que fueron jefes\u2026","rel":"","context":"En \u00abPol\u00edtica\u00bb","block_context":{"text":"Pol\u00edtica","link":"https:\/\/www.24baires.com\/?cat=51"},"img":{"alt_text":"","src":"https:\/\/i0.wp.com\/www.24baires.com\/wp-content\/uploads\/2017\/09\/cristina.jpg?resize=350%2C200","width":350,"height":200,"srcset":"https:\/\/i0.wp.com\/www.24baires.com\/wp-content\/uploads\/2017\/09\/cristina.jpg?resize=350%2C200 1x, https:\/\/i0.wp.com\/www.24baires.com\/wp-content\/uploads\/2017\/09\/cristina.jpg?resize=525%2C300 1.5x"},"classes":[]},{"id":105136,"url":"https:\/\/www.24baires.com\/?p=105136","url_meta":{"origin":3441,"position":5},"title":"En el aniversario de la muerte de Kirchner, M\u00e1ximo pidi\u00f3 \u00abreflexionar muy bien\u00bb a la hora de votar","author":"AF","date":"27\/10\/2018","format":false,"excerpt":"El diputado y l\u00edder de La C\u00e1mpora encabez\u00f3 un acto, rodeado de militantes y dirigentes, en Villa Palito en La Matanza. A ocho a\u00f1os de la muerte del ex presidente N\u00e9stor Kirchner, el l\u00edder de La C\u00e1mpora, M\u00e1ximo Kirchner, encabez\u00f3 un acto en Villa Palito en La Matanza y les\u2026","rel":"","context":"En \u00abPol\u00edtica\u00bb","block_context":{"text":"Pol\u00edtica","link":"https:\/\/www.24baires.com\/?cat=51"},"img":{"alt_text":"","src":"https:\/\/i0.wp.com\/www.24baires.com\/wp-content\/uploads\/2018\/10\/m%C3%A1ximo-kirchner.jpg?resize=350%2C200","width":350,"height":200,"srcset":"https:\/\/i0.wp.com\/www.24baires.com\/wp-content\/uploads\/2018\/10\/m%C3%A1ximo-kirchner.jpg?resize=350%2C200 1x, https:\/\/i0.wp.com\/www.24baires.com\/wp-content\/uploads\/2018\/10\/m%C3%A1ximo-kirchner.jpg?resize=525%2C300 1.5x"},"classes":[]}],"jetpack_sharing_enabled":true,"jetpack_likes_enabled":true,"_links":{"self":[{"href":"https:\/\/www.24baires.com\/index.php?rest_route=\/wp\/v2\/posts\/3441","targetHints":{"allow":["GET"]}}],"collection":[{"href":"https:\/\/www.24baires.com\/index.php?rest_route=\/wp\/v2\/posts"}],"about":[{"href":"https:\/\/www.24baires.com\/index.php?rest_route=\/wp\/v2\/types\/post"}],"author":[{"embeddable":true,"href":"https:\/\/www.24baires.com\/index.php?rest_route=\/wp\/v2\/users\/4"}],"replies":[{"embeddable":true,"href":"https:\/\/www.24baires.com\/index.php?rest_route=%2Fwp%2Fv2%2Fcomments&post=3441"}],"version-history":[{"count":3,"href":"https:\/\/www.24baires.com\/index.php?rest_route=\/wp\/v2\/posts\/3441\/revisions"}],"predecessor-version":[{"id":3545,"href":"https:\/\/www.24baires.com\/index.php?rest_route=\/wp\/v2\/posts\/3441\/revisions\/3545"}],"wp:attachment":[{"href":"https:\/\/www.24baires.com\/index.php?rest_route=%2Fwp%2Fv2%2Fmedia&parent=3441"}],"wp:term":[{"taxonomy":"category","embeddable":true,"href":"https:\/\/www.24baires.com\/index.php?rest_route=%2Fwp%2Fv2%2Fcategories&post=3441"},{"taxonomy":"post_tag","embeddable":true,"href":"https:\/\/www.24baires.com\/index.php?rest_route=%2Fwp%2Fv2%2Ftags&post=3441"}],"curies":[{"name":"wp","href":"https:\/\/api.w.org\/{rel}","templated":true}]}}