{"id":3438,"date":"2012-10-27T13:32:50","date_gmt":"2012-10-27T16:32:50","guid":{"rendered":"http:\/\/www.24baires.com\/?p=3438"},"modified":"2012-10-27T14:42:27","modified_gmt":"2012-10-27T17:42:27","slug":"familiares-de-nina-de-13-anos-desaparecida-desde-hace-doce-dias-reclaman-su-aparicion","status":"publish","type":"post","link":"https:\/\/www.24baires.com\/?p=3438","title":{"rendered":"Familiares de ni\u00f1a de 13 a\u00f1os desaparecida desde hace doce d\u00edas reclaman su aparici\u00f3n"},"content":{"rendered":"<p>Se trata de Mariel Brenda Betancur, de quien se desconoce el paradero hace doce d\u00edas cuando emprendi\u00f3 el trayecto de su casa a la escuela. Se sospecha de un hombre que la viol\u00f3 hace poco m\u00e1s de un mes. Familiares denuncian inacci\u00f3n de la Justicia y la polic\u00eda. Este viernes cortaron parcialmente uno de los accesos a la ciudad de La Plata para reclamar su aparici\u00f3n.<!--more--><\/p>\n<p>Familiares y amigos de Mariel Brenda Betancur, una ni\u00f1a de 13 a\u00f1os desaparecida desde 15 de octubre, cortaron ayer parte de la avenida 44 a la altura de la localidad de \u00c1ngel Etcheverry para dar a conocer la situaci\u00f3n y reclamar su aparici\u00f3n con vida.<\/p>\n<p>Fue este mediod\u00eda de viernes, cuando una veintena de persona cortaron pac\u00edficamente un carril de la mano que sirve de acceso a la ciudad de La Plata, con pancartas y volantes con la imagen de la ni\u00f1a.<\/p>\n<p>La madre de la menor, Marta Magdalena Betancur, confirm\u00f3 que se desconoce su paradero desde el 15 de octubre, \u201ccuando se dirig\u00eda de casa (en la ruta 2 Km 57) a la escuela (la N\u00b0 61])\u201d, vistiendo \u201cuna calza negra y remera verde claro\u201d.<\/p>\n<p>El abogado de la familia, Pablo Cuomo, revel\u00f3 que la joven fue violada hace poco m\u00e1s de un mes por Horacio An\u00edbal Abal, episodio denunciado y corroborado por la Unidad de Delitos Sexuales de La Plata, del que tom\u00f3 intervenci\u00f3n la Fiscal\u00eda N\u00b03 a cargo de Marcelo Martini.<\/p>\n<p>Para Cuomo, las sospechas por la desaparici\u00f3n de su defendida recaen sobre el denunciado como principal sospechoso, pero extra\u00f1a la inacci\u00f3n de la justicia y la polic\u00eda, \u201cS\u00f3lo me dicen que hay que esperar\u201d, dijo la madre.<\/p>\n<p>Asimismo, la mujer neg\u00f3 cualquier tipo de conflicto familiar que podr\u00eda haber promovido la desaparici\u00f3n voluntaria de su hija. \u201cNo hubo ninguna pelea, ni con nosotros o alg\u00fan noviecito\u201d, confi\u00f3, revelando que la ni\u00f1a \u201cno llevaba con ella el celular (como era usual para hallarla), porque la maestra le hab\u00eda dicho que \u2018a la escuela no se va a mandar mensajes de texto\u2019\u201d.<\/p>\n","protected":false},"excerpt":{"rendered":"<p>Se trata de Mariel Brenda Betancur, de quien se desconoce el paradero hace doce d\u00edas cuando emprendi\u00f3 el trayecto de su casa a la escuela. Se sospecha de un hombre que la viol\u00f3 hace poco m\u00e1s de un mes. Familiares denuncian inacci\u00f3n de la Justicia y la polic\u00eda. Este viernes cortaron parcialmente uno de los accesos a la ciudad de [&#8230;]<\/p>\n","protected":false},"author":4,"featured_media":0,"comment_status":"open","ping_status":"open","sticky":false,"template":"","format":"standard","meta":{"_jetpack_newsletter_access":"","_jetpack_dont_email_post_to_subs":false,"_jetpack_newsletter_tier_id":0,"_jetpack_memberships_contains_paywalled_content":false,"_jetpack_memberships_contains_paid_content":false,"footnotes":""},"categories":[38],"tags":[],"class_list":["post-3438","post","type-post","status-publish","format-standard","hentry","category-locales"],"jetpack_featured_media_url":"","jetpack_shortlink":"https:\/\/wp.me\/p2JWE0-Ts","jetpack-related-posts":[{"id":71113,"url":"https:\/\/www.24baires.com\/?p=71113","url_meta":{"origin":3438,"position":0},"title":"La Plata marcha reclamando la aparici\u00f3n de la estudiante desaparecida","author":"AF","date":"25\/08\/2015","format":false,"excerpt":"La Universidad Nacional de La Plata (UNLP) convoca a la comunidad a participar de la movilizaci\u00f3n prevista para este martes a las 14 horas, para reclamar la aparici\u00f3n de Rut \u00c1vila Zambrana, la joven estudiante de Ingenier\u00eda que se encuentra desaparecida desde el pasado martes 18 de agosto. La marcha,\u2026","rel":"","context":"En \u00abLocales\u00bb","block_context":{"text":"Locales","link":"https:\/\/www.24baires.com\/?cat=38"},"img":{"alt_text":"rut zambrana","src":"https:\/\/i0.wp.com\/www.24baires.com\/wp-content\/uploads\/2015\/08\/rut-zambrana.png?resize=350%2C200","width":350,"height":200},"classes":[]},{"id":116164,"url":"https:\/\/www.24baires.com\/?p=116164","url_meta":{"origin":3438,"position":1},"title":"Tras los reclamos, el Gobierno otorgar\u00e1 un aumento salarial para polic\u00edas","author":"AF","date":"08\/09\/2020","format":false,"excerpt":"Ayer, efectivos retirados de la Polic\u00eda bonaerense y agentes en actividad, francos de servicio, realizaron una protesta en el centro de la ciudad de La Plata en reclamo de una mejora salarial y en demanda de insumos para prevenir el contagio del coronavirus. El jefe de Gabinete bonaerense, Carlos Bianco,\u2026","rel":"","context":"En \u00abProvincia\u00bb","block_context":{"text":"Provincia","link":"https:\/\/www.24baires.com\/?cat=40"},"img":{"alt_text":"","src":"https:\/\/i0.wp.com\/www.24baires.com\/wp-content\/uploads\/2020\/09\/575aa7179725b_1004x669.jpg?resize=350%2C200","width":350,"height":200,"srcset":"https:\/\/i0.wp.com\/www.24baires.com\/wp-content\/uploads\/2020\/09\/575aa7179725b_1004x669.jpg?resize=350%2C200 1x, https:\/\/i0.wp.com\/www.24baires.com\/wp-content\/uploads\/2020\/09\/575aa7179725b_1004x669.jpg?resize=525%2C300 1.5x"},"classes":[]},{"id":34523,"url":"https:\/\/www.24baires.com\/?p=34523","url_meta":{"origin":3438,"position":2},"title":"Buscan a una nena de 12 a\u00f1os desaparecida el mi\u00e9rcoles en Isidro Casanova","author":"AF","date":"02\/11\/2013","format":false,"excerpt":"Familiares, amigos y polic\u00edas bonaerenses buscaban hoy a una ni\u00f1a de 12 a\u00f1os que est\u00e1 desaparecida desde el mi\u00e9rcoles pasado, cuando sali\u00f3 de su casa hacia una clase de gimnasia en Isidro Casanova, partido de La Matanza. Antonella Enr\u00edquez, \"vest\u00eda una calza negra y una campera\". Familiares, amigos y polic\u00edas\u2026","rel":"","context":"En \u00abSociedad\u00bb","block_context":{"text":"Sociedad","link":"https:\/\/www.24baires.com\/?cat=1"},"img":{"alt_text":"antonella enr\u00edquez","src":"https:\/\/i0.wp.com\/www.24baires.com\/wp-content\/uploads\/2013\/11\/antonella-enr%C3%ADquez-300x187.jpg?resize=350%2C200","width":350,"height":200},"classes":[]},{"id":48561,"url":"https:\/\/www.24baires.com\/?p=48561","url_meta":{"origin":3438,"position":3},"title":"La Matanza: apareci\u00f3 la embarazada buscada hace m\u00e1s de 15 d\u00edas","author":"GB","date":"23\/06\/2014","format":false,"excerpt":"La mujer fue vista por \u00faltima vez cuando sal\u00eda de su casa en Isidro Casanova. Luego de una intensa b\u00fasqueda de sus familiares, fue encontrada en el hospital Fern\u00e1ndez. Brenda Rodr\u00edguez, una mujer de 30 a\u00f1os embarazada de ocho meses y medio que se encontraba desaparecida desde el 6 de\u2026","rel":"","context":"En \u00abSociedad\u00bb","block_context":{"text":"Sociedad","link":"https:\/\/www.24baires.com\/?cat=1"},"img":{"alt_text":"mujer desa","src":"https:\/\/i0.wp.com\/www.24baires.com\/wp-content\/uploads\/2014\/06\/mujer-desa.jpg?resize=350%2C200","width":350,"height":200,"srcset":"https:\/\/i0.wp.com\/www.24baires.com\/wp-content\/uploads\/2014\/06\/mujer-desa.jpg?resize=350%2C200 1x, https:\/\/i0.wp.com\/www.24baires.com\/wp-content\/uploads\/2014\/06\/mujer-desa.jpg?resize=525%2C300 1.5x"},"classes":[]},{"id":48420,"url":"https:\/\/www.24baires.com\/?p=48420","url_meta":{"origin":3438,"position":4},"title":"Buscan intensamente a una mujer a punto de dar a luz","author":"Grupo Sierra","date":"20\/06\/2014","format":false,"excerpt":"LA MATANZA- \"Es raro que salga sin llevar nada, ni siquiera el celular, estando con un embarazo tan avanzado\", dijo su cu\u00f1ada. Est\u00e1 de ocho meses y medio. Brenda Rodr\u00edguez, una mujer de 30 a\u00f1os embarazada de 8 meses y medio, desapareci\u00f3 el pasado 6 de junio al mediod\u00eda, cuando\u2026","rel":"","context":"En \u00abLocales\u00bb","block_context":{"text":"Locales","link":"https:\/\/www.24baires.com\/?cat=38"},"img":{"alt_text":"brenda rodriguez","src":"https:\/\/i0.wp.com\/www.24baires.com\/wp-content\/uploads\/2014\/06\/brenda-rodriguez-280x300.jpg?resize=350%2C200","width":350,"height":200},"classes":[]},{"id":48472,"url":"https:\/\/www.24baires.com\/?p=48472","url_meta":{"origin":3438,"position":5},"title":"Buscan en La Matanza a una mujer embarazada que desapareci\u00f3","author":"GB","date":"22\/06\/2014","format":false,"excerpt":"Brenda Rodr\u00edguez, una mujer de 30 a\u00f1os embarazada de 8 meses y medio, desapareci\u00f3 el pasado 6 de junio, cuando se la vio por \u00faltima vez al salir de su casa en la localidad de Isidro Casanova, partido de La Matanza, informaron sus familiares. Brenda \"ten\u00eda fecha de parto para\u2026","rel":"","context":"En \u00abMunicipios\u00bb","block_context":{"text":"Municipios","link":"https:\/\/www.24baires.com\/?cat=44"},"img":{"alt_text":"mujer desa","src":"https:\/\/i0.wp.com\/www.24baires.com\/wp-content\/uploads\/2014\/06\/mujer-desa.jpg?resize=350%2C200","width":350,"height":200,"srcset":"https:\/\/i0.wp.com\/www.24baires.com\/wp-content\/uploads\/2014\/06\/mujer-desa.jpg?resize=350%2C200 1x, https:\/\/i0.wp.com\/www.24baires.com\/wp-content\/uploads\/2014\/06\/mujer-desa.jpg?resize=525%2C300 1.5x"},"classes":[]}],"jetpack_sharing_enabled":true,"jetpack_likes_enabled":true,"_links":{"self":[{"href":"https:\/\/www.24baires.com\/index.php?rest_route=\/wp\/v2\/posts\/3438","targetHints":{"allow":["GET"]}}],"collection":[{"href":"https:\/\/www.24baires.com\/index.php?rest_route=\/wp\/v2\/posts"}],"about":[{"href":"https:\/\/www.24baires.com\/index.php?rest_route=\/wp\/v2\/types\/post"}],"author":[{"embeddable":true,"href":"https:\/\/www.24baires.com\/index.php?rest_route=\/wp\/v2\/users\/4"}],"replies":[{"embeddable":true,"href":"https:\/\/www.24baires.com\/index.php?rest_route=%2Fwp%2Fv2%2Fcomments&post=3438"}],"version-history":[{"count":2,"href":"https:\/\/www.24baires.com\/index.php?rest_route=\/wp\/v2\/posts\/3438\/revisions"}],"predecessor-version":[{"id":3440,"href":"https:\/\/www.24baires.com\/index.php?rest_route=\/wp\/v2\/posts\/3438\/revisions\/3440"}],"wp:attachment":[{"href":"https:\/\/www.24baires.com\/index.php?rest_route=%2Fwp%2Fv2%2Fmedia&parent=3438"}],"wp:term":[{"taxonomy":"category","embeddable":true,"href":"https:\/\/www.24baires.com\/index.php?rest_route=%2Fwp%2Fv2%2Fcategories&post=3438"},{"taxonomy":"post_tag","embeddable":true,"href":"https:\/\/www.24baires.com\/index.php?rest_route=%2Fwp%2Fv2%2Ftags&post=3438"}],"curies":[{"name":"wp","href":"https:\/\/api.w.org\/{rel}","templated":true}]}}