{"id":34369,"date":"2013-10-30T17:00:09","date_gmt":"2013-10-30T20:00:09","guid":{"rendered":"http:\/\/www.24baires.com\/?p=34369"},"modified":"2013-10-30T12:37:55","modified_gmt":"2013-10-30T15:37:55","slug":"se-acabaron-los-privilegios-gano-la-democracia","status":"publish","type":"post","link":"https:\/\/www.24baires.com\/?p=34369","title":{"rendered":"Se acabaron los privilegios, gan\u00f3 la Democracia"},"content":{"rendered":"<p><img data-recalc-dims=\"1\" loading=\"lazy\" decoding=\"async\" class=\"aligncenter size-full wp-image-34370\" alt=\"ley-de-medios\" src=\"https:\/\/i0.wp.com\/www.24baires.com\/wp-content\/uploads\/2013\/10\/ley-de-medios.jpg?resize=560%2C397\" width=\"560\" height=\"397\" srcset=\"https:\/\/i0.wp.com\/www.24baires.com\/wp-content\/uploads\/2013\/10\/ley-de-medios.jpg?w=560&amp;ssl=1 560w, https:\/\/i0.wp.com\/www.24baires.com\/wp-content\/uploads\/2013\/10\/ley-de-medios.jpg?resize=300%2C212&amp;ssl=1 300w\" sizes=\"auto, (max-width: 560px) 100vw, 560px\" \/>Desde temprano arrancamos con los rumores, que si, que sal\u00eda la constitucionalidad, que sal\u00eda pero con posibles caricias a Clar\u00edn, como la de los \u201cderechos adquiridos\u201d por los cuales no deb\u00eda desinvertir. Si sal\u00eda as\u00ed era horrible, si sal\u00eda as\u00ed no sal\u00eda, perd\u00edamos la larga lucha de la democratizaci\u00f3n de los medios.<!--more--><\/p>\n<p>Pero los rumores a veces son s\u00f3lo eso, habladur\u00edas del momento, que nacen y mueren r\u00e1pidos como esas mariposas de un d\u00eda. Y pasaba el tiempo, iba llegando el medio d\u00eda, hora donde se hab\u00eda anunciado una conferencia de prensa de la Corte, y las especulaciones crec\u00edan como espuma de cerveza mal servida: todos opin\u00e1bamos, todos ten\u00edamos alguna data dando vuelta, pero hab\u00eda que esperar un poco m\u00e1s, como venimos esperando desde hace cuatro a\u00f1os, desde que debatimos en todos los rincones del pa\u00eds una Ley porque hab\u00eda que cambiar a la de la dictadura, desde que lleg\u00f3 al Congreso, desde que ambas c\u00e1maras la aprobaron y desde que Clar\u00edn, crey\u00e9ndose todav\u00eda amo y se\u00f1or de la informaci\u00f3n, hab\u00eda frenado.<br \/>\nPero sali\u00f3, la Ley de Servicios de Comunicaci\u00f3n Audiovisual es, como siempre supimos, constitucional y debe aplicarse a todos, los de un lado y los del otro. Clar\u00edn debe desinvertir ya, porque el plazo que venci\u00f3 el 7 de diciembre as\u00ed lo determina. Clar\u00edn, el hacedor y terminador de gobiernos democr\u00e1ticos, debe acatar la ley, como todos. La Suprema Corte de Justicia de La Naci\u00f3n, que tard\u00f3 much\u00edsimo, demasiado en fallar, as\u00ed lo dice.<br \/>\nTal vez muchos no lo sepan, no lo entiendan y hasta no les importe, pero hoy, en Argentina, todos y todas nos despertamos en un pa\u00eds un poco m\u00e1s libre y soberano.<br \/>\nY hoy podemos decir, sin el desprecio que escupe H\u00e9ctor Magnetto siempre que debe referirse a la democracia y sus instituciones, -porque nosotros, a diferencia de \u00e9l, amamos y protegemos la democracia-, pero lo podemos decir con la alegr\u00eda de la certeza y la raz\u00f3n que nos confirmaron una y diez veces, que ya no habr\u00e1 m\u00e1s due\u00f1os de la informaci\u00f3n, ya no habr\u00e1 evasores consuetudinarios de la justicia, ya no habr\u00e1 quienes desde un monopolio medi\u00e1tico decidan por millones, hasta a veces quien vive y quien muere, quien aparece, quien desaparece. Podemos decir hoy que con esta Ley se van a terminar los que desde los z\u00f3calos perversos de un programa de televisi\u00f3n, desde la contrataciones de mercenarios de la palabra y la mentira, desde las radios como parlantes expulsores de infamias repetidas, hacen del poder pol\u00edtico su juego de mesa preferido, donde pon\u00edan y sacaban piezas en un ajedrez privado y elitista, en el que nunca perd\u00edan ni hac\u00edan tablas, pero siempre se enriquec\u00edan. Ya no m\u00e1s, ya no m\u00e1s monopolios de la opini\u00f3n, ya no m\u00e1s prerrogativas y privilegios. Porque la libertad, como dijo Cicer\u00f3n, no consiste en tener un buen amo, sino en no tenerlo.<br \/>\nHoy podemos decir, contentos, sin disimular la alegr\u00eda, sin disimular el cansancio de tan larga batalla contra un adversario inmenso, sin esconder la felicidad y la sonrisa, hoy, cuando se cumplen 30 a\u00f1os de que pudimos volver a votar para elegir Presidente de la Naci\u00f3n, hoy, podemos decir: \u201cDirector Ejecutivo de ex oligopolio medi\u00e1tico, puesto menor\u201d.<\/p>\n","protected":false},"excerpt":{"rendered":"<p>Desde temprano arrancamos con los rumores, que si, que sal\u00eda la constitucionalidad, que sal\u00eda pero con posibles caricias a Clar\u00edn, como la de los \u201cderechos adquiridos\u201d por los cuales no deb\u00eda desinvertir. Si sal\u00eda as\u00ed era horrible, si sal\u00eda as\u00ed no sal\u00eda, perd\u00edamos la larga lucha de la democratizaci\u00f3n de los medios.<\/p>\n","protected":false},"author":4,"featured_media":0,"comment_status":"open","ping_status":"open","sticky":false,"template":"","format":"standard","meta":{"_jetpack_newsletter_access":"","_jetpack_dont_email_post_to_subs":false,"_jetpack_newsletter_tier_id":0,"_jetpack_memberships_contains_paywalled_content":false,"_jetpack_memberships_contains_paid_content":false,"footnotes":""},"categories":[64],"tags":[],"class_list":["post-34369","post","type-post","status-publish","format-standard","hentry","category-opinion"],"jetpack_featured_media_url":"","jetpack_shortlink":"https:\/\/wp.me\/p2JWE0-8Wl","jetpack-related-posts":[{"id":77289,"url":"https:\/\/www.24baires.com\/?p=77289","url_meta":{"origin":34369,"position":0},"title":"Viky Xipolitakis, de novia con un l\u00edder de La C\u00e1mpora","author":"AF","date":"07\/01\/2016","format":false,"excerpt":"Tras una ola de rumores, la vedette confirm\u00f3 a trav\u00e9s de su cuenta de Twitter que comenz\u00f3 una relaci\u00f3n afectiva con Jos\u00e9 Ottavis. \"Fuiste mi regalo de Pap\u00e1 Noel\", le dijo ella. Finalmente, y tras tanto esc\u00e1ndalo en el medio, Victoria Jes\u00fas Xipolitakis se enamor\u00f3. La Griega cont\u00f3, a trav\u00e9s\u2026","rel":"","context":"En \u00abEspectaculos\u00bb","block_context":{"text":"Espectaculos","link":"https:\/\/www.24baires.com\/?cat=41"},"img":{"alt_text":"ottavis xipolitakis","src":"https:\/\/i0.wp.com\/www.24baires.com\/wp-content\/uploads\/2016\/01\/ottavis-xipolitakis.jpg?resize=350%2C200","width":350,"height":200,"srcset":"https:\/\/i0.wp.com\/www.24baires.com\/wp-content\/uploads\/2016\/01\/ottavis-xipolitakis.jpg?resize=350%2C200 1x, https:\/\/i0.wp.com\/www.24baires.com\/wp-content\/uploads\/2016\/01\/ottavis-xipolitakis.jpg?resize=525%2C300 1.5x"},"classes":[]},{"id":67628,"url":"https:\/\/www.24baires.com\/?p=67628","url_meta":{"origin":34369,"position":1},"title":"Batistuta rompi\u00f3 el silencio: \u00bfamputar\u00e1n sus piernas?","author":"AF","date":"16\/06\/2015","format":false,"excerpt":"El goleador hist\u00f3rico de la Selecci\u00f3n Argentina sali\u00f3 a aclarar su situaci\u00f3n personal tras los rumores de una supuesta amputaci\u00f3n de tobillos. La salud de Gabriel Omar Batistuta fue tema principal en gran parte de los medios deportivos. En las \u00faltimas horas corri\u00f3 el rumor de que el goleador hist\u00f3rico\u2026","rel":"","context":"En \u00abDeportes\u00bb","block_context":{"text":"Deportes","link":"https:\/\/www.24baires.com\/?cat=12"},"img":{"alt_text":"batistuta","src":"https:\/\/i0.wp.com\/www.24baires.com\/wp-content\/uploads\/2015\/06\/batistuta.jpg?resize=350%2C200","width":350,"height":200,"srcset":"https:\/\/i0.wp.com\/www.24baires.com\/wp-content\/uploads\/2015\/06\/batistuta.jpg?resize=350%2C200 1x, https:\/\/i0.wp.com\/www.24baires.com\/wp-content\/uploads\/2015\/06\/batistuta.jpg?resize=525%2C300 1.5x"},"classes":[]},{"id":46568,"url":"https:\/\/www.24baires.com\/?p=46568","url_meta":{"origin":34369,"position":2},"title":"Pol\u00e9mica por una supuesta carta del Papa a la Presidenta","author":"Grupo Sierra","date":"22\/05\/2014","format":false,"excerpt":"Se trata de un saludo del Sumo Pont\u00edfice que lleg\u00f3 a la Presidencia, pero que desde el Vaticano desmienten. Ahora, el secretario de la Presidencia, Oscar Parrilli, explic\u00f3: \"La carta sali\u00f3 de la Nunciatura, no hab\u00eda por qu\u00e9 dudar\". El secretario General de la Presidencia de la Naci\u00f3n, Oscar Parrilli\u2026","rel":"","context":"En \u00abSociedad\u00bb","block_context":{"text":"Sociedad","link":"https:\/\/www.24baires.com\/?cat=1"},"img":{"alt_text":"papa cristina","src":"https:\/\/i0.wp.com\/www.24baires.com\/wp-content\/uploads\/2014\/03\/papa-cristina.jpg?resize=350%2C200","width":350,"height":200,"srcset":"https:\/\/i0.wp.com\/www.24baires.com\/wp-content\/uploads\/2014\/03\/papa-cristina.jpg?resize=350%2C200 1x, https:\/\/i0.wp.com\/www.24baires.com\/wp-content\/uploads\/2014\/03\/papa-cristina.jpg?resize=525%2C300 1.5x"},"classes":[]},{"id":28636,"url":"https:\/\/www.24baires.com\/?p=28636","url_meta":{"origin":34369,"position":3},"title":"Un bahiense cre\u00f3 un mate \u00abautolimpiante\u00bb y ya es un \u00e9xito en ventas","author":"AF","date":"20\/07\/2013","format":false,"excerpt":"El producto se llama Mate Santo. Tiene un sistema de vaciado \u00fanico. La bombilla est\u00e1 incrustada en un c\u00edrculo que sirve de base interior para el mate. Al retirarla, la yerba sale prensada con forma de cilindro y el mate s\u00f3lo necesita de un r\u00e1pido enjuague. \u201cUn d\u00eda me levante\u2026","rel":"","context":"En \u00abLocales\u00bb","block_context":{"text":"Locales","link":"https:\/\/www.24baires.com\/?cat=38"},"img":{"alt_text":"mate","src":"https:\/\/i0.wp.com\/www.24baires.com\/wp-content\/uploads\/2013\/07\/mate.jpg?resize=350%2C200","width":350,"height":200,"srcset":"https:\/\/i0.wp.com\/www.24baires.com\/wp-content\/uploads\/2013\/07\/mate.jpg?resize=350%2C200 1x, https:\/\/i0.wp.com\/www.24baires.com\/wp-content\/uploads\/2013\/07\/mate.jpg?resize=525%2C300 1.5x"},"classes":[]},{"id":38994,"url":"https:\/\/www.24baires.com\/?p=38994","url_meta":{"origin":34369,"position":4},"title":"San Mart\u00edn: una mujer que aprend\u00eda a manejar mat\u00f3 a una beb\u00e9 y escap\u00f3","author":"Grupo Sierra","date":"22\/01\/2014","format":false,"excerpt":"La se\u00f1ora, que no ten\u00eda licencia, perdi\u00f3 el control del auto. Escap\u00f3 corriendo y se entreg\u00f3 al d\u00eda siguiente. Una tragedia ins\u00f3lita ocurri\u00f3 en Villa Esperanza, partido de San Mart\u00edn, cuando una mujer que aprend\u00eda a manejar perdi\u00f3 el control de su veh\u00edculo y atropell\u00f3 a una beba de seis\u2026","rel":"","context":"En \u00abPoliciales\u00bb","block_context":{"text":"Policiales","link":"https:\/\/www.24baires.com\/?cat=49"},"img":{"alt_text":"","src":"","width":0,"height":0},"classes":[]},{"id":94191,"url":"https:\/\/www.24baires.com\/?p=94191","url_meta":{"origin":34369,"position":5},"title":"Bah\u00eda Blanca: buscan a una nena de 13 a\u00f1os que desapareci\u00f3 de su casa","author":"GB","date":"29\/04\/2017","format":false,"excerpt":"Se trata de Alexandra Manforte que sali\u00f3 sin llevar el celular. Su familia descarta que se haya querido escapar y aseguran que nunca se hab\u00eda ausentado de su domicilio. Polic\u00edas de Bah\u00eda Blanca se encuentran abocados en la b\u00fasqueda de Alexandra Monforte una nena de 13 a\u00f1os que sali\u00f3 de\u2026","rel":"","context":"En \u00abSociedad\u00bb","block_context":{"text":"Sociedad","link":"https:\/\/www.24baires.com\/?cat=1"},"img":{"alt_text":"","src":"https:\/\/i0.wp.com\/www.24baires.com\/wp-content\/uploads\/2017\/04\/alexandra-bahia.jpg?resize=350%2C200","width":350,"height":200,"srcset":"https:\/\/i0.wp.com\/www.24baires.com\/wp-content\/uploads\/2017\/04\/alexandra-bahia.jpg?resize=350%2C200 1x, https:\/\/i0.wp.com\/www.24baires.com\/wp-content\/uploads\/2017\/04\/alexandra-bahia.jpg?resize=525%2C300 1.5x"},"classes":[]}],"jetpack_sharing_enabled":true,"jetpack_likes_enabled":true,"_links":{"self":[{"href":"https:\/\/www.24baires.com\/index.php?rest_route=\/wp\/v2\/posts\/34369","targetHints":{"allow":["GET"]}}],"collection":[{"href":"https:\/\/www.24baires.com\/index.php?rest_route=\/wp\/v2\/posts"}],"about":[{"href":"https:\/\/www.24baires.com\/index.php?rest_route=\/wp\/v2\/types\/post"}],"author":[{"embeddable":true,"href":"https:\/\/www.24baires.com\/index.php?rest_route=\/wp\/v2\/users\/4"}],"replies":[{"embeddable":true,"href":"https:\/\/www.24baires.com\/index.php?rest_route=%2Fwp%2Fv2%2Fcomments&post=34369"}],"version-history":[{"count":1,"href":"https:\/\/www.24baires.com\/index.php?rest_route=\/wp\/v2\/posts\/34369\/revisions"}],"predecessor-version":[{"id":34371,"href":"https:\/\/www.24baires.com\/index.php?rest_route=\/wp\/v2\/posts\/34369\/revisions\/34371"}],"wp:attachment":[{"href":"https:\/\/www.24baires.com\/index.php?rest_route=%2Fwp%2Fv2%2Fmedia&parent=34369"}],"wp:term":[{"taxonomy":"category","embeddable":true,"href":"https:\/\/www.24baires.com\/index.php?rest_route=%2Fwp%2Fv2%2Fcategories&post=34369"},{"taxonomy":"post_tag","embeddable":true,"href":"https:\/\/www.24baires.com\/index.php?rest_route=%2Fwp%2Fv2%2Ftags&post=34369"}],"curies":[{"name":"wp","href":"https:\/\/api.w.org\/{rel}","templated":true}]}}