{"id":34343,"date":"2013-10-29T21:52:26","date_gmt":"2013-10-30T00:52:26","guid":{"rendered":"http:\/\/www.24baires.com\/?p=34343"},"modified":"2013-10-29T21:52:26","modified_gmt":"2013-10-30T00:52:26","slug":"y-un-dia-llegaron-ellos-o-la-loca-historia-del-cable","status":"publish","type":"post","link":"https:\/\/www.24baires.com\/?p=34343","title":{"rendered":"Y un d\u00eda llegaron \u00abellos\u00bb (o la loca historia del cable)"},"content":{"rendered":"<p><img data-recalc-dims=\"1\" loading=\"lazy\" decoding=\"async\" class=\"aligncenter size-full wp-image-10382\" alt=\"cablevisi\u00f3n\" src=\"https:\/\/i0.wp.com\/www.24baires.com\/wp-content\/uploads\/2012\/12\/cablevisi%C3%B3n1.jpg?resize=560%2C372\" width=\"560\" height=\"372\" srcset=\"https:\/\/i0.wp.com\/www.24baires.com\/wp-content\/uploads\/2012\/12\/cablevisi%C3%B3n1.jpg?w=560&amp;ssl=1 560w, https:\/\/i0.wp.com\/www.24baires.com\/wp-content\/uploads\/2012\/12\/cablevisi%C3%B3n1.jpg?resize=300%2C199&amp;ssl=1 300w\" sizes=\"auto, (max-width: 560px) 100vw, 560px\" \/><\/p>\n<p>A fines de los a\u00f1os \u201980, los videocables estaban de moda en casi todo el pa\u00eds. Impulsados por la \u201cera del color\u201d que se inici\u00f3 el 1\u00b0 de mayo de 1980, plena \u00e9poca del \u201cproceso\u201d, donde cualquier recurso era bueno para mantener entretenida y maravillada a la poblaci\u00f3n. La gente descubr\u00eda que se pod\u00eda ver por TV las im\u00e1genes \u201ctal cual\u201d eran en la realidad, dejamos de imaginar los colores para disfrutarlos.<!--more--><\/p>\n<p>La TV por cable se inici\u00f3 en nuestro pa\u00eds en los a\u00f1os \u201960, obra del talento de un joven ingeniero, Don Carlos Muscio, que en la ciudad de Salta adapt\u00f3 una c\u00e1mara de circuito cerrado de TV, de esas que ahora nos vigilan a cada paso nuestras vidas, marca Philips, que emit\u00eda en el canal 2, para que su se\u00f1al se propagara a trav\u00e9s de una red de cables coaxiles. \u00bfPor qu\u00e9 en Salta ? Porque el terreno monta\u00f1oso imped\u00eda recibir se\u00f1ales de TV por aire, como lo pod\u00edan hacer ya varias provincias. Siguieron muchos pueblos cordobeses y tucumanos el modelo salte\u00f1o, pero hasta entonces \u201cel cable\u201d estaba destinado a pueblos peque\u00f1os. Muchos se las ingeniaron para poner antenas receptoras de TV en los cerros, y \u201cbajar\u201d hasta el pueblo las se\u00f1ales de los canales de aire, multiplicando las opciones\u2026 luego el color y los televidentes cada vez mas exigentes, catapultaron \u201cel cable\u201d a grandes ciudades.<br \/>\nY un d\u00eda, cuatro marplatenses so\u00f1adores, medio locos de por s\u00ed, (se sabe que las grandes obras las hacen los locos ,no ?) pero no tontos, comenzaron con la utop\u00eda de hacer realidad la TV por cable. Fue durante 1985 que la ciudad comenz\u00f3 a ver \u201craros cables\u201d y \u201cmuchas cajas\u201d colgadas de los postes de luz, y a fines de ese mismo a\u00f1o, comenzaron a ver \u201cotra televisi\u00f3n\u201d.<br \/>\nLos mas envidiosos y pesimistas dijeron: ja ja ja !! pero quien va a pagar para ver televisi\u00f3n!? no va a andar \u00a1!, parafraseando a un famoso comercial de una bebida alcoh\u00f3lica que no anduvo, protagonizado por \u201cel contra\u201d Calabr\u00f3.<br \/>\nEsos \u201cvivos\u201d, a\u00f1os despu\u00e9s quer\u00edan ser socios de la \u201cempresa de los locos\u201d, viendo los jugosos dividendos que la misma produc\u00eda.<br \/>\nY unos que vieron los \u201cjugosos dividendos\u201d fueron Magnetto y c\u00eda, pope del Grupo Clar\u00edn, que a inicios de 1990 se adjudicaba \u201cCanal 13\u201d. Ellos quer\u00edan entrar en el mercado del cable, y lo hicieron, no por las buenas, sino copiando a David Rockefeller con su \u201cStandard Oil\u201d: o sea, asfixiando a los cableros. Para eso inventaron TyC, Torneos y Competencias; compraron los derechos de televisaci\u00f3n del f\u00fatbol por nada menos que 25 a\u00f1os, y lo sacaron de la TV abierta, pero\u2026 pero siempre hay un pero, si un cable quer\u00eda retransmitir el f\u00fatbol, deber\u00eda firmar con TyC un contrato donde literalmente le vender\u00edan la empresa al Grupo Clar\u00edn en el plazo de 3 a\u00f1os. Y as\u00ed sucedi\u00f3, quien no firm\u00f3 eso, no pod\u00edan transmitir el f\u00fatbol, y encima, el todopoderoso grupo, con el auspicio del \u201cgran riojano\u201d y su COMFER, que daba \u201clicencias Express\u201d a cualquier petici\u00f3n de Magnetto y Herrera de Noble; le pon\u00edan un cable en competencia, a mitad de tarifa, logrando en poco tiempo llevarlos a la quiebra.<\/p>\n<p>Ya para 1996, el Grupo Clar\u00edn era operador de la gran mayor\u00eda de peque\u00f1os y grandes cables, al \u00fanico que no pudo torcerle el brazo fue a Cablevisi\u00f3n, que hab\u00eda sido fundada por Eurnekian, pero que tuvo la visi\u00f3n (valga la redundancia) de predecir el futuro, y le vendi\u00f3 su empresa al consorcio norteamericano TCI2, que operaba redes y se\u00f1ales en estados Unidos, Clar\u00edn no pele\u00f3 con ellos, sino que hizo acuerdos, de lo contrario nunca acceder\u00eda a se\u00f1ales como FOX y HBO, despu\u00e9s de todo, el cable no era s\u00f3lo f\u00fatbol\u2026 en 2005 TCI2 y sus socios locales, le venden la totalidad de las acciones de Cablevisi\u00f3n al Grupo Clar\u00edn, que operaba bajo la marca de \u201cMulticanal\u201d, y usando su astucia logra mediante una compleja ingenier\u00eda legal, que la CNV aprobara la fusi\u00f3n, pasando como alambre ca\u00eddo a la Ley de radiodifusi\u00f3n 22.285, vigente en ese entonces. De ese momento hasta hoy, la historia es conocida. Hoy 29 de octubre, la Corte Suprema ha dado la \u00faltima palabra: Clar\u00edn deber\u00e1 deshacerse de un mont\u00f3n de licencias de TV por cable, y aceptar la libre competencia de \u201cotros locos so\u00f1adores\u201d que inevitablemente sobrevendr\u00e1n a lo largo y a lo ancho del pa\u00eds. Una vez al f\u00edn, como le sucedi\u00f3 a Rockefeller y a su Standard Oil, el que a hierro mata, a hierro morir\u00e1.<\/p>\n<p>&nbsp;<\/p>\n","protected":false},"excerpt":{"rendered":"<p>A fines de los a\u00f1os \u201980, los videocables estaban de moda en casi todo el pa\u00eds. Impulsados por la \u201cera del color\u201d que se inici\u00f3 el 1\u00b0 de mayo de 1980, plena \u00e9poca del \u201cproceso\u201d, donde cualquier recurso era bueno para mantener entretenida y maravillada a la poblaci\u00f3n. La gente descubr\u00eda que se pod\u00eda ver por TV las im\u00e1genes \u201ctal [&#8230;]<\/p>\n","protected":false},"author":11,"featured_media":0,"comment_status":"open","ping_status":"open","sticky":false,"template":"","format":"standard","meta":{"_jetpack_newsletter_access":"","_jetpack_dont_email_post_to_subs":false,"_jetpack_newsletter_tier_id":0,"_jetpack_memberships_contains_paywalled_content":false,"_jetpack_memberships_contains_paid_content":false,"footnotes":""},"categories":[64],"tags":[],"class_list":["post-34343","post","type-post","status-publish","format-standard","hentry","category-opinion"],"jetpack_featured_media_url":"","jetpack_shortlink":"https:\/\/wp.me\/p2JWE0-8VV","jetpack-related-posts":[{"id":39480,"url":"https:\/\/www.24baires.com\/?p=39480","url_meta":{"origin":34343,"position":0},"title":"Afsca reiter\u00f3 los criterios de la adecuaci\u00f3n de las grillas de televisi\u00f3n","author":"GB","date":"29\/01\/2014","format":false,"excerpt":"La Autoridad Federal de Servicios de Comunicaci\u00f3n Audiovisual reiter\u00f3 que todos los operadores de televisi\u00f3n por cable de Argentina deben realizar la totalidad de los cambios necesarios para adecuar sus grillas de canales. En consecuencia, las operadoras deben incluir de forma obligatoria en sus programaciones -tanto en el sistema anal\u00f3gico\u2026","rel":"","context":"En \u00abMedios\u00bb","block_context":{"text":"Medios","link":"https:\/\/www.24baires.com\/?cat=54"},"img":{"alt_text":"","src":"","width":0,"height":0},"classes":[]},{"id":7005,"url":"https:\/\/www.24baires.com\/?p=7005","url_meta":{"origin":34343,"position":1},"title":"Cerca de 450 cooperativas tramitan licencias para brindar TV por cable","author":"AF","date":"27\/11\/2012","format":false,"excerpt":"As\u00ed lo destac\u00f3 el presidente del Inaes, Patricio Griffin, durante la jornada del viernes pasado sobre televisi\u00f3n cooperativa El Futuro es hoy, organizada por Celta TV, en la localidad bonaerense de Tres Arroyos, ante 150 dirigentes del sector cooperativo y mutual. \u201cCelta TV es pionera y estamos orgullosos de c\u00f3mo,\u2026","rel":"","context":"En \u00abMedios\u00bb","block_context":{"text":"Medios","link":"https:\/\/www.24baires.com\/?cat=54"},"img":{"alt_text":"","src":"","width":0,"height":0},"classes":[]},{"id":37537,"url":"https:\/\/www.24baires.com\/?p=37537","url_meta":{"origin":34343,"position":2},"title":"Afsca autoriz\u00f3 13 caneles de baja potencia y ya son 33","author":"GB","date":"27\/12\/2013","format":false,"excerpt":"La Autoridad Federal de Servicios de Comunicaci\u00f3n Audiovisual (Afsca) autoriz\u00f3 a 13 se\u00f1ales de televisi\u00f3n de baja potencia para trasmitir en forma anal\u00f3gica y ya suman 33 los canales de televisi\u00f3n comunitaria autorizadas por el organismo que preside Mart\u00edn Sabbatella. Se trata de los canales 12 de Saladillo, 4 de\u2026","rel":"","context":"En \u00abMedios\u00bb","block_context":{"text":"Medios","link":"https:\/\/www.24baires.com\/?cat=54"},"img":{"alt_text":"","src":"","width":0,"height":0},"classes":[]},{"id":4819,"url":"https:\/\/www.24baires.com\/?p=4819","url_meta":{"origin":34343,"position":3},"title":"INCAA TV, 360 TV y Argentin\u00edsima Satelital deber\u00e1n estar en la grilla de los cables","author":"Grupo Sierra","date":"09\/11\/2012","format":false,"excerpt":"La Autoridad Federal de Servicios de Comunicaci\u00f3n Audiovisual (AFSCA) dispuso ampliar la grilla de canales de TV por cable, incluyendo las se\u00f1ales 360TV y Argentin\u00edsima Satelital, a continuaci\u00f3n de CN23, y a Incaa TV primera en el bloque de su g\u00e9nero por ser producida por el Estado Nacional. La AFSCA,\u2026","rel":"","context":"En \u00abMedios\u00bb","block_context":{"text":"Medios","link":"https:\/\/www.24baires.com\/?cat=54"},"img":{"alt_text":"","src":"","width":0,"height":0},"classes":[]},{"id":41387,"url":"https:\/\/www.24baires.com\/?p=41387","url_meta":{"origin":34343,"position":4},"title":"Rojas inaugurar\u00e1 su primer canal cooperativo de TV por cable","author":"Grupo Sierra","date":"02\/03\/2014","format":false,"excerpt":"Hacia mediados de a\u00f1o la Cooperativa de Luz y Fuerza El\u00e9ctrica de Rojas estar\u00e1 brindando el servicio de televisi\u00f3n por cable. La segunda mitad del a\u00f1o ser\u00e1 utilizada para expandir la red de fibra \u00f3ptica. La Cooperativa de Luz y Fuerza El\u00e9ctrica de Rojas (Clyfer) inici\u00f3 los trabajos tendientes a\u2026","rel":"","context":"En \u00abLocales\u00bb","block_context":{"text":"Locales","link":"https:\/\/www.24baires.com\/?cat=38"},"img":{"alt_text":"","src":"","width":0,"height":0},"classes":[]},{"id":30979,"url":"https:\/\/www.24baires.com\/?p=30979","url_meta":{"origin":34343,"position":5},"title":"Audiencia por la Ley de Medios: seg\u00fan abogados de Clar\u00edn, \u00abhay pluralidad de voces\u00bb","author":"AF","date":"29\/08\/2013","format":false,"excerpt":"El holding empresario no supo responder ante el m\u00e1ximo tribunal por qu\u00e9 necesita \"semejante volumen econ\u00f3mico para garantizar la libertad de expresi\u00f3n\". En la segunda jornada, los abogados del Grupo respondieron preguntas. En el marco de la segunda jornada de audiencia por la constitucionalidad de la Ley de Servicios de\u2026","rel":"","context":"En \u00abMedios\u00bb","block_context":{"text":"Medios","link":"https:\/\/www.24baires.com\/?cat=54"},"img":{"alt_text":"","src":"","width":0,"height":0},"classes":[]}],"jetpack_sharing_enabled":true,"jetpack_likes_enabled":true,"_links":{"self":[{"href":"https:\/\/www.24baires.com\/index.php?rest_route=\/wp\/v2\/posts\/34343","targetHints":{"allow":["GET"]}}],"collection":[{"href":"https:\/\/www.24baires.com\/index.php?rest_route=\/wp\/v2\/posts"}],"about":[{"href":"https:\/\/www.24baires.com\/index.php?rest_route=\/wp\/v2\/types\/post"}],"author":[{"embeddable":true,"href":"https:\/\/www.24baires.com\/index.php?rest_route=\/wp\/v2\/users\/11"}],"replies":[{"embeddable":true,"href":"https:\/\/www.24baires.com\/index.php?rest_route=%2Fwp%2Fv2%2Fcomments&post=34343"}],"version-history":[{"count":1,"href":"https:\/\/www.24baires.com\/index.php?rest_route=\/wp\/v2\/posts\/34343\/revisions"}],"predecessor-version":[{"id":34344,"href":"https:\/\/www.24baires.com\/index.php?rest_route=\/wp\/v2\/posts\/34343\/revisions\/34344"}],"wp:attachment":[{"href":"https:\/\/www.24baires.com\/index.php?rest_route=%2Fwp%2Fv2%2Fmedia&parent=34343"}],"wp:term":[{"taxonomy":"category","embeddable":true,"href":"https:\/\/www.24baires.com\/index.php?rest_route=%2Fwp%2Fv2%2Fcategories&post=34343"},{"taxonomy":"post_tag","embeddable":true,"href":"https:\/\/www.24baires.com\/index.php?rest_route=%2Fwp%2Fv2%2Ftags&post=34343"}],"curies":[{"name":"wp","href":"https:\/\/api.w.org\/{rel}","templated":true}]}}