{"id":3419,"date":"2012-10-27T13:43:48","date_gmt":"2012-10-27T16:43:48","guid":{"rendered":"http:\/\/www.24baires.com\/?p=3419"},"modified":"2012-10-27T13:43:48","modified_gmt":"2012-10-27T16:43:48","slug":"si-llegamos-a-ver-a-los-dos-asesinos-no-los-dejaremos-pasar","status":"publish","type":"post","link":"https:\/\/www.24baires.com\/?p=3419","title":{"rendered":"\u00abSi llegamos a ver a los dos asesinos, no los dejaremos pasar\u00bb"},"content":{"rendered":"<p><img data-recalc-dims=\"1\" loading=\"lazy\" decoding=\"async\" class=\"alignleft size-thumbnail wp-image-3420\" title=\"natalia melmann\" src=\"https:\/\/i0.wp.com\/www.24baires.com\/wp-content\/uploads\/2012\/10\/natalia-melmann.jpg?resize=150%2C150\" alt=\"\" width=\"150\" height=\"150\" \/>Un grupo de familiares, amigos y vecinos de Natalia Melmann, la adolescente violada y asesinada en febrero de 2001 en Miramar, cort\u00f3 el tr\u00e1nsito en las rutas de acceso a esa ciudad balnearia bonaerense en protesta por la resoluci\u00f3n judicial que otorg\u00f3 salidas transitorias a los ex polic\u00edas condenados por el crimen.\u00a0<!--more--><br \/>\nLa protesta fue llevada a cabo hoy por un grupo de vecinos encabezados por la madre de la v\u00edctima, Laura, quien dijo que se trataba de un \u00abcorte sin violencia\u00bb con el fin de detener en \u00abmanera simb\u00f3lica\u00bb el ingreso a la ciudad de los condenados.<br \/>\nLos manifestantes llevaban pancartas con las leyendas \u00abJusticia\u00bb, \u00abEl caso Natalia merece justicia\u00bb y \u00abJusticia por Nati\u00bb, mientras que entregaban folletos en los que convocaban a una marcha para el pr\u00f3ximo 4 de febrero, cuando se cumplir\u00e1n 12 a\u00f1os del crimen.<br \/>\n\u201cEstamos cortando los accesos de nuestra ciudad para impedir el paso de Ricardo Su\u00e1rez y Carlos Echenique, condenados por el crimen de mi hija\u201d, dijo Laura, quien agreg\u00f3: \u00abSi llegamos a ver a los dos asesinos no los dejaremos pasar, despu\u00e9s va a entrar todo el mundo porque nadie ha matado a mi hija m\u00e1s que ellos\u201d.<br \/>\nLa madre de Natalia pidi\u00f3 a la Justicia \u00abrespeto por el dolor\u00bb que le provoca el conocimiento de que uno de los condenados, Echenique, dio como domicilio para las salidas la vivienda de un familiar ubicada a tan s\u00f3lo dos cuadras de la casa de los Melmann y que posiblemente vuelva a vivir all\u00ed.<br \/>\n\u201cNos enteramos de que llegar\u00edan a Miramar porque escuchamos a la abogada de ellos en una radio de la ciudad diciendo que hab\u00edan logrado las salidas transitorias, 48 horas por mes. No queremos m\u00e1s asesinos en Miramar\u201d, se\u00f1al\u00f3 Laura, y record\u00f3 que un tercer condenado, Ricardo Anselmini, \u00abya estaba con salidas transitorias\u00bb.<br \/>\nLaura tambi\u00e9n critic\u00f3 al juez que tom\u00f3 la decisi\u00f3n favorable a los condenados, el titular del Juzgado de Ejecuci\u00f3n Penal 1 de Mar del Plata, Ricardo Gabriel Perdichizzi: \u201cSi te toca el juez Perdichizzi sal\u00ed corriendo porque absuelve a todo asesino que se le pone adelante\u201d.<br \/>\nLa madre de la v\u00edctima relat\u00f3 que la \u00faltima semana su marido, Gustavo Melmann, viaj\u00f3 a Mar del Plata para intentar hablar con el juez y pedir una explicaci\u00f3n.<br \/>\n\u00abMi marido fue la semana pasada a hablar con el fiscal e intent\u00f3 hablar con el juez, pero en la parte de ejecuci\u00f3n no tenemos arte ni parte, no nos tienen por qu\u00e9 notificar nada\u00bb, manifest\u00f3 la mujer.<br \/>\nLaura record\u00f3 la convocatoria para el pr\u00f3ximo 4 de febrero al cumplirse 12 a\u00f1os de la muerte de Natalia, cuando marchar\u00e1n desde la intersecci\u00f3n de las calles 21 y 28 hasta donde fue hallado el cuerpo.<br \/>\nNatalia Melmann (15) desapareci\u00f3 la madrugada del 4 de febrero de 2001 tras ir a bailar a un boliche de Miramar, y cuatro d\u00edas m\u00e1s tarde, su cad\u00e1ver fue hallado en el vivero municipal con signos de haber sido violada, torturada y estrangulada.<br \/>\nEn 2002, el Tribunal Oral en lo Criminal (TOC) 2 de Mar del Plata conden\u00f3 a Su\u00e1rez, Echenique y a Anselmini a reclusi\u00f3n perpetua por \u00abprivaci\u00f3n ilegal de la libertad agravada, abuso sexual agravado y homicidio triplemente calificado por ensa\u00f1amiento, alevos\u00eda, en concurso con dos o m\u00e1s personas para procurar su impunidad\u00bb.<br \/>\nPero cuatro a\u00f1os despu\u00e9s, el Tribunal de Casaci\u00f3n redujo la pena a prisi\u00f3n perpetua, lo que les permiti\u00f3 a los condenados obtener beneficios como salidas laborales o transitorias.<br \/>\nEse fallo fue revocado en 2010 por la Suprema Corte de Justicia bonaerense, que ratific\u00f3 la condena a reclusi\u00f3n perpetua, por lo que la defensora de los polic\u00edas recurri\u00f3 al m\u00e1ximo tribunal de la Naci\u00f3n, que tambi\u00e9n confirm\u00f3 la pena en abril \u00faltimo.<br \/>\nLa decisi\u00f3n se conoci\u00f3 luego de que el padre de Natalia, realizara una huelga de hambre de seis d\u00edas frente al Palacio de Tribunales porte\u00f1o.<br \/>\nPor el caso, adem\u00e1s de los ex polic\u00edas, Gustavo \u00abEl Gallo\u00bb Fern\u00e1ndez fue condenado a 25 a\u00f1os de prisi\u00f3n acusado de haber \u00abentregado\u00bb a la adolescente, pero luego de que su pena fuera reducida a 10 a\u00f1os, fue condenado por otro homicidio, de manera que sigue preso.<\/p>\n","protected":false},"excerpt":{"rendered":"<p>Un grupo de familiares, amigos y vecinos de Natalia Melmann, la adolescente violada y asesinada en febrero de 2001 en Miramar, cort\u00f3 el tr\u00e1nsito en las rutas de acceso a esa ciudad balnearia bonaerense en protesta por la resoluci\u00f3n judicial que otorg\u00f3 salidas transitorias a los ex polic\u00edas condenados por el crimen.\u00a0<\/p>\n","protected":false},"author":4,"featured_media":0,"comment_status":"open","ping_status":"open","sticky":false,"template":"","format":"standard","meta":{"_jetpack_newsletter_access":"","_jetpack_dont_email_post_to_subs":false,"_jetpack_newsletter_tier_id":0,"_jetpack_memberships_contains_paywalled_content":false,"_jetpack_memberships_contains_paid_content":false,"footnotes":""},"categories":[38],"tags":[],"class_list":["post-3419","post","type-post","status-publish","format-standard","hentry","category-locales"],"jetpack_featured_media_url":"","jetpack_shortlink":"https:\/\/wp.me\/p2JWE0-T9","jetpack-related-posts":[{"id":102393,"url":"https:\/\/www.24baires.com\/?p=102393","url_meta":{"origin":3419,"position":0},"title":"El padre de Natalia Melmann pidi\u00f3 una dura condena para el polic\u00eda juzgado por la muerte de su hija","author":"AF","date":"28\/05\/2018","format":false,"excerpt":"El padre de Natalia Melmann, la adolescente asesinada en Miramar en 2001, pidi\u00f3 que el polic\u00eda bonaerense que comenz\u00f3 hoy a ser juzgado, sea condenado por el rapto, la violaci\u00f3n y el crimen de su hija para que se \"haga justicia de una vez por todas\". Al ingresar al recinto\u2026","rel":"","context":"En \u00abJUDICIALES\u00bb","block_context":{"text":"JUDICIALES","link":"https:\/\/www.24baires.com\/?cat=68"},"img":{"alt_text":"","src":"https:\/\/i0.wp.com\/www.24baires.com\/wp-content\/uploads\/2017\/10\/caso-melmann.jpg?resize=350%2C200","width":350,"height":200,"srcset":"https:\/\/i0.wp.com\/www.24baires.com\/wp-content\/uploads\/2017\/10\/caso-melmann.jpg?resize=350%2C200 1x, https:\/\/i0.wp.com\/www.24baires.com\/wp-content\/uploads\/2017\/10\/caso-melmann.jpg?resize=525%2C300 1.5x"},"classes":[]},{"id":119758,"url":"https:\/\/www.24baires.com\/?p=119758","url_meta":{"origin":3419,"position":1},"title":"Natalia Melmann: Seguir\u00e1n en prisi\u00f3n dos expolic\u00edas condenados por el crimen de la adolescente","author":"GB","date":"31\/01\/2023","format":false,"excerpt":"La justicia de Mar del Pata rechaz\u00f3 beneficiarlos con la libertad condicional. El pedido fue por parte de la defensora de Oscar Echenique y Ricardo Anselmini. Dos expolic\u00edas condenados a reclusi\u00f3n perpetua por el crimen de la adolescente Natalia Melmann, ocurrido en febrero de 2001 en Miramar, seguir\u00e1n en prisi\u00f3n.\u2026","rel":"","context":"En \u00abSociedad\u00bb","block_context":{"text":"Sociedad","link":"https:\/\/www.24baires.com\/?cat=1"},"img":{"alt_text":"","src":"https:\/\/i0.wp.com\/www.24baires.com\/wp-content\/uploads\/2023\/01\/echenique-anselminijpg.jpg?resize=350%2C200","width":350,"height":200,"srcset":"https:\/\/i0.wp.com\/www.24baires.com\/wp-content\/uploads\/2023\/01\/echenique-anselminijpg.jpg?resize=350%2C200 1x, https:\/\/i0.wp.com\/www.24baires.com\/wp-content\/uploads\/2023\/01\/echenique-anselminijpg.jpg?resize=525%2C300 1.5x, https:\/\/i0.wp.com\/www.24baires.com\/wp-content\/uploads\/2023\/01\/echenique-anselminijpg.jpg?resize=700%2C400 2x"},"classes":[]},{"id":113876,"url":"https:\/\/www.24baires.com\/?p=113876","url_meta":{"origin":3419,"position":2},"title":"Villa Gesell: vecinos marcharon pidiendo justicia por Fernando y que se decrete el duelo","author":"GB","date":"21\/01\/2020","format":false,"excerpt":"Tras el asesinato de Fernando B\u00e1ez Sosa a manos de una manada de rugbiers, vecinos de la localidad balnearia realizaron una \u201csentada pac\u00edfica\u201d en el lugar donde asesinaron al joven de 19 a\u00f1os. Pidieron que el Intendente decrete un d\u00eda de duelo. Vecinos y vecinas de Villa Gesell se manifestaron\u2026","rel":"","context":"En \u00abMunicipios\u00bb","block_context":{"text":"Municipios","link":"https:\/\/www.24baires.com\/?cat=44"},"img":{"alt_text":"","src":"https:\/\/i0.wp.com\/www.24baires.com\/wp-content\/uploads\/2020\/01\/marcha-villa-gesell.jpg?resize=350%2C200","width":350,"height":200,"srcset":"https:\/\/i0.wp.com\/www.24baires.com\/wp-content\/uploads\/2020\/01\/marcha-villa-gesell.jpg?resize=350%2C200 1x, https:\/\/i0.wp.com\/www.24baires.com\/wp-content\/uploads\/2020\/01\/marcha-villa-gesell.jpg?resize=525%2C300 1.5x"},"classes":[]},{"id":100751,"url":"https:\/\/www.24baires.com\/?p=100751","url_meta":{"origin":3419,"position":3},"title":"Multitudinaria marcha en Jun\u00edn para reclamar justicia por el crimen de Camila","author":"GB","date":"27\/02\/2018","format":false,"excerpt":"Miles de vecinos de Jun\u00edn marcharon hoy en esa ciudad para reclamar justicia por Camila Borda, la nena de 11 a\u00f1os que fue violada y asesinada ayer por un vecino, quien fue detenido horas despu\u00e9s. La movilizaci\u00f3n, a la que concurrieron los familiares de la v\u00edctima, ocurri\u00f3 esta noche, luego\u2026","rel":"","context":"En \u00abSociedad\u00bb","block_context":{"text":"Sociedad","link":"https:\/\/www.24baires.com\/?cat=1"},"img":{"alt_text":"","src":"https:\/\/i0.wp.com\/www.24baires.com\/wp-content\/uploads\/2018\/02\/nena-asesinada.jpg?resize=350%2C200","width":350,"height":200,"srcset":"https:\/\/i0.wp.com\/www.24baires.com\/wp-content\/uploads\/2018\/02\/nena-asesinada.jpg?resize=350%2C200 1x, https:\/\/i0.wp.com\/www.24baires.com\/wp-content\/uploads\/2018\/02\/nena-asesinada.jpg?resize=525%2C300 1.5x"},"classes":[]},{"id":121245,"url":"https:\/\/www.24baires.com\/?p=121245","url_meta":{"origin":3419,"position":4},"title":"A casi 10 a\u00f1os del crimen, condenan al acusado de asesinar a Lola Chomnalez","author":"GB","date":"18\/04\/2024","format":false,"excerpt":"Dictaron 27 a\u00f1os y medio de prisi\u00f3n para Leonardo David Sena. El hecho ocurri\u00f3 en el balneario uruguayo de Barra de Valizas. La Justicia de Uruguay conden\u00f3 este mi\u00e9rcoles a 27 a\u00f1os y medio de prisi\u00f3n a un hombre por el crimen de la adolescente argentina Lola Chomnalez. Se trata\u2026","rel":"","context":"En \u00abJUDICIALES\u00bb","block_context":{"text":"JUDICIALES","link":"https:\/\/www.24baires.com\/?cat=68"},"img":{"alt_text":"","src":"https:\/\/i0.wp.com\/www.24baires.com\/wp-content\/uploads\/2014\/12\/lola.jpg?resize=350%2C200","width":350,"height":200,"srcset":"https:\/\/i0.wp.com\/www.24baires.com\/wp-content\/uploads\/2014\/12\/lola.jpg?resize=350%2C200 1x, https:\/\/i0.wp.com\/www.24baires.com\/wp-content\/uploads\/2014\/12\/lola.jpg?resize=525%2C300 1.5x, https:\/\/i0.wp.com\/www.24baires.com\/wp-content\/uploads\/2014\/12\/lola.jpg?resize=700%2C400 2x"},"classes":[]},{"id":51208,"url":"https:\/\/www.24baires.com\/?p=51208","url_meta":{"origin":3419,"position":5},"title":"Condenaron a Nicol\u00e1s G\u00f3mez a 20 a\u00f1os de prisi\u00f3n por el crimen de Natalia Di Gallo","author":"GB","date":"05\/08\/2014","format":false,"excerpt":"\"Quiero la muerte de G\u00f3mez\", pidi\u00f3 el padre de la v\u00edctima tras la sentencia. Natalia fue encontrada sin vida en 2004. La Justicia de Quilmes conden\u00f3 a 20 a\u00f1os a Nicol\u00e1s G\u00f3mez, quien el mes pasado fue condenado por el crimen de Natalia Di Gallo, la adolescente encontrada asesinada en\u2026","rel":"","context":"En \u00abJUDICIALES\u00bb","block_context":{"text":"JUDICIALES","link":"https:\/\/www.24baires.com\/?cat=68"},"img":{"alt_text":"nicolas gomez","src":"https:\/\/i0.wp.com\/www.24baires.com\/wp-content\/uploads\/2014\/08\/nicolas-gomez.jpg?resize=350%2C200","width":350,"height":200,"srcset":"https:\/\/i0.wp.com\/www.24baires.com\/wp-content\/uploads\/2014\/08\/nicolas-gomez.jpg?resize=350%2C200 1x, https:\/\/i0.wp.com\/www.24baires.com\/wp-content\/uploads\/2014\/08\/nicolas-gomez.jpg?resize=525%2C300 1.5x"},"classes":[]}],"jetpack_sharing_enabled":true,"jetpack_likes_enabled":true,"_links":{"self":[{"href":"https:\/\/www.24baires.com\/index.php?rest_route=\/wp\/v2\/posts\/3419","targetHints":{"allow":["GET"]}}],"collection":[{"href":"https:\/\/www.24baires.com\/index.php?rest_route=\/wp\/v2\/posts"}],"about":[{"href":"https:\/\/www.24baires.com\/index.php?rest_route=\/wp\/v2\/types\/post"}],"author":[{"embeddable":true,"href":"https:\/\/www.24baires.com\/index.php?rest_route=\/wp\/v2\/users\/4"}],"replies":[{"embeddable":true,"href":"https:\/\/www.24baires.com\/index.php?rest_route=%2Fwp%2Fv2%2Fcomments&post=3419"}],"version-history":[{"count":3,"href":"https:\/\/www.24baires.com\/index.php?rest_route=\/wp\/v2\/posts\/3419\/revisions"}],"predecessor-version":[{"id":3423,"href":"https:\/\/www.24baires.com\/index.php?rest_route=\/wp\/v2\/posts\/3419\/revisions\/3423"}],"wp:attachment":[{"href":"https:\/\/www.24baires.com\/index.php?rest_route=%2Fwp%2Fv2%2Fmedia&parent=3419"}],"wp:term":[{"taxonomy":"category","embeddable":true,"href":"https:\/\/www.24baires.com\/index.php?rest_route=%2Fwp%2Fv2%2Fcategories&post=3419"},{"taxonomy":"post_tag","embeddable":true,"href":"https:\/\/www.24baires.com\/index.php?rest_route=%2Fwp%2Fv2%2Ftags&post=3419"}],"curies":[{"name":"wp","href":"https:\/\/api.w.org\/{rel}","templated":true}]}}