{"id":3388,"date":"2012-10-26T21:06:14","date_gmt":"2012-10-27T00:06:14","guid":{"rendered":"http:\/\/www.24baires.com\/?p=3388"},"modified":"2012-10-28T21:01:53","modified_gmt":"2012-10-29T00:01:53","slug":"nora-de-lucia-debera-demostrar-sus-denuncias-contra-los-docentes-ante-la-justicia","status":"publish","type":"post","link":"https:\/\/www.24baires.com\/?p=3388","title":{"rendered":"Nora De Luc\u00eda deber\u00e1 demostrar sus denuncias contra los docentes ante la Justicia"},"content":{"rendered":"<p>El fiscal platense Marcelo Romero le tomar\u00e1 declaraci\u00f3n la semana que viene a los titulares de la Auditor\u00eda General y la Direcci\u00f3n de Contabilidad y Finanzas del Ministerio de Educaci\u00f3n provincial. En tanto, requiri\u00f3 a la ministra que informe sobre contratos y otorgamiento de horas extras y vi\u00e1ticos. Romero actu\u00f3 de oficio ante las declaraciones p\u00fablicas de la Directora General de Cultura y Educaci\u00f3n.\u00a0<!--more--><br \/>\nEl titular de la UFI N\u00b0 6 de La Plata, Marcelo Romero, avanza con una investigaci\u00f3n iniciada la semana pasada por posible comisi\u00f3n de delitos de acci\u00f3n p\u00fablica, luego de que en medio de la toma de Direcci\u00f3n General de Cultura y Edcuaci\u00f3n (DGCyE) por recortes en el \u00e1rea la ministra Nora De Luc\u00eda denunciara \u00abirregularidades\u00bb en la asignaci\u00f3n de horas extras y vi\u00e1ticos.<\/p>\n<p>En este marco, Romero cit\u00f3 para el lunes y martes pr\u00f3ximos a los responsables de la Auditor\u00eda General y la Direcci\u00f3n de Contabilidad y Finanzas de la cartera, que asumieron hace dos meses, para que presten declaraci\u00f3n testimonial.<\/p>\n<p>Adem\u00e1s, requiri\u00f3 de manera \u201curgente\u201d a De Luc\u00eda que informe sobre contratos y otorgamiento de horas extras y vi\u00e1ticos, refiriendo la cantidad, personas alcanzadas, funcionario que aprob\u00f3 el beneficio y par\u00e1metros y requisitos necesarios para la obtenci\u00f3n.<\/p>\n<p>La directora general de Cultura y Educaci\u00f3n hab\u00eda dicho que se detectaron casos en los que \u201cse pagaban horas extras a un muerto y a un preso\u201d.<\/p>\n<p>Los gremios estatales y docentes que vienen denunciando un \u201cajuste\u201d en el sistema educativo provincial aseguraron que \u201csi hay irregularidades las tienen que investigar\u201d, pero al mismo tiempo advirtieron que los trabajadores \u201cno podemos pagar los platos rotos\u201d y que no se quedar\u00e1n de brazos cruzados frente a los recortes.<\/p>\n","protected":false},"excerpt":{"rendered":"<p>El fiscal platense Marcelo Romero le tomar\u00e1 declaraci\u00f3n la semana que viene a los titulares de la Auditor\u00eda General y la Direcci\u00f3n de Contabilidad y Finanzas del Ministerio de Educaci\u00f3n provincial. En tanto, requiri\u00f3 a la ministra que informe sobre contratos y otorgamiento de horas extras y vi\u00e1ticos. Romero actu\u00f3 de oficio ante las declaraciones p\u00fablicas de la Directora General [&#8230;]<\/p>\n","protected":false},"author":11,"featured_media":0,"comment_status":"open","ping_status":"open","sticky":false,"template":"","format":"standard","meta":{"_jetpack_newsletter_access":"","_jetpack_dont_email_post_to_subs":false,"_jetpack_newsletter_tier_id":0,"_jetpack_memberships_contains_paywalled_content":false,"_jetpack_memberships_contains_paid_content":false,"footnotes":""},"categories":[40],"tags":[],"class_list":["post-3388","post","type-post","status-publish","format-standard","hentry","category-provincia"],"jetpack_featured_media_url":"","jetpack_shortlink":"https:\/\/wp.me\/p2JWE0-SE","jetpack-related-posts":[{"id":599,"url":"https:\/\/www.24baires.com\/?p=599","url_meta":{"origin":3388,"position":0},"title":"El gobierno de Scioli tensa la toma de la Direcci\u00f3n General de Cultura y Educaci\u00f3n","author":"Grupo Sierra","date":"27\/09\/2012","format":false,"excerpt":"LA PLATA. Efectivos del Cuerpo de Infanter\u00eda de la Polic\u00eda, \u00a0ingresaron esta noche por el estacionamiento de la Direcci\u00f3n General de Cultura y Educaci\u00f3n de La Plata, donde los trabajadores mantienen una toma del edificio. ATE dijo que hace \u201cresponsable a la ministra Nora de Luc\u00eda y al gobernador Daniel\u2026","rel":"","context":"En \u00abProvincia\u00bb","block_context":{"text":"Provincia","link":"https:\/\/www.24baires.com\/?cat=40"},"img":{"alt_text":"","src":"https:\/\/i0.wp.com\/www.24baires.com\/wp-content\/uploads\/2012\/09\/direccion-de-escuelas-tomada.jpg?resize=350%2C200","width":350,"height":200},"classes":[]},{"id":803,"url":"https:\/\/www.24baires.com\/?p=803","url_meta":{"origin":3388,"position":1},"title":"De Luc\u00eda volvi\u00f3 a tratar de \u201cviolentos\u201d a los trabajadores de Educaci\u00f3n","author":"Grupo Sierra","date":"01\/10\/2012","format":false,"excerpt":"La ministra bonaerense aclar\u00f3 que \u201cno hay personal docente involucrado\u201d en la toma que ya lleva una semana y garantiz\u00f3 el pago de los salarios de los maestros. Sin embargo, mientras se agudiza el conflicto con los empleados de la cartera, el Frente Gremial Docente prepara una marcha contra la\u2026","rel":"","context":"En \u00abProvincia\u00bb","block_context":{"text":"Provincia","link":"https:\/\/www.24baires.com\/?cat=40"},"img":{"alt_text":"","src":"","width":0,"height":0},"classes":[]},{"id":420,"url":"https:\/\/www.24baires.com\/?p=420","url_meta":{"origin":3388,"position":2},"title":"Trabajadores tomaron la Direcci\u00f3n de Cultura y Educaci\u00f3n bonaerense","author":"Grupo Sierra","date":"25\/09\/2012","format":false,"excerpt":"Es por el conflicto que tiene lugar por el recorte de vi\u00e1ticos y horas extras. La medida se resolvi\u00f3 en una asamblea en el hall del edificio con la presencia de trabajadores de varios departamentos que componen el organismo. El conflicto tiene lugar hace varias semanas por el reclamo de\u2026","rel":"","context":"En \u00abProvincia\u00bb","block_context":{"text":"Provincia","link":"https:\/\/www.24baires.com\/?cat=40"},"img":{"alt_text":"","src":"https:\/\/i0.wp.com\/www.24baires.com\/wp-content\/uploads\/2012\/09\/direccion-de-escuelas-tomada.jpg?resize=350%2C200","width":350,"height":200},"classes":[]},{"id":633,"url":"https:\/\/www.24baires.com\/?p=633","url_meta":{"origin":3388,"position":3},"title":"Tuvo que mediar Cuartango para que De Luc\u00eda se sentara a dialogar con los gremios","author":"Grupo Sierra","date":"28\/09\/2012","format":false,"excerpt":"El ministro de Trabajo convenci\u00f3 a la directora general de Educaci\u00f3n para retomar las negociaciones con los trabajadores de ATE, en medio de las duras negativas que planteaba la funcionaria. Tras las gestiones, ambas partes volvieron a reunirse. Fuentes gremiales adelantaron a AgePeBA que de continuar el conflicto \u201cel lunes\u2026","rel":"","context":"En \u00abProvincia\u00bb","block_context":{"text":"Provincia","link":"https:\/\/www.24baires.com\/?cat=40"},"img":{"alt_text":"","src":"","width":0,"height":0},"classes":[]},{"id":1108,"url":"https:\/\/www.24baires.com\/?p=1108","url_meta":{"origin":3388,"position":4},"title":"Despu\u00e9s de once d\u00edas, trabajadores de Educaci\u00f3n levantaron la toma","author":"AF","date":"05\/10\/2012","format":false,"excerpt":"El secretario de Organizaci\u00f3n de ATE Provincia, Alberto Gonz\u00e1lez, explic\u00f3 que la decisi\u00f3n fue tomada tras considerar la propuesta oficial del pago de vi\u00e1ticos y horas extras, as\u00ed como el pase a planta temporaria de los 126 trabajadores despedidos. Luego de las intensas negociaciones entre directora general de Cultura y\u2026","rel":"","context":"En \u00abSociedad\u00bb","block_context":{"text":"Sociedad","link":"https:\/\/www.24baires.com\/?cat=1"},"img":{"alt_text":"","src":"https:\/\/i0.wp.com\/www.24baires.com\/wp-content\/uploads\/2012\/10\/tomadgcye2.jpg?resize=350%2C200","width":350,"height":200,"srcset":"https:\/\/i0.wp.com\/www.24baires.com\/wp-content\/uploads\/2012\/10\/tomadgcye2.jpg?resize=350%2C200 1x, https:\/\/i0.wp.com\/www.24baires.com\/wp-content\/uploads\/2012\/10\/tomadgcye2.jpg?resize=525%2C300 1.5x"},"classes":[]},{"id":1522,"url":"https:\/\/www.24baires.com\/?p=1522","url_meta":{"origin":3388,"position":5},"title":"Trabajadores de Educaci\u00f3n levantaron la toma y estar\u00e1n \u00abalertas\u00bb hasta el 15","author":"AF","date":"09\/10\/2012","format":false,"excerpt":"Culminada la asamblea de los trabajadores de la direcci\u00f3n General de Cultura y Educaci\u00f3n, se acord\u00f3 volver a los puestos de trabajo. Sin embargo, desde ATE aclararon que estar\u00e1n hasta el d\u00eda 15 \u201cen estado de alerta\u201d. En caso de que se d\u00eda no se cumpla con lo acordado en\u2026","rel":"","context":"En \u00abSociedad\u00bb","block_context":{"text":"Sociedad","link":"https:\/\/www.24baires.com\/?cat=1"},"img":{"alt_text":"","src":"","width":0,"height":0},"classes":[]}],"jetpack_sharing_enabled":true,"jetpack_likes_enabled":true,"_links":{"self":[{"href":"https:\/\/www.24baires.com\/index.php?rest_route=\/wp\/v2\/posts\/3388","targetHints":{"allow":["GET"]}}],"collection":[{"href":"https:\/\/www.24baires.com\/index.php?rest_route=\/wp\/v2\/posts"}],"about":[{"href":"https:\/\/www.24baires.com\/index.php?rest_route=\/wp\/v2\/types\/post"}],"author":[{"embeddable":true,"href":"https:\/\/www.24baires.com\/index.php?rest_route=\/wp\/v2\/users\/11"}],"replies":[{"embeddable":true,"href":"https:\/\/www.24baires.com\/index.php?rest_route=%2Fwp%2Fv2%2Fcomments&post=3388"}],"version-history":[{"count":4,"href":"https:\/\/www.24baires.com\/index.php?rest_route=\/wp\/v2\/posts\/3388\/revisions"}],"predecessor-version":[{"id":3589,"href":"https:\/\/www.24baires.com\/index.php?rest_route=\/wp\/v2\/posts\/3388\/revisions\/3589"}],"wp:attachment":[{"href":"https:\/\/www.24baires.com\/index.php?rest_route=%2Fwp%2Fv2%2Fmedia&parent=3388"}],"wp:term":[{"taxonomy":"category","embeddable":true,"href":"https:\/\/www.24baires.com\/index.php?rest_route=%2Fwp%2Fv2%2Fcategories&post=3388"},{"taxonomy":"post_tag","embeddable":true,"href":"https:\/\/www.24baires.com\/index.php?rest_route=%2Fwp%2Fv2%2Ftags&post=3388"}],"curies":[{"name":"wp","href":"https:\/\/api.w.org\/{rel}","templated":true}]}}