{"id":33878,"date":"2013-10-21T17:00:52","date_gmt":"2013-10-21T20:00:52","guid":{"rendered":"http:\/\/www.24baires.com\/?p=33878"},"modified":"2013-10-21T12:45:08","modified_gmt":"2013-10-21T15:45:08","slug":"massismo-y-pasado-sinonimos-del-presente","status":"publish","type":"post","link":"https:\/\/www.24baires.com\/?p=33878","title":{"rendered":"Massismo y pasado, sin\u00f3nimos del presente"},"content":{"rendered":"<p><img data-recalc-dims=\"1\" loading=\"lazy\" decoding=\"async\" class=\"aligncenter size-full wp-image-33879\" alt=\"massa\" src=\"https:\/\/i0.wp.com\/www.24baires.com\/wp-content\/uploads\/2013\/10\/massa.jpg?resize=560%2C373\" width=\"560\" height=\"373\" srcset=\"https:\/\/i0.wp.com\/www.24baires.com\/wp-content\/uploads\/2013\/10\/massa.jpg?w=560&amp;ssl=1 560w, https:\/\/i0.wp.com\/www.24baires.com\/wp-content\/uploads\/2013\/10\/massa.jpg?resize=300%2C199&amp;ssl=1 300w\" sizes=\"auto, (max-width: 560px) 100vw, 560px\" \/>Sergio Massa tiene unos conceptos muy interesantes sobre el pasado y, por ende, sobre el presente y el futuro. Son interesantes y novedosos, porque son un tanto extra\u00f1os, de hecho hasta llaman la atenci\u00f3n por su singularidad.<!--more--><\/p>\n<p>En cualquier diccionario, o en Google, una de las acepciones de \u2018pasado\u2019 es \u201cQue ha existido o sucedido en un periodo de tiempo anterior al presente o inmediatamente anterior al presente\u201d. Tambi\u00e9n dice que se aplica al alimento que est\u00e1 estropeado, pero eso ha de ser otra cosa. Pero Massa no dice eso, Massa dice que todo lo que sucedi\u00f3 en pol\u00edtica antes de su salto a la oposici\u00f3n del Kirchnerismo es pasado. Y parece que en su concepci\u00f3n del t\u00e9rmino el pasado es todo malo. Hasta ajeno a \u00e9l, parece. Pero, aun as\u00ed, dici\u00e9ndolo en cada oportunidad e, incluso, nombrado \u2018Renovador\u2019 al Frente que lo lleva de primer candidato, si algo ha hecho desde que lanz\u00f3 su candidatura enmarcada en la generales de la ley clarinista, es rodearse del pasado de los partidos, de la tradicional clase dirigente argentina, y del peor pasado, si existe tal conjugaci\u00f3n de variables temporales y pol\u00edticas.<br \/>\nEs decir, Barrionuevo, Duhalde y su esposa Chiche, Macri, Giustozzi, Cariglino, Momo Venegas, Moyano, Aldo Rico, entre otros, son parte del pasado m\u00e1s apolillado de la pol\u00edtica argentina, un pasado bastante oscuro, en algunos casos, d\u00f3nde se llev\u00f3 al pa\u00eds al abismo de la crisis y se lo empuj\u00f3 barranca abajo. Y Massa no s\u00f3lo se rodea de estos nombres de anta\u00f1o, sino que arm\u00f3 su lista con ellos. Por eso, bastante extra\u00f1o su concepto de renovaci\u00f3n\u2026<br \/>\nY ahora, con ese discurso contradictorio, rodeado de los autores, los impulsores y quienes aplicaron las peores pol\u00edticas de los \u201990, Massa se pelea con sus propios aliados del PRO, como con Mar\u00eda Eugenia Vidal: \u201cMassa no ofrece nada\u201d, dijo la vicejefa de gobierno porte\u00f1o. \u201cAndar se\u00f1alando con el dedo y la campa\u00f1a sucia son parte del pasado\u201d, respondi\u00f3 el intendente de Tigre, quien sigue sumando nuevos rostros a su espacio: \u201cLavagna, en t\u00e9rminos de experiencia, en t\u00e9rminos de mirada, no solamente desde lo econ\u00f3mico sino desde el punto de vista de la industrializaci\u00f3n, y el &#8216;Lole&#8217;, desde el punto de vista de lo que significa la actividad agropecuaria en la cadena agroalimentaria, en lo que es el desarrollo de la Argentina, son personas que nos pueden aportar una mirada importante\u201d, dijo en Radio 10, expandiendo con sus palabras la confusi\u00f3n.<br \/>\nEn el mismo diccionario o en la misma barra de b\u00fasqueda de Google, futuro significa \u201cLo que est\u00e1 por venir\u201d, \u201cTiempo que est\u00e1 por llegar\u201d. Y cuando pensamos un poco en esas definiciones y recordamos los nombres que conforman el \u00bfrenovador? espacio del massismo, pueden suceder dos cosas: o no entendemos nada, o nos damos cuenta que hay alguien con voz suave y templada, que gusta de rodearse del pasado oxidado, que se cree y proclama el futuro del pa\u00eds, que nos est\u00e1 mintiendo en la cara.<\/p>\n","protected":false},"excerpt":{"rendered":"<p>Sergio Massa tiene unos conceptos muy interesantes sobre el pasado y, por ende, sobre el presente y el futuro. Son interesantes y novedosos, porque son un tanto extra\u00f1os, de hecho hasta llaman la atenci\u00f3n por su singularidad.<\/p>\n","protected":false},"author":4,"featured_media":0,"comment_status":"open","ping_status":"open","sticky":false,"template":"","format":"standard","meta":{"_jetpack_newsletter_access":"","_jetpack_dont_email_post_to_subs":false,"_jetpack_newsletter_tier_id":0,"_jetpack_memberships_contains_paywalled_content":false,"_jetpack_memberships_contains_paid_content":false,"footnotes":""},"categories":[64],"tags":[],"class_list":["post-33878","post","type-post","status-publish","format-standard","hentry","category-opinion"],"jetpack_featured_media_url":"","jetpack_shortlink":"https:\/\/wp.me\/p2JWE0-8Oq","jetpack-related-posts":[{"id":120497,"url":"https:\/\/www.24baires.com\/?p=120497","url_meta":{"origin":33878,"position":0},"title":"Ensenada ser\u00e1 el escenario de campa\u00f1a de Kicillof y Massa","author":"GB","date":"25\/09\/2023","format":false,"excerpt":"Los candidatos, tanto a gobernador como a presidente de Uni\u00f3n por la Patria, preparan un acto de campa\u00f1a de cara al 22 de octubre En el marco de la campa\u00f1a electoral y antes de la veda de actos de gesti\u00f3n, Uni\u00f3n por la Patria (UP) prepara un acto en Ensenada\u2026","rel":"","context":"En \u00abElecciones\u00bb","block_context":{"text":"Elecciones","link":"https:\/\/www.24baires.com\/?cat=316"},"img":{"alt_text":"","src":"https:\/\/i0.wp.com\/www.24baires.com\/wp-content\/uploads\/2023\/09\/massa-axel.jpg?resize=350%2C200","width":350,"height":200,"srcset":"https:\/\/i0.wp.com\/www.24baires.com\/wp-content\/uploads\/2023\/09\/massa-axel.jpg?resize=350%2C200 1x, https:\/\/i0.wp.com\/www.24baires.com\/wp-content\/uploads\/2023\/09\/massa-axel.jpg?resize=525%2C300 1.5x, https:\/\/i0.wp.com\/www.24baires.com\/wp-content\/uploads\/2023\/09\/massa-axel.jpg?resize=700%2C400 2x"},"classes":[]},{"id":27428,"url":"https:\/\/www.24baires.com\/?p=27428","url_meta":{"origin":33878,"position":1},"title":"Tundis: De cr\u00edtica de Massa a ser su candidata","author":"AF","date":"02\/07\/2013","format":false,"excerpt":"\u201cSoy socialista y Massa se enter\u00f3 ayer y no lo pod\u00eda creer\u201d, dijo hace unos d\u00edas la pre candidata a diputada por el Frente Renovador, Mirta Tundis, periodista de TN. No s\u00f3lo sorprendi\u00f3 al actual intendente de Tigre, claro. Una frase as\u00ed causa impacto y a varios niveles, y si\u2026","rel":"","context":"En \u00abOpini\u00f3n\u00bb","block_context":{"text":"Opini\u00f3n","link":"https:\/\/www.24baires.com\/?cat=64"},"img":{"alt_text":"tundis massa","src":"https:\/\/i0.wp.com\/www.24baires.com\/wp-content\/uploads\/2013\/07\/tundis-massa.jpg?resize=350%2C200","width":350,"height":200},"classes":[]},{"id":119459,"url":"https:\/\/www.24baires.com\/?p=119459","url_meta":{"origin":33878,"position":2},"title":"\u00abQue los jueces no paguen Ganancias es un privilegio inaceptable\u00bb","author":"AF","date":"21\/10\/2022","format":false,"excerpt":"Luego de que el Frente de Todos consiguiera emitir dictamen de mayor\u00eda para tratar la ley de leyes en la C\u00e1mara Baja, el legislador nacional Marcelo Casaretto se refiri\u00f3 en AM750 a la inclusi\u00f3n del art\u00edculo que busca eliminar la exenci\u00f3n al impuesto a las Ganancias para miembros del Poder\u2026","rel":"","context":"En \u00abJUDICIALES\u00bb","block_context":{"text":"JUDICIALES","link":"https:\/\/www.24baires.com\/?cat=68"},"img":{"alt_text":"","src":"https:\/\/i0.wp.com\/www.24baires.com\/wp-content\/uploads\/2022\/10\/662157-justicia-0.jpg?resize=350%2C200","width":350,"height":200,"srcset":"https:\/\/i0.wp.com\/www.24baires.com\/wp-content\/uploads\/2022\/10\/662157-justicia-0.jpg?resize=350%2C200 1x, https:\/\/i0.wp.com\/www.24baires.com\/wp-content\/uploads\/2022\/10\/662157-justicia-0.jpg?resize=525%2C300 1.5x, https:\/\/i0.wp.com\/www.24baires.com\/wp-content\/uploads\/2022\/10\/662157-justicia-0.jpg?resize=700%2C400 2x"},"classes":[]},{"id":34851,"url":"https:\/\/www.24baires.com\/?p=34851","url_meta":{"origin":33878,"position":3},"title":"\u201cParece que para Massa hay vecinos de primera y otros de segunda\u201d","author":"GB","date":"08\/11\/2013","format":false,"excerpt":"Funcionarios del gobierno bonaerense y legisladores del Frente para la Victoria acusaron al intendente de Tigre, Sergio Massa, de obstaculizar la gesti\u00f3n del gobierno y le pidieron \u201ccoherencia\u201d entre las promesas de campa\u00f1a y las acciones. El presidente del Banco Provincia, Gustavo Marangoni, pidi\u00f3 al Frente Renovador \"coherencia\" entre \"las\u2026","rel":"","context":"En \u00abPol\u00edtica\u00bb","block_context":{"text":"Pol\u00edtica","link":"https:\/\/www.24baires.com\/?cat=51"},"img":{"alt_text":"\u00c1lvarez Rodriguez","src":"https:\/\/i0.wp.com\/www.24baires.com\/wp-content\/uploads\/2013\/08\/%C3%81lvarez-Rodriguez.jpg?resize=350%2C200","width":350,"height":200},"classes":[]},{"id":26690,"url":"https:\/\/www.24baires.com\/?p=26690","url_meta":{"origin":33878,"position":4},"title":"Clar\u00edn y su mafia medi\u00e1tica sin una lista de unidad contra el kirchnerismo","author":"Grupo Sierra","date":"23\/06\/2013","format":false,"excerpt":"Hab\u00edan apostado y dirigido todas sus operaciones a un acuerdo entre Scioli, Massa y De Narv\u00e1ez como alternativa viable al oficialismo, pero no lograron conciliar las profundas diferencias de sus favoritos. Ante el fracaso, la maquinaria medi\u00e1tica sale a potenciar la figura del intendente de Tigre y lo muestra como\u2026","rel":"","context":"En \u00abMedios\u00bb","block_context":{"text":"Medios","link":"https:\/\/www.24baires.com\/?cat=54"},"img":{"alt_text":"","src":"","width":0,"height":0},"classes":[]},{"id":59344,"url":"https:\/\/www.24baires.com\/?p=59344","url_meta":{"origin":33878,"position":5},"title":"El Concejo Deliberante de Ensenada declar\u00f3 \u00abpersona no grata\u00bb a Sergio Massa","author":"AF","date":"30\/12\/2014","format":false,"excerpt":"El Concejo Deliberante de Ensenada declar\u00f3 \"persona no grata en el \u00e1mbito de la ciudad\" al l\u00edder del Frente Renovador, el diputado Sergio Massa, a ra\u00edz de sus expresiones sobre la pol\u00edtica nacional en materia de derechos humanos. La resoluci\u00f3n, presentada por el bloque del Frente para la Victoria y\u2026","rel":"","context":"En \u00abLocales\u00bb","block_context":{"text":"Locales","link":"https:\/\/www.24baires.com\/?cat=38"},"img":{"alt_text":"massa","src":"https:\/\/i0.wp.com\/www.24baires.com\/wp-content\/uploads\/2013\/08\/massa.png?resize=350%2C200","width":350,"height":200,"srcset":"https:\/\/i0.wp.com\/www.24baires.com\/wp-content\/uploads\/2013\/08\/massa.png?resize=350%2C200 1x, https:\/\/i0.wp.com\/www.24baires.com\/wp-content\/uploads\/2013\/08\/massa.png?resize=525%2C300 1.5x"},"classes":[]}],"jetpack_sharing_enabled":true,"jetpack_likes_enabled":true,"_links":{"self":[{"href":"https:\/\/www.24baires.com\/index.php?rest_route=\/wp\/v2\/posts\/33878","targetHints":{"allow":["GET"]}}],"collection":[{"href":"https:\/\/www.24baires.com\/index.php?rest_route=\/wp\/v2\/posts"}],"about":[{"href":"https:\/\/www.24baires.com\/index.php?rest_route=\/wp\/v2\/types\/post"}],"author":[{"embeddable":true,"href":"https:\/\/www.24baires.com\/index.php?rest_route=\/wp\/v2\/users\/4"}],"replies":[{"embeddable":true,"href":"https:\/\/www.24baires.com\/index.php?rest_route=%2Fwp%2Fv2%2Fcomments&post=33878"}],"version-history":[{"count":1,"href":"https:\/\/www.24baires.com\/index.php?rest_route=\/wp\/v2\/posts\/33878\/revisions"}],"predecessor-version":[{"id":33880,"href":"https:\/\/www.24baires.com\/index.php?rest_route=\/wp\/v2\/posts\/33878\/revisions\/33880"}],"wp:attachment":[{"href":"https:\/\/www.24baires.com\/index.php?rest_route=%2Fwp%2Fv2%2Fmedia&parent=33878"}],"wp:term":[{"taxonomy":"category","embeddable":true,"href":"https:\/\/www.24baires.com\/index.php?rest_route=%2Fwp%2Fv2%2Fcategories&post=33878"},{"taxonomy":"post_tag","embeddable":true,"href":"https:\/\/www.24baires.com\/index.php?rest_route=%2Fwp%2Fv2%2Ftags&post=33878"}],"curies":[{"name":"wp","href":"https:\/\/api.w.org\/{rel}","templated":true}]}}