{"id":3380,"date":"2012-10-26T20:46:25","date_gmt":"2012-10-26T23:46:25","guid":{"rendered":"http:\/\/www.24baires.com\/?p=3380"},"modified":"2012-10-26T20:48:58","modified_gmt":"2012-10-26T23:48:58","slug":"dominguez-afirmo-que-nestor-kirchner-le-dio-razon-de-ser-al-peronismo","status":"publish","type":"post","link":"https:\/\/www.24baires.com\/?p=3380","title":{"rendered":"Dom\u00ednguez afirm\u00f3 que N\u00e9stor Kirchner le \u00abdio raz\u00f3n de ser al peronismo\u00bb"},"content":{"rendered":"<p><img data-recalc-dims=\"1\" loading=\"lazy\" decoding=\"async\" class=\"aligncenter size-full wp-image-241\" title=\"dominguez julian\" src=\"https:\/\/i0.wp.com\/www.24baires.com\/wp-content\/uploads\/2012\/09\/dominguez-julian.jpg?resize=560%2C335\" alt=\"\" width=\"560\" height=\"335\" srcset=\"https:\/\/i0.wp.com\/www.24baires.com\/wp-content\/uploads\/2012\/09\/dominguez-julian.jpg?w=560&amp;ssl=1 560w, https:\/\/i0.wp.com\/www.24baires.com\/wp-content\/uploads\/2012\/09\/dominguez-julian.jpg?resize=300%2C179&amp;ssl=1 300w\" sizes=\"auto, (max-width: 560px) 100vw, 560px\" \/><\/p>\n<p>El presidente de la C\u00e1mara de Diputados de la Naci\u00f3n, Juli\u00e1n Dom\u00ednguez, asegur\u00f3 hoy que \u00abN\u00e9stor Kirchner fue el presidente militante que le devolvi\u00f3 la raz\u00f3n de ser al peronismo en el Siglo XXI\u00bb, al recordarlo en el segundo aniversario de su fallecimiento.<!--more--><\/p>\n<p>En ese sentido, agreg\u00f3 que \u00abrecuper\u00f3 la esencia del movimiento como herramienta de cambio incluyente\u00bb y reivindic\u00f3 \u00abla pol\u00edtica como vocaci\u00f3n de servicio y rescat\u00f3 sus valores como instrumento de transformaci\u00f3n de la realidad del pueblo\u00bb.<\/p>\n<p>Asimismo, el titular de la C\u00e1mara baja nacional sostuvo que N\u00e9stor Kirchner \u00abreconoci\u00f3 a los j\u00f3venes como representantes de lo nuevo en la pol\u00edtica y logr\u00f3 que se movilicen convocados por un sue\u00f1o que les permite so\u00f1ar un futuro mejor\u00bb.<\/p>\n<p>\u00abLo recuerdo como un hombre de la pol\u00edtica que reconcili\u00f3 la palabra con la acci\u00f3n y como responsable de que el peronismo siga siendo en la sociedad argentina la opci\u00f3n de lucha por los m\u00e1s pobres, por la democracia, por la Argentina, por la Naci\u00f3n y por la Patria\u00bb, concluy\u00f3.<\/p>\n","protected":false},"excerpt":{"rendered":"<p>El presidente de la C\u00e1mara de Diputados de la Naci\u00f3n, Juli\u00e1n Dom\u00ednguez, asegur\u00f3 hoy que \u00abN\u00e9stor Kirchner fue el presidente militante que le devolvi\u00f3 la raz\u00f3n de ser al peronismo en el Siglo XXI\u00bb, al recordarlo en el segundo aniversario de su fallecimiento.<\/p>\n","protected":false},"author":11,"featured_media":0,"comment_status":"open","ping_status":"open","sticky":false,"template":"","format":"standard","meta":{"_jetpack_newsletter_access":"","_jetpack_dont_email_post_to_subs":false,"_jetpack_newsletter_tier_id":0,"_jetpack_memberships_contains_paywalled_content":false,"_jetpack_memberships_contains_paid_content":false,"footnotes":""},"categories":[51],"tags":[],"class_list":["post-3380","post","type-post","status-publish","format-standard","hentry","category-politica"],"jetpack_featured_media_url":"","jetpack_shortlink":"https:\/\/wp.me\/p2JWE0-Sw","jetpack-related-posts":[{"id":34052,"url":"https:\/\/www.24baires.com\/?p=34052","url_meta":{"origin":3380,"position":0},"title":"Scioli llam\u00f3 a recordar que Nestor  \u00abrevitaliz\u00f3 la esencia de la pol\u00edtica\u00bb","author":"GB","date":"24\/10\/2013","format":false,"excerpt":"El gobernador Daniel Scioli, el presidente de la C\u00e1mara de Diputados, Juli\u00e1n Dom\u00ednguez, y el ministro de Trabajo, Carlos Tomada, encabezaron un acto a tres d\u00edas del tercer aniversario de su fallecimiento. Scioli asegur\u00f3 que \"la lealtad para m\u00ed es ser responsable y agradecido con quien ha marcado un camino\u2026","rel":"","context":"En \u00abPol\u00edtica\u00bb","block_context":{"text":"Pol\u00edtica","link":"https:\/\/www.24baires.com\/?cat=51"},"img":{"alt_text":"","src":"","width":0,"height":0},"classes":[]},{"id":120542,"url":"https:\/\/www.24baires.com\/?p=120542","url_meta":{"origin":3380,"position":1},"title":"\u00abQu\u00e9dense tranquilos, tengo en claro que la deuda es con las y los trabajadores\u00bb","author":"GB","date":"09\/10\/2023","format":false,"excerpt":"\"Voy a ser el presidente de las y los trabajadores, porque creemos en una clase de personas: los que trabajan\", asegur\u00f3 el candidato presidencial de Uni\u00f3n por la Patria en el cierre de la caravana peronista en La Matanza. El ministro de Econom\u00eda y candidato presidencial de Uni\u00f3n por la\u2026","rel":"","context":"En \u00abElecciones\u00bb","block_context":{"text":"Elecciones","link":"https:\/\/www.24baires.com\/?cat=316"},"img":{"alt_text":"","src":"https:\/\/i0.wp.com\/www.24baires.com\/wp-content\/uploads\/2023\/10\/campana.jpg?resize=350%2C200","width":350,"height":200,"srcset":"https:\/\/i0.wp.com\/www.24baires.com\/wp-content\/uploads\/2023\/10\/campana.jpg?resize=350%2C200 1x, https:\/\/i0.wp.com\/www.24baires.com\/wp-content\/uploads\/2023\/10\/campana.jpg?resize=525%2C300 1.5x, https:\/\/i0.wp.com\/www.24baires.com\/wp-content\/uploads\/2023\/10\/campana.jpg?resize=700%2C400 2x"},"classes":[]},{"id":46671,"url":"https:\/\/www.24baires.com\/?p=46671","url_meta":{"origin":3380,"position":2},"title":"Llaman a movilizarse en apoyo a la Presidenta","author":"Grupo Sierra","date":"24\/05\/2014","format":false,"excerpt":"Los gobernadores de Buenos Aires y Entre R\u00edos, Daniel Scioli y Sergio Urribarri, y el presidente de la C\u00e1mara de Diputados, Juli\u00e1n Dominguez, convocaron a los argentinos a participar ma\u00f1ana de los festejos del 25 de Mayo y respaldaron las pol\u00edticas p\u00fablicas del gobierno nacional encabezado por Cristina Fern\u00e1ndez de\u2026","rel":"","context":"En \u00abPol\u00edtica\u00bb","block_context":{"text":"Pol\u00edtica","link":"https:\/\/www.24baires.com\/?cat=51"},"img":{"alt_text":"cris","src":"https:\/\/i0.wp.com\/www.24baires.com\/wp-content\/uploads\/2012\/12\/cris.jpg?resize=350%2C200","width":350,"height":200,"srcset":"https:\/\/i0.wp.com\/www.24baires.com\/wp-content\/uploads\/2012\/12\/cris.jpg?resize=350%2C200 1x, https:\/\/i0.wp.com\/www.24baires.com\/wp-content\/uploads\/2012\/12\/cris.jpg?resize=525%2C300 1.5x"},"classes":[]},{"id":108392,"url":"https:\/\/www.24baires.com\/?p=108392","url_meta":{"origin":3380,"position":3},"title":"Alberto y Cristina Fern\u00e1ndez presentaron su candidatura en Merlo","author":"AF","date":"26\/05\/2019","format":false,"excerpt":"El precandidato a presidente se present\u00f3 con su candidata a vice, la ex mandataria Cristina Kirchner: \"Yo estuve en el laberinto de la crisis y se c\u00f3mo salir\", enfatiz\u00f3 Alberto. Alberto Fern\u00e1ndez present\u00f3 su f\u00f3rmula junto a Cristina Kirchner de cara a las elecciones presidenciales de octubre en la que\u2026","rel":"","context":"En \u00abPol\u00edtica\u00bb","block_context":{"text":"Pol\u00edtica","link":"https:\/\/www.24baires.com\/?cat=51"},"img":{"alt_text":"","src":"https:\/\/i0.wp.com\/www.24baires.com\/wp-content\/uploads\/2019\/05\/alberto-cristina-fernandez-merlo.jpg?resize=350%2C200","width":350,"height":200,"srcset":"https:\/\/i0.wp.com\/www.24baires.com\/wp-content\/uploads\/2019\/05\/alberto-cristina-fernandez-merlo.jpg?resize=350%2C200 1x, https:\/\/i0.wp.com\/www.24baires.com\/wp-content\/uploads\/2019\/05\/alberto-cristina-fernandez-merlo.jpg?resize=525%2C300 1.5x"},"classes":[]},{"id":112689,"url":"https:\/\/www.24baires.com\/?p=112689","url_meta":{"origin":3380,"position":4},"title":"Vot\u00f3 Alberto y record\u00f3 a N\u00e9stor: \u201cestoy seguro que me est\u00e1 ayudando\u00bb","author":"GB","date":"27\/10\/2019","format":false,"excerpt":"El candidato a presidente del Frente de Todos emitir\u00e1 su voto en la mesa 68 de la Universidad Cat\u00f3lica Argentina (UCA), en Puerto Madero. En la previa, record\u00f3 a N\u00e9stor Kirchner al cumplirse nueve a\u00f1os de su fallecimiento. El candidato a presidente del Frente de Todos, Alberto Fern\u00e1ndez, emiti\u00f3 su\u2026","rel":"","context":"En \u00abELECCIONES 2019\u00bb","block_context":{"text":"ELECCIONES 2019","link":"https:\/\/www.24baires.com\/?cat=329"},"img":{"alt_text":"","src":"https:\/\/i0.wp.com\/www.24baires.com\/wp-content\/uploads\/2019\/10\/alberto.jpg?resize=350%2C200","width":350,"height":200,"srcset":"https:\/\/i0.wp.com\/www.24baires.com\/wp-content\/uploads\/2019\/10\/alberto.jpg?resize=350%2C200 1x, https:\/\/i0.wp.com\/www.24baires.com\/wp-content\/uploads\/2019\/10\/alberto.jpg?resize=525%2C300 1.5x"},"classes":[]},{"id":71692,"url":"https:\/\/www.24baires.com\/?p=71692","url_meta":{"origin":3380,"position":5},"title":"An\u00edbal: \u00abQueremos seguir profundizando derechos de los trabajadores\u00bb","author":"AF","date":"05\/09\/2015","format":false,"excerpt":"El jefe de Gabinete y candidato a gobernador de la provincia de Buenos Aires, An\u00edbal Fern\u00e1ndez lo se\u00f1al\u00f3 al hablar en el cierre del Congreso del PJ Bonaerense que se desarrolla en el Hotel NH Provincial de Mar del Plata. Fern\u00e1ndez impuls\u00f3 a los presentes a que \"la vocaci\u00f3n y\u2026","rel":"","context":"En \u00abPol\u00edtica\u00bb","block_context":{"text":"Pol\u00edtica","link":"https:\/\/www.24baires.com\/?cat=51"},"img":{"alt_text":"an\u00edbal cierre","src":"https:\/\/i0.wp.com\/www.24baires.com\/wp-content\/uploads\/2015\/08\/an%C3%ADbal-cierre.jpg?resize=350%2C200","width":350,"height":200,"srcset":"https:\/\/i0.wp.com\/www.24baires.com\/wp-content\/uploads\/2015\/08\/an%C3%ADbal-cierre.jpg?resize=350%2C200 1x, https:\/\/i0.wp.com\/www.24baires.com\/wp-content\/uploads\/2015\/08\/an%C3%ADbal-cierre.jpg?resize=525%2C300 1.5x"},"classes":[]}],"jetpack_sharing_enabled":true,"jetpack_likes_enabled":true,"_links":{"self":[{"href":"https:\/\/www.24baires.com\/index.php?rest_route=\/wp\/v2\/posts\/3380","targetHints":{"allow":["GET"]}}],"collection":[{"href":"https:\/\/www.24baires.com\/index.php?rest_route=\/wp\/v2\/posts"}],"about":[{"href":"https:\/\/www.24baires.com\/index.php?rest_route=\/wp\/v2\/types\/post"}],"author":[{"embeddable":true,"href":"https:\/\/www.24baires.com\/index.php?rest_route=\/wp\/v2\/users\/11"}],"replies":[{"embeddable":true,"href":"https:\/\/www.24baires.com\/index.php?rest_route=%2Fwp%2Fv2%2Fcomments&post=3380"}],"version-history":[{"count":3,"href":"https:\/\/www.24baires.com\/index.php?rest_route=\/wp\/v2\/posts\/3380\/revisions"}],"predecessor-version":[{"id":3383,"href":"https:\/\/www.24baires.com\/index.php?rest_route=\/wp\/v2\/posts\/3380\/revisions\/3383"}],"wp:attachment":[{"href":"https:\/\/www.24baires.com\/index.php?rest_route=%2Fwp%2Fv2%2Fmedia&parent=3380"}],"wp:term":[{"taxonomy":"category","embeddable":true,"href":"https:\/\/www.24baires.com\/index.php?rest_route=%2Fwp%2Fv2%2Fcategories&post=3380"},{"taxonomy":"post_tag","embeddable":true,"href":"https:\/\/www.24baires.com\/index.php?rest_route=%2Fwp%2Fv2%2Ftags&post=3380"}],"curies":[{"name":"wp","href":"https:\/\/api.w.org\/{rel}","templated":true}]}}