{"id":3371,"date":"2012-10-26T16:44:58","date_gmt":"2012-10-26T19:44:58","guid":{"rendered":"http:\/\/www.24baires.com\/?p=3371"},"modified":"2012-10-26T20:07:46","modified_gmt":"2012-10-26T23:07:46","slug":"trabajadores-despedidos-del-diario-hoy-protestaron-por-la-inaccion-de-cuartango","status":"publish","type":"post","link":"https:\/\/www.24baires.com\/?p=3371","title":{"rendered":"Trabajadores despedidos del Diario Hoy protestaron por la inacci\u00f3n de Cuartango"},"content":{"rendered":"<p>Los empleados cesanteados del matutino platense junto a trabajadores de otros medios reclamaron frente a la cartera laboral de la Provincia que el ministro \u201chaga cumplir las leyes\u201d frente a los atropellos de Myriam Rene\u00e9 Ch\u00e1vez de Balcedo. <strong>Aseguran que el diario es financiado casi exclusivamente por el gobierno de Daniel Scioli.<\/strong><!--more--><\/p>\n<p>\u201cBasta de precarizaci\u00f3n laboral en el diario Hoy, reincorporaci\u00f3n inmediata de los trabajadores despedidos, cumplimiento del Estatuto del Periodista y que el Ministerio de Trabajo haga cumplir las leyes laborales\u201d, fueron algunos de los reclamos de una manifestaci\u00f3n encabezada hoy por 10 trabajadores despedidos por la due\u00f1a del matutino, Myriam Rene\u00e9 Ch\u00e1vez de Balcedo, frente a la cartera laboral conducida por Oscar Cuartango.<\/p>\n<p>La protesta fue acompa\u00f1ada por periodistas y empleados de otros medios de la ciudad de La Plata, como Radio Provincia, la Federaci\u00f3n Argentina de Trabajadores de Prensa y el Colectivo de Trabajadores\/as de Prensa.<\/p>\n<p>Los despedidos explicaron que todo el personal del diario Hoy est\u00e1 empleado por fuera de lo que marca el Estatuto del Periodista y el Convenio Colectivo de Trabajo 541\/08.<\/p>\n<p>\u201cLa mayor\u00eda est\u00e1 registrado como monotributista y los pocos que trabajan en relaci\u00f3n de dependencia tienen blanqueado s\u00f3lo un porcentaje del salario. Adem\u00e1s no se respetan las 36 horas de labor semanal, ni se garantiza el doble franco, est\u00e1 prohibida la sindicalizaci\u00f3n; el salario m\u00ednimo muy alejado del Convenio Colectivo y hay despidos sin indemnizaci\u00f3n \u201c, agregaron.<\/p>\n<p>Uno de los cesanteados, el fot\u00f3grafo Gabriel Galn, afirm\u00f3 que \u201csinceramente no se puede trabajar ah\u00ed dentro, los maltratos son constantes. Es incre\u00edble c\u00f3mo Ch\u00e1vez de Balcedo viola los derechos laborales, es incre\u00edble que quienes tienen que hacer cumplir la ley, en este caso el ministerio de Trabajo bonaerense, no lo hagan. La precarizaci\u00f3n laboral es moneda corriente en el diario Hoy\u201d.<\/p>\n<p>La concentraci\u00f3n se desarroll\u00f3 este mediod\u00eda en calle 7 entre 39 y 40, a la altura del Ministerio de Trabajo provincial, con un corte en una de sus manos.<\/p>\n<p>Los trabajadores aseguraron que los despidos y la precarizaci\u00f3n laboral que a\u00fan siguen padeciendo cincuenta empleados a manos de Ch\u00e1vez de Balcedo \u201cno podr\u00eda desarrollarse si el gobierno provincial aplicara los mecanismos de control pertinentes a trav\u00e9s del Ministerio de Trabajo, a cargo de Oscar Cuartango\u201d.<\/p>\n<p>\u201cEn los \u00faltimos a\u00f1os, el Sindicato de Prensa Bonaerense y periodistas denunciaron en el Ministerio est\u00e1 situaci\u00f3n de precarizaci\u00f3n en el diario. Sin embargo, nunca se intent\u00f3 realizar una acci\u00f3n contundente para detener este avasallamiento a los derechos de los trabajadores, aun cuando la cartera laboral dispone de herramientas legales para revertir la situaci\u00f3n\u201d.<\/p>\n<p>De todos modos, no s\u00f3lo apuntaron contra Cuartango, \u201cya que el diario Hoy en La Noticia es financiado casi exclusivamente por el gobierno de Daniel Scioli y m\u00e1s espec\u00edficamente mediante la pauta publicitaria otorgada por el Banco Provincia, presidido por Gustavo Marangoni, entre otros organismos\u201d.<\/p>\n<p>En este sentido, los trabajadores reclamaron la reglamentaci\u00f3n de la Ley 14.318, sancionada el a\u00f1o pasado por la Legislatura. Esta norma proh\u00edbe el otorgamiento de pauta publicitaria a las empresas que no cumplen con las normas laborales y previsionales de los periodistas.<\/p>\n<p>\u201cPese a ello, por falta de voluntad pol\u00edtica, la ley a\u00fan no fue reglamentada y, por ende, no puede ser aplicada\u201d, explicaron.<\/p>\n","protected":false},"excerpt":{"rendered":"<p>Los empleados cesanteados del matutino platense junto a trabajadores de otros medios reclamaron frente a la cartera laboral de la Provincia que el ministro \u201chaga cumplir las leyes\u201d frente a los atropellos de Myriam Rene\u00e9 Ch\u00e1vez de Balcedo. Aseguran que el diario es financiado casi exclusivamente por el gobierno de Daniel Scioli.<\/p>\n","protected":false},"author":11,"featured_media":0,"comment_status":"open","ping_status":"open","sticky":false,"template":"","format":"standard","meta":{"_jetpack_newsletter_access":"","_jetpack_dont_email_post_to_subs":false,"_jetpack_newsletter_tier_id":0,"_jetpack_memberships_contains_paywalled_content":false,"_jetpack_memberships_contains_paid_content":false,"footnotes":""},"categories":[54],"tags":[],"class_list":["post-3371","post","type-post","status-publish","format-standard","hentry","category-medios"],"jetpack_featured_media_url":"","jetpack_shortlink":"https:\/\/wp.me\/p2JWE0-Sn","jetpack-related-posts":[{"id":51096,"url":"https:\/\/www.24baires.com\/?p=51096","url_meta":{"origin":3371,"position":0},"title":"Denuncian el despido de cinco trabajadores del diario Hoy de La Plata","author":"Grupo Sierra","date":"03\/08\/2014","format":false,"excerpt":"Afirman que los despidos son injustificados y denuncian maltrato f\u00edsico y psicol\u00f3gico por parte de la direcci\u00f3n. Convocan a colegas, gremios y organizaciones a \u201cdar una pelea en unidad para ponerle un freno a la precarizaci\u00f3n laboral en este diario. El reclamo se realizar\u00e1 ma\u00f1ana al mediod\u00eda. Son 3 periodistas\u2026","rel":"","context":"En \u00abMedios\u00bb","block_context":{"text":"Medios","link":"https:\/\/www.24baires.com\/?cat=54"},"img":{"alt_text":"diario hoy","src":"https:\/\/i0.wp.com\/www.24baires.com\/wp-content\/uploads\/2014\/08\/diario-hoy.png?resize=350%2C200","width":350,"height":200},"classes":[]},{"id":52938,"url":"https:\/\/www.24baires.com\/?p=52938","url_meta":{"origin":3371,"position":1},"title":"El Gobierno Bonaerense se reuni\u00f3 con el Sindicato de Prensa de la Provincia","author":"GB","date":"02\/09\/2014","format":false,"excerpt":"Representantes del Sindicato de Prensa Bonaerense fueron recibidos hoy por autoridades del Poder Ejecutivo provincial en la Gobernaci\u00f3n para evaluar la situaci\u00f3n del sector en la regi\u00f3n, especialmente en lo que hace a casos que afectan la estabilidad laboral de los trabajadores, se inform\u00f3. \"Luego de evaluar cada uno de\u2026","rel":"","context":"En \u00abMedios\u00bb","block_context":{"text":"Medios","link":"https:\/\/www.24baires.com\/?cat=54"},"img":{"alt_text":"","src":"","width":0,"height":0},"classes":[]},{"id":100046,"url":"https:\/\/www.24baires.com\/?p=100046","url_meta":{"origin":3371,"position":2},"title":"La madre de Balcedo cerr\u00f3 temporalmente el Diario Hoy y los trabajadores resisten","author":"GB","date":"19\/01\/2018","format":false,"excerpt":"La madre del sindicalista Marcelo Balcedo, Miriam \"Nene\" Ch\u00e1vez de Balcedo, detenido en Uruguay, cerr\u00f3 temporalmente esta tarde el Diario Hoy y comenz\u00f3 a despedir personal, el cual decidi\u00f3 permanecer dentro del edificio del matutino, en La Plata, para resistir la medida. Ch\u00e1vez anunci\u00f3 la medida -que en principio regir\u00eda\u2026","rel":"","context":"En \u00abMedios\u00bb","block_context":{"text":"Medios","link":"https:\/\/www.24baires.com\/?cat=54"},"img":{"alt_text":"","src":"https:\/\/i0.wp.com\/www.24baires.com\/wp-content\/uploads\/2018\/01\/diario-hoy-300x200.jpg?resize=350%2C200","width":350,"height":200},"classes":[]},{"id":55038,"url":"https:\/\/www.24baires.com\/?p=55038","url_meta":{"origin":3371,"position":3},"title":"Reprimieron una protesta de periodistas en La Plata","author":"Grupo Sierra","date":"08\/10\/2014","format":false,"excerpt":"Trabajadores de prensa fueron reprimidos por efectivos policiales con balas de goma y gases lacrim\u00f3genos. Cinco de ellos fueron trasladados a la Comisar\u00eda Segunda de la capital provincial. Reclamaban la reincoporaci\u00f3n de despedidos y contra la precarizaci\u00f3n laboral en el medio de comunicaci\u00f3n. Este mi\u00e9rcoles, trabajadores de prensa volvieron a\u2026","rel":"","context":"En \u00abPoliciales\u00bb","block_context":{"text":"Policiales","link":"https:\/\/www.24baires.com\/?cat=49"},"img":{"alt_text":"represi\u00f3n diario hoy","src":"https:\/\/i0.wp.com\/www.24baires.com\/wp-content\/uploads\/2014\/10\/represi%C3%B3n-diario-hoy.jpg?resize=350%2C200","width":350,"height":200,"srcset":"https:\/\/i0.wp.com\/www.24baires.com\/wp-content\/uploads\/2014\/10\/represi%C3%B3n-diario-hoy.jpg?resize=350%2C200 1x, https:\/\/i0.wp.com\/www.24baires.com\/wp-content\/uploads\/2014\/10\/represi%C3%B3n-diario-hoy.jpg?resize=525%2C300 1.5x"},"classes":[]},{"id":55697,"url":"https:\/\/www.24baires.com\/?p=55697","url_meta":{"origin":3371,"position":4},"title":"Periodistas despedidos del diario Hoy de La Plata, volver\u00e1n a movilizarse","author":"GB","date":"20\/10\/2014","format":false,"excerpt":"Periodistas de La Plata se movilizar\u00e1n este mi\u00e9rcoles al mediod\u00eda a las puertas de la Casa de Gobierno provincial, para exigir la intervenci\u00f3n del Ministerio de Trabajo en el conflicto laboral que se mantiene con el diario Hoy, con el fin de que se acuerde la reincorporaci\u00f3n de diez trabajadores\u2026","rel":"","context":"En \u00abMedios\u00bb","block_context":{"text":"Medios","link":"https:\/\/www.24baires.com\/?cat=54"},"img":{"alt_text":"reclamo periodistas","src":"https:\/\/i0.wp.com\/www.24baires.com\/wp-content\/uploads\/2014\/10\/reclamo-periodistas.jpg?resize=350%2C200","width":350,"height":200,"srcset":"https:\/\/i0.wp.com\/www.24baires.com\/wp-content\/uploads\/2014\/10\/reclamo-periodistas.jpg?resize=350%2C200 1x, https:\/\/i0.wp.com\/www.24baires.com\/wp-content\/uploads\/2014\/10\/reclamo-periodistas.jpg?resize=525%2C300 1.5x"},"classes":[]},{"id":61118,"url":"https:\/\/www.24baires.com\/?p=61118","url_meta":{"origin":3371,"position":5},"title":"Ezeiza: intiman a empresa av\u00edcola por el despido de 700 trabajadores","author":"AF","date":"02\/02\/2015","format":false,"excerpt":"Se trata de la empresa Rasic Hermanos S. A., intimada por el Ministerio de Trabajo bonaerense a cumplir la conciliaci\u00f3n obligatoria dictada el 26 de enero y disponer la \"inmediata reapertura de la planta\" y la reincorporaci\u00f3n de los trabajadores que fueron despedidos. El Ministerio de Trabajo que conduce Oscar\u2026","rel":"","context":"En \u00abLocales\u00bb","block_context":{"text":"Locales","link":"https:\/\/www.24baires.com\/?cat=38"},"img":{"alt_text":"","src":"","width":0,"height":0},"classes":[]}],"jetpack_sharing_enabled":true,"jetpack_likes_enabled":true,"_links":{"self":[{"href":"https:\/\/www.24baires.com\/index.php?rest_route=\/wp\/v2\/posts\/3371","targetHints":{"allow":["GET"]}}],"collection":[{"href":"https:\/\/www.24baires.com\/index.php?rest_route=\/wp\/v2\/posts"}],"about":[{"href":"https:\/\/www.24baires.com\/index.php?rest_route=\/wp\/v2\/types\/post"}],"author":[{"embeddable":true,"href":"https:\/\/www.24baires.com\/index.php?rest_route=\/wp\/v2\/users\/11"}],"replies":[{"embeddable":true,"href":"https:\/\/www.24baires.com\/index.php?rest_route=%2Fwp%2Fv2%2Fcomments&post=3371"}],"version-history":[{"count":3,"href":"https:\/\/www.24baires.com\/index.php?rest_route=\/wp\/v2\/posts\/3371\/revisions"}],"predecessor-version":[{"id":3374,"href":"https:\/\/www.24baires.com\/index.php?rest_route=\/wp\/v2\/posts\/3371\/revisions\/3374"}],"wp:attachment":[{"href":"https:\/\/www.24baires.com\/index.php?rest_route=%2Fwp%2Fv2%2Fmedia&parent=3371"}],"wp:term":[{"taxonomy":"category","embeddable":true,"href":"https:\/\/www.24baires.com\/index.php?rest_route=%2Fwp%2Fv2%2Fcategories&post=3371"},{"taxonomy":"post_tag","embeddable":true,"href":"https:\/\/www.24baires.com\/index.php?rest_route=%2Fwp%2Fv2%2Ftags&post=3371"}],"curies":[{"name":"wp","href":"https:\/\/api.w.org\/{rel}","templated":true}]}}