{"id":33693,"date":"2013-10-17T17:00:51","date_gmt":"2013-10-17T20:00:51","guid":{"rendered":"http:\/\/www.24baires.com\/?p=33693"},"modified":"2013-10-17T14:08:08","modified_gmt":"2013-10-17T17:08:08","slug":"no-hay-que-defender-a-cabandie","status":"publish","type":"post","link":"https:\/\/www.24baires.com\/?p=33693","title":{"rendered":"No hay que defender a Cabandi\u00e9"},"content":{"rendered":"<p><img data-recalc-dims=\"1\" loading=\"lazy\" decoding=\"async\" class=\"aligncenter size-full wp-image-33694\" alt=\"cabandi\u00e9\" src=\"https:\/\/i0.wp.com\/www.24baires.com\/wp-content\/uploads\/2013\/10\/cabandi%C3%A9.jpg?resize=560%2C319\" width=\"560\" height=\"319\" srcset=\"https:\/\/i0.wp.com\/www.24baires.com\/wp-content\/uploads\/2013\/10\/cabandi%C3%A9.jpg?w=560&amp;ssl=1 560w, https:\/\/i0.wp.com\/www.24baires.com\/wp-content\/uploads\/2013\/10\/cabandi%C3%A9.jpg?resize=300%2C170&amp;ssl=1 300w\" sizes=\"auto, (max-width: 560px) 100vw, 560px\" \/>No hay que defender a Juan Cabandi\u00e9. No hay que justificar a Juan Cabandi\u00e9, ni sus actos, ni sus dichos. Eso se\u00f1ala el Manual del No Te Met\u00e1s. Eso ense\u00f1aron durante a\u00f1os, eso aprendieron mucho, muchos. Y siempre est\u00e1 vigente la tentaci\u00f3n de seguir los mandatos de ese manual, para ahorrarse problemas, para evitarse discusiones repetidas, para no malgastar la saliva, incluso. No vamos a negar verdades, a veces podemos caer en esa comodidad y mantener cerrada la boca dejando la opini\u00f3n detr\u00e1s de los dientes, apretada, silente, desaparecida en la caverna cobarde de nuestra boca.<!--more--><\/p>\n<p>Y no hay que defender a Juan Cabandi\u00e9, porque queda mal, porque te van a salir a cruzar, porque es mejor mantenerse al margen, si ni siquiera votamos en su distrito. Pero no se trata de defender al legislador y sus acciones, se trata de otra cosa, como casi siempre. Se trata de una operaci\u00f3n medi\u00e1tica que lo tiene a Cabandi\u00e9 de v\u00edctima circunstancial, pero que apunta mucho m\u00e1s alto y mucho m\u00e1s lejos, y que le pega directamente a la lucha por los derechos humanos que, entre muchas y muchos otros, encarna Juan.<br \/>\nY ah\u00ed es donde pretende golpear esta opereta de bajo presupuesto pero de intenciones siniestras. No quieren meramente restarle votos a un candidato, no quieren mellar un nombre propio, tiene objetivos m\u00e1s complejos y absolutos. En su cuerpo, en el de Juan, una vez m\u00e1s, quieren avasallar la historia, no la suya sola, sino la que hemos logrado comenzar a reconstruir en estos \u00faltimos diez a\u00f1os. Esa historia custodiada y vindicada por Madres y Abuelas por m\u00e1s de tres d\u00e9cadas, hasta que bajamos un cuadro y subimos a la Memoria y la pusimos a la altura de la Verdad y la Justicia, que es donde hace que todo funcione y tenga sentido, como los engranajes de un reloj.<br \/>\nY la lucha por los derechos humanos, por los desaparecidos, por mantener vigente y siempre viva la Memoria que tantos a\u00f1os ocultaron, que tanto tiempo escondieron debajo de la alfombra como tierra mal barrida, esa lucha, esa reivindicaciones, se tienen que defender.<br \/>\nEste mi\u00e9rcoles, pasaron por la ciudad de Mar del Plata el Diputado Remo Carlotto acompa\u00f1ando en una charla al Juez Baltazar Garz\u00f3n. Y de eso se habl\u00f3, de Memoria. Garz\u00f3n apoy\u00f3 desde su lugar, todo cuanto se ha avanzado en materia de derechos humanos en Argentina. \u201cEn Espa\u00f1a no tenemos Memoria, se nos castr\u00f3\u201d, compar\u00f3. Y afirm\u00f3 algo que ya sabemos, o que ya deber\u00edamos saber como nadie: \u201cLos pueblos sin Memoria est\u00e1n irremediablemente condenados a repetir los errores del pasado\u201d.<br \/>\nY Carlotto se\u00f1al\u00f3, desde las tripas, esta operaci\u00f3n que existe con una c\u00e1mara oculta mal montada, grabada hace meses, editada y dada a conocer casualmente ahora y no defendi\u00f3 a Cabandi\u00e9: me defendi\u00f3 a mi, que apoyo la lucha, que tengo Memoria, que quiero Verdad y Justicia, y nos defendi\u00f3 a todos los que pensamos as\u00ed. Garz\u00f3n estuvo a la altura, como el batallador de causas justas que es, y motivo por el cual ha sufrido graves persecuciones en su propia tierra y en tierras ajenas: \u201cDe todos los partidos e ideolog\u00edas deben reconocer el gran aporte de N\u00e9stor Kirchner a la recuperaci\u00f3n de la Memoria\u201d, dijo al finalizar un compendio de an\u00e9cdotas, donde el ex presidente y la actual Jefa de Estado eran protagonistas, siendo los primeros en comunicarse con \u00e9l y brindarles su apoyo cuando fue suspendido es sus funciones como Juez por investigar (o intentar investigar) los cr\u00edmenes del franquismo.<br \/>\nNo hay que defender a Cabandi\u00e9: si seguimos luchando para no volver al pasado oscuro, para que se haga justicia con los asesinos, torturadores y apropiadores de identidad que robaron a beb\u00e9s como Juan de los brazos de sus madres. Si cultivamos y ejercitamos la Memoria como mecanismo certero de prevenci\u00f3n contra aquellos que por conveniencia propia o por simple odio pretenden devolvernos a la noche oscura, no hay que defender a Cabandi\u00e9: no hace falta.<\/p>\n","protected":false},"excerpt":{"rendered":"<p>No hay que defender a Juan Cabandi\u00e9. No hay que justificar a Juan Cabandi\u00e9, ni sus actos, ni sus dichos. Eso se\u00f1ala el Manual del No Te Met\u00e1s. Eso ense\u00f1aron durante a\u00f1os, eso aprendieron mucho, muchos. Y siempre est\u00e1 vigente la tentaci\u00f3n de seguir los mandatos de ese manual, para ahorrarse problemas, para evitarse discusiones repetidas, para no malgastar la [&#8230;]<\/p>\n","protected":false},"author":4,"featured_media":0,"comment_status":"open","ping_status":"open","sticky":false,"template":"","format":"standard","meta":{"_jetpack_newsletter_access":"","_jetpack_dont_email_post_to_subs":false,"_jetpack_newsletter_tier_id":0,"_jetpack_memberships_contains_paywalled_content":false,"_jetpack_memberships_contains_paid_content":false,"footnotes":""},"categories":[64],"tags":[],"class_list":["post-33693","post","type-post","status-publish","format-standard","hentry","category-opinion"],"jetpack_featured_media_url":"","jetpack_shortlink":"https:\/\/wp.me\/p2JWE0-8Lr","jetpack-related-posts":[{"id":117711,"url":"https:\/\/www.24baires.com\/?p=117711","url_meta":{"origin":33693,"position":0},"title":"Alberto Fern\u00e1ndez presenta la ley de Educaci\u00f3n Ambiental","author":"GB","date":"07\/06\/2021","format":false,"excerpt":"El presidente Alberto Fern\u00e1ndez presentar\u00e1 la Ley 27.621 que implementa la Educaci\u00f3n Ambiental Integral. El presidente Alberto Fern\u00e1ndez anunciar\u00e1 este lunes 7 de junio la promulgaci\u00f3n de la Ley 27.621 que implementa la Educaci\u00f3n Ambiental Integral (EAI) en todo el pa\u00eds. De esta manera, el mandatario nacional arranca la semana\u2026","rel":"","context":"En \u00abPol\u00edtica\u00bb","block_context":{"text":"Pol\u00edtica","link":"https:\/\/www.24baires.com\/?cat=51"},"img":{"alt_text":"","src":"https:\/\/i0.wp.com\/www.24baires.com\/wp-content\/uploads\/2020\/08\/alberto-fern%C3%A1ndez.jpg?resize=350%2C200","width":350,"height":200,"srcset":"https:\/\/i0.wp.com\/www.24baires.com\/wp-content\/uploads\/2020\/08\/alberto-fern%C3%A1ndez.jpg?resize=350%2C200 1x, https:\/\/i0.wp.com\/www.24baires.com\/wp-content\/uploads\/2020\/08\/alberto-fern%C3%A1ndez.jpg?resize=525%2C300 1.5x"},"classes":[]},{"id":103088,"url":"https:\/\/www.24baires.com\/?p=103088","url_meta":{"origin":33693,"position":1},"title":"Le dieron domiciliaria a Luis Falco, el apropiador de Juan Cabandi\u00e9","author":"AF","date":"30\/06\/2018","format":false,"excerpt":"Lo dispuso Servini de Cubr\u00eda. El represor cumpli\u00f3 apenas la mitad de su pena en una unidad penitenciara. Fuerte rechazo de Abuelas e HIJOS. El Juzgado Criminal y Correccional Federal Nro. 1, a cargo de Mar\u00eda Servini de Cubr\u00eda, quien otorg\u00f3 la prisi\u00f3n domiciliaria al represor Luis Antonio Falco, condenado\u2026","rel":"","context":"En \u00abMemoria\u00bb","block_context":{"text":"Memoria","link":"https:\/\/www.24baires.com\/?cat=50"},"img":{"alt_text":"","src":"https:\/\/i0.wp.com\/www.24baires.com\/wp-content\/uploads\/2013\/10\/cabandi%C3%A9.jpg?resize=350%2C200","width":350,"height":200,"srcset":"https:\/\/i0.wp.com\/www.24baires.com\/wp-content\/uploads\/2013\/10\/cabandi%C3%A9.jpg?resize=350%2C200 1x, https:\/\/i0.wp.com\/www.24baires.com\/wp-content\/uploads\/2013\/10\/cabandi%C3%A9.jpg?resize=525%2C300 1.5x"},"classes":[]},{"id":30346,"url":"https:\/\/www.24baires.com\/?p=30346","url_meta":{"origin":33693,"position":2},"title":"Filmus y Cabandi\u00e9 recorrieron La Boca","author":"GB","date":"17\/08\/2013","format":false,"excerpt":"Los candidatos a senador y a diputado del Frente para la Victoria por la Ciudad de Buenos Aires, Daniel Filmus y Juan Cabandi\u00e9, recorrieron hoy el barrio de La Boca, y coincidieron en destacar \"la defensa de un Estado activo, que defienda los intereses del pueblo\", y convocaron a \"todos\u2026","rel":"","context":"En \u00abPol\u00edtica\u00bb","block_context":{"text":"Pol\u00edtica","link":"https:\/\/www.24baires.com\/?cat=51"},"img":{"alt_text":"Filmus en La Boca","src":"https:\/\/i0.wp.com\/www.24baires.com\/wp-content\/uploads\/2013\/08\/Filmus-en-La-Boca-300x199.jpg?resize=350%2C200","width":350,"height":200},"classes":[]},{"id":30016,"url":"https:\/\/www.24baires.com\/?p=30016","url_meta":{"origin":33693,"position":3},"title":"Cabandi\u00e9 le dedic\u00f3 su voto a N\u00e9stor Kirchner y a sus pap\u00e1s desaparecidos","author":"AF","date":"12\/08\/2013","format":false,"excerpt":"El candidato del FPV tambi\u00e9n resalt\u00f3 la incorporaci\u00f3n de los j\u00f3venes y dijo que \"tiene que ser de mucha alegr\u00eda para los argentinos\". En el mismo sentido se pronunci\u00f3 Daniel Filmus. Al ser consultado por los medios, el primer precandidato a diputado porte\u00f1o por el Frente para la Victoria, Juan\u2026","rel":"","context":"En \u00abPASO2013\u00bb","block_context":{"text":"PASO2013","link":"https:\/\/www.24baires.com\/?cat=71"},"img":{"alt_text":"cabandi\u00e9 voto","src":"https:\/\/i0.wp.com\/www.24baires.com\/wp-content\/uploads\/2013\/08\/cabandi%C3%A9-voto.jpg?resize=350%2C200","width":350,"height":200,"srcset":"https:\/\/i0.wp.com\/www.24baires.com\/wp-content\/uploads\/2013\/08\/cabandi%C3%A9-voto.jpg?resize=350%2C200 1x, https:\/\/i0.wp.com\/www.24baires.com\/wp-content\/uploads\/2013\/08\/cabandi%C3%A9-voto.jpg?resize=525%2C300 1.5x"},"classes":[]},{"id":32879,"url":"https:\/\/www.24baires.com\/?p=32879","url_meta":{"origin":33693,"position":4},"title":"Cabandi\u00e9: \u00abpintar de color una fachada de una casa no es urbanizar una villa\u00bb","author":"GB","date":"02\/10\/2013","format":false,"excerpt":"El legislador porte\u00f1o del FPV, Juan Cabandi\u00e9, hizo estas afirmaciones y adelant\u00f3 que su bloque no acompa\u00f1ar\u00e1 el proyecto de venta de espacios p\u00fablicos para utilizar los recursos obtenidos en asentamientos precarios de la zona. \"Estamos a favor del desarrollo urbano de la Ciudad y de generar condiciones para que\u2026","rel":"","context":"En \u00abELECCIONES 2013\u00bb","block_context":{"text":"ELECCIONES 2013","link":"https:\/\/www.24baires.com\/?cat=72"},"img":{"alt_text":"cabandiee","src":"https:\/\/i0.wp.com\/www.24baires.com\/wp-content\/uploads\/2013\/10\/cabandiee-300x199.jpg?resize=350%2C200","width":350,"height":200},"classes":[]},{"id":58210,"url":"https:\/\/www.24baires.com\/?p=58210","url_meta":{"origin":33693,"position":5},"title":"Para Cabandi\u00e9, el amparo contra la ley de medios \u00abes una actitud de expl\u00edcito autoritarismo\u00bb","author":"GB","date":"06\/12\/2014","format":false,"excerpt":"El diputado nacional del Frente para la Victoria, Juan Cabandi\u00e9, dijo hoy que \u201ces una actitud de expl\u00edcito autoritarismo\u201d la presentaci\u00f3n del recurso de amparo interpuesta por periodistas famosos del Grupo Clar\u00edn, en contra de que el multimedio cumpla con la adecuaci\u00f3n a la Ley de Servicios de Comunicaci\u00f3n Audiovisual.\u2026","rel":"","context":"En \u00abMedios\u00bb","block_context":{"text":"Medios","link":"https:\/\/www.24baires.com\/?cat=54"},"img":{"alt_text":"cabandi\u00e9","src":"https:\/\/i0.wp.com\/www.24baires.com\/wp-content\/uploads\/2013\/10\/cabandi%C3%A9.jpg?resize=350%2C200","width":350,"height":200,"srcset":"https:\/\/i0.wp.com\/www.24baires.com\/wp-content\/uploads\/2013\/10\/cabandi%C3%A9.jpg?resize=350%2C200 1x, https:\/\/i0.wp.com\/www.24baires.com\/wp-content\/uploads\/2013\/10\/cabandi%C3%A9.jpg?resize=525%2C300 1.5x"},"classes":[]}],"jetpack_sharing_enabled":true,"jetpack_likes_enabled":true,"_links":{"self":[{"href":"https:\/\/www.24baires.com\/index.php?rest_route=\/wp\/v2\/posts\/33693","targetHints":{"allow":["GET"]}}],"collection":[{"href":"https:\/\/www.24baires.com\/index.php?rest_route=\/wp\/v2\/posts"}],"about":[{"href":"https:\/\/www.24baires.com\/index.php?rest_route=\/wp\/v2\/types\/post"}],"author":[{"embeddable":true,"href":"https:\/\/www.24baires.com\/index.php?rest_route=\/wp\/v2\/users\/4"}],"replies":[{"embeddable":true,"href":"https:\/\/www.24baires.com\/index.php?rest_route=%2Fwp%2Fv2%2Fcomments&post=33693"}],"version-history":[{"count":1,"href":"https:\/\/www.24baires.com\/index.php?rest_route=\/wp\/v2\/posts\/33693\/revisions"}],"predecessor-version":[{"id":33695,"href":"https:\/\/www.24baires.com\/index.php?rest_route=\/wp\/v2\/posts\/33693\/revisions\/33695"}],"wp:attachment":[{"href":"https:\/\/www.24baires.com\/index.php?rest_route=%2Fwp%2Fv2%2Fmedia&parent=33693"}],"wp:term":[{"taxonomy":"category","embeddable":true,"href":"https:\/\/www.24baires.com\/index.php?rest_route=%2Fwp%2Fv2%2Fcategories&post=33693"},{"taxonomy":"post_tag","embeddable":true,"href":"https:\/\/www.24baires.com\/index.php?rest_route=%2Fwp%2Fv2%2Ftags&post=33693"}],"curies":[{"name":"wp","href":"https:\/\/api.w.org\/{rel}","templated":true}]}}