{"id":3366,"date":"2012-10-26T10:00:56","date_gmt":"2012-10-26T13:00:56","guid":{"rendered":"http:\/\/www.24baires.com\/?p=3366"},"modified":"2012-10-26T19:59:31","modified_gmt":"2012-10-26T22:59:31","slug":"la-unidad-movil-del-renar-llega-a-olavarria-para-regularizar-a-usuarios-de-armas","status":"publish","type":"post","link":"https:\/\/www.24baires.com\/?p=3366","title":{"rendered":"La unidad m\u00f3vil del RENAR llega a Olavarr\u00eda para regularizar a usuarios de armas"},"content":{"rendered":"<p><img data-recalc-dims=\"1\" loading=\"lazy\" decoding=\"async\" class=\"aligncenter size-full wp-image-3367\" title=\"renar movil\" src=\"https:\/\/i0.wp.com\/www.24baires.com\/wp-content\/uploads\/2012\/10\/renar-movil.jpg?resize=560%2C333\" alt=\"\" width=\"560\" height=\"333\" srcset=\"https:\/\/i0.wp.com\/www.24baires.com\/wp-content\/uploads\/2012\/10\/renar-movil.jpg?w=560&amp;ssl=1 560w, https:\/\/i0.wp.com\/www.24baires.com\/wp-content\/uploads\/2012\/10\/renar-movil.jpg?resize=300%2C178&amp;ssl=1 300w\" sizes=\"auto, (max-width: 560px) 100vw, 560px\" \/><\/p>\n<p>La oficina llegar\u00e1 el lunes y permanecer\u00e1 en la Ciudad hasta el 16 de noviembre. Estar\u00e1 ubicada en la esquina Belgrano y Brown. Ser\u00e1 exclusiva para tr\u00e1mites de regularizaci\u00f3n y <strong>no se recepcionar\u00e1n armas<\/strong>. Los usuarios que se presenten de manera voluntaria antes de fin de a\u00f1o, no recibir\u00e1n sanciones.<!--more--><br \/>\nLa Unidad de Registraci\u00f3n M\u00f3vil del RENAR (URM) llegar\u00e1 el pr\u00f3ximo lunes a Olavarr\u00eda y permanecer\u00e1 en la ciudad hasta el 16 de noviembre, en el marco del Plan Nacional para que los poseedores de armas de fuego puedan regularizar su situaci\u00f3n.<\/p>\n<p>El veh\u00edculo estar\u00e1 ubicado en el Parque del Bicentenario \u201cSenador O. Lara\u201d, en la esquina Belgrano y Brown y atender\u00e1 de lunes a viernes de 8.30 a 13.30 horas.<\/p>\n<p>La unidad m\u00f3vil est\u00e1 a cargo de personal especializado que brindar\u00e1 informaci\u00f3n y facilitar\u00e1 la gesti\u00f3n de tr\u00e1mites en los lugares de residencia.<\/p>\n<p>Desde el RENAR se indic\u00f3 que se van a recepcionar tr\u00e1mites de solicitud de Inscripci\u00f3n Legitimo Usuario Individual de Armas Uso Civil Condicional y\/o Uso Civil; solicitud de duplicado de credenciales; cambio de domicilio; denuncia de venta de un arma, de extrav\u00edo, robo y\/o hurto de armas de fuego (pedido de secuestro); solicitud de Baja de Legajo (s\u00f3lo para usuario individual); solicitud de Baja de Arma si se acredita la entrega en el plan de desarme o la transferencia a otro leg\u00edtimo usuario.<\/p>\n<p>La oficina es exclusiva para tr\u00e1mites registrales y no se recepciona material ya que est\u00e1 destinada a quienes poseen armas de fuego y que por distintos motivos hoy se encuentran en un estado irregular.<\/p>\n<p>Los usuarios que se presenten de manera voluntaria para normalizar su situaci\u00f3n, antes de fin de a\u00f1o, no recibir\u00e1n ning\u00fan tipo de sanci\u00f3n administrativa ni monetaria. En cambio, aquellos que contin\u00faen en infracci\u00f3n podr\u00e1n ser inhabilitados en forma definitiva y quedar\u00e1n expuestos al decomiso del arma.<\/p>\n","protected":false},"excerpt":{"rendered":"<p>La oficina llegar\u00e1 el lunes y permanecer\u00e1 en la Ciudad hasta el 16 de noviembre. Estar\u00e1 ubicada en la esquina Belgrano y Brown. Ser\u00e1 exclusiva para tr\u00e1mites de regularizaci\u00f3n y no se recepcionar\u00e1n armas. Los usuarios que se presenten de manera voluntaria antes de fin de a\u00f1o, no recibir\u00e1n sanciones.<\/p>\n","protected":false},"author":11,"featured_media":0,"comment_status":"open","ping_status":"open","sticky":false,"template":"","format":"standard","meta":{"_jetpack_newsletter_access":"","_jetpack_dont_email_post_to_subs":false,"_jetpack_newsletter_tier_id":0,"_jetpack_memberships_contains_paywalled_content":false,"_jetpack_memberships_contains_paid_content":false,"footnotes":""},"categories":[1],"tags":[],"class_list":["post-3366","post","type-post","status-publish","format-standard","hentry","category-sociedad"],"jetpack_featured_media_url":"","jetpack_shortlink":"https:\/\/wp.me\/p2JWE0-Si","jetpack-related-posts":[{"id":1071,"url":"https:\/\/www.24baires.com\/?p=1071","url_meta":{"origin":3366,"position":0},"title":"Olavarr\u00eda contar\u00e1 con su propia sede de la Jefatura Zonal Centro de la Polic\u00eda Bonaerense","author":"AF","date":"05\/10\/2012","format":false,"excerpt":"Se construir\u00e1 en la ciudad un sector de oficinas para que se pueda radicar su titular, el comisario general Jos\u00e9 Fabi\u00e1n Pagge. Funcionar\u00e1 en Brown y Belgrano, a metros de la seccional Primera de Olavarr\u00eda. La Jefatura Zonal Centro de la Polic\u00eda de la Provincia tendr\u00e1 su sede en Olavarr\u00eda,\u2026","rel":"","context":"En \u00abSociedad\u00bb","block_context":{"text":"Sociedad","link":"https:\/\/www.24baires.com\/?cat=1"},"img":{"alt_text":"","src":"https:\/\/i0.wp.com\/www.24baires.com\/wp-content\/uploads\/2012\/10\/PATRULLEROS.jpg?resize=350%2C200","width":350,"height":200,"srcset":"https:\/\/i0.wp.com\/www.24baires.com\/wp-content\/uploads\/2012\/10\/PATRULLEROS.jpg?resize=350%2C200 1x, https:\/\/i0.wp.com\/www.24baires.com\/wp-content\/uploads\/2012\/10\/PATRULLEROS.jpg?resize=525%2C300 1.5x"},"classes":[]},{"id":2698,"url":"https:\/\/www.24baires.com\/?p=2698","url_meta":{"origin":3366,"position":1},"title":"2\u00ba Festival de Circo Callejero en Olavarr\u00eda","author":"AF","date":"20\/10\/2012","format":false,"excerpt":"Se podr\u00e1n ver, en distintos espacios abiertos de la ciudad, compa\u00f1\u00edas callejeras circenses que estar\u00e1n brindando su arte para que todo el p\u00fablico disfrute. Este a\u00f1o, se suma tambi\u00e9n la propuesta de llevar espect\u00e1culos a la localidad de Colonia Nievas. Durante el pr\u00f3ximo fin de semana de octubre Olavarr\u00eda se\u2026","rel":"","context":"En \u00abMunicipios\u00bb","block_context":{"text":"Municipios","link":"https:\/\/www.24baires.com\/?cat=44"},"img":{"alt_text":"","src":"","width":0,"height":0},"classes":[]},{"id":2817,"url":"https:\/\/www.24baires.com\/?p=2817","url_meta":{"origin":3366,"position":2},"title":"Instalan un centro m\u00f3vil de entrega voluntaria de armas en Avellaneda","author":"Grupo Sierra","date":"21\/10\/2012","format":false,"excerpt":"El RENAR instal\u00f3 en la Comuna un centro m\u00f3vil de entrega de armas que estar\u00e1 ubicado sobre la avenida Mitre 366 hasta el viernes. Los vecinos que entreguen sus armas de fuego recibir\u00e1n incentivos que ir\u00e1n desde los 200 hasta los 600 pesos. Lo que se buscar es reducir la\u2026","rel":"","context":"En \u00abSociedad\u00bb","block_context":{"text":"Sociedad","link":"https:\/\/www.24baires.com\/?cat=1"},"img":{"alt_text":"","src":"https:\/\/i0.wp.com\/www.24baires.com\/wp-content\/uploads\/2012\/10\/armas-300x187.jpg?resize=350%2C200","width":350,"height":200},"classes":[]},{"id":118527,"url":"https:\/\/www.24baires.com\/?p=118527","url_meta":{"origin":3366,"position":3},"title":"\u00abLa noche de las vacunas\u00bb, posta por posta","author":"AF","date":"04\/02\/2022","format":false,"excerpt":"La jornada se desplegar\u00e1 a partir de las 20 horas con el fin de que los ciudadanos y ciudadanas puedan completar sus esquemas de inoculaci\u00f3n y contar\u00e1 con postas distribuidas en todo el territorio bonaerense. El Gobierno de la provincia de Buenos Aires record\u00f3 que este viernes a partir de\u2026","rel":"","context":"En \u00abSociedad\u00bb","block_context":{"text":"Sociedad","link":"https:\/\/www.24baires.com\/?cat=1"},"img":{"alt_text":"","src":"https:\/\/i0.wp.com\/www.24baires.com\/wp-content\/uploads\/2021\/08\/vacunaci%C3%B3n.jpg?resize=350%2C200","width":350,"height":200,"srcset":"https:\/\/i0.wp.com\/www.24baires.com\/wp-content\/uploads\/2021\/08\/vacunaci%C3%B3n.jpg?resize=350%2C200 1x, https:\/\/i0.wp.com\/www.24baires.com\/wp-content\/uploads\/2021\/08\/vacunaci%C3%B3n.jpg?resize=525%2C300 1.5x"},"classes":[]},{"id":39780,"url":"https:\/\/www.24baires.com\/?p=39780","url_meta":{"origin":3366,"position":4},"title":"Ya no se podr\u00e1n exhibir armas de fuego en las vidrieras","author":"Grupo Sierra","date":"04\/02\/2014","format":false,"excerpt":"No podr\u00e1n exhibirse en las vidrieras de los comercios, en tanto los leg\u00edtimos usuarios para la guarda deber\u00e1n respetar nuevas medidas de seguridad, de acuerdo con una disposici\u00f3n del Renar publicada en el Bolet\u00edn Oficial. La Disposici\u00f3n 0233\/14 del Registro Nacional de Armas y Explosivos (RENAR), dependiente del Ministerio de\u2026","rel":"","context":"En \u00abSociedad\u00bb","block_context":{"text":"Sociedad","link":"https:\/\/www.24baires.com\/?cat=1"},"img":{"alt_text":"arsenal armas","src":"https:\/\/i0.wp.com\/www.24baires.com\/wp-content\/uploads\/2013\/04\/arsenal-armas.jpg?resize=350%2C200","width":350,"height":200,"srcset":"https:\/\/i0.wp.com\/www.24baires.com\/wp-content\/uploads\/2013\/04\/arsenal-armas.jpg?resize=350%2C200 1x, https:\/\/i0.wp.com\/www.24baires.com\/wp-content\/uploads\/2013\/04\/arsenal-armas.jpg?resize=525%2C300 1.5x"},"classes":[]},{"id":4475,"url":"https:\/\/www.24baires.com\/?p=4475","url_meta":{"origin":3366,"position":5},"title":"La Unidad M\u00f3vil de Documentaci\u00f3n estar\u00e1 esta semana en Melchor Romero","author":"AF","date":"05\/11\/2012","format":false,"excerpt":"La Unidad M\u00f3vil de Documentaci\u00f3n realizar\u00e1 tr\u00e1mites de pasaporte y DNI desde este lunes 5 hasta el 9 de noviembre en Melchor Romero. As\u00ed lo confirm\u00f3 el Coordinador de la Unidad m\u00f3vil de Documentaci\u00f3n, Ezequiel Auspitz, luego de una reuni\u00f3n con el delegado de Melchor Romero, Sergio Pajot. En este\u2026","rel":"","context":"En \u00abLocales\u00bb","block_context":{"text":"Locales","link":"https:\/\/www.24baires.com\/?cat=38"},"img":{"alt_text":"","src":"","width":0,"height":0},"classes":[]}],"jetpack_sharing_enabled":true,"jetpack_likes_enabled":true,"_links":{"self":[{"href":"https:\/\/www.24baires.com\/index.php?rest_route=\/wp\/v2\/posts\/3366","targetHints":{"allow":["GET"]}}],"collection":[{"href":"https:\/\/www.24baires.com\/index.php?rest_route=\/wp\/v2\/posts"}],"about":[{"href":"https:\/\/www.24baires.com\/index.php?rest_route=\/wp\/v2\/types\/post"}],"author":[{"embeddable":true,"href":"https:\/\/www.24baires.com\/index.php?rest_route=\/wp\/v2\/users\/11"}],"replies":[{"embeddable":true,"href":"https:\/\/www.24baires.com\/index.php?rest_route=%2Fwp%2Fv2%2Fcomments&post=3366"}],"version-history":[{"count":3,"href":"https:\/\/www.24baires.com\/index.php?rest_route=\/wp\/v2\/posts\/3366\/revisions"}],"predecessor-version":[{"id":3370,"href":"https:\/\/www.24baires.com\/index.php?rest_route=\/wp\/v2\/posts\/3366\/revisions\/3370"}],"wp:attachment":[{"href":"https:\/\/www.24baires.com\/index.php?rest_route=%2Fwp%2Fv2%2Fmedia&parent=3366"}],"wp:term":[{"taxonomy":"category","embeddable":true,"href":"https:\/\/www.24baires.com\/index.php?rest_route=%2Fwp%2Fv2%2Fcategories&post=3366"},{"taxonomy":"post_tag","embeddable":true,"href":"https:\/\/www.24baires.com\/index.php?rest_route=%2Fwp%2Fv2%2Ftags&post=3366"}],"curies":[{"name":"wp","href":"https:\/\/api.w.org\/{rel}","templated":true}]}}