{"id":3363,"date":"2012-10-26T19:41:14","date_gmt":"2012-10-26T22:41:14","guid":{"rendered":"http:\/\/www.24baires.com\/?p=3363"},"modified":"2012-10-26T19:41:15","modified_gmt":"2012-10-26T22:41:15","slug":"sabbatella-se-reunio-con-la-camara-de-cableoperadores-independientes","status":"publish","type":"post","link":"https:\/\/www.24baires.com\/?p=3363","title":{"rendered":"Sabbatella se reuni\u00f3 con la C\u00e1mara de Cableoperadores Independientes"},"content":{"rendered":"<p>El presidente de la Autoridad Federal de Servicios de Comunicaci\u00f3n Audiovisual, Mart\u00edn Sabbatella, mantuvo un encuentro con el presidente de la C\u00e1mara de Cableoperadores Independientes (CCI), Gabriel Bandiera, quien afirm\u00f3 que para los \u00abcableoperadores independientes es muy importante que se abran nuevas posibilidades de expresi\u00f3n y que se termine con los monopolios\u00bb.<!--more--><br \/>\nEn el marco de las conversaciones que Sabbattela lleva adelante con representantes de distintos sectores de la comunicaci\u00f3n audiovisual, se reuni\u00f3 con Bandiera y tambi\u00e9n vicepresidente de la misma entidad, Marcelo Massatti. Venimos denunciando las continuas presiones que los peque\u00f1os y medianos cableoperadores sufrimos a lo largo del tiempo, como consecuencia de la fuerte concentraci\u00f3n que se fue dando en la industria a trav\u00e9s de empresas como Cablevisi\u00f3n y Multicanal, explic\u00f3 el titular de la CCI.<\/p>\n<p>Adem\u00e1s, Bandiera enfatiz\u00f3 a trav\u00e9s de un comunicado del AFSCA que \u00abel hecho de que con la nueva ley haya reglas claras, sin privilegios para una sola empresa, va a generar un mejor servicio para la gente, con mejores precios, contenidos y, fundamentalmente, va a permitir que el p\u00fablico pueda elegir.<br \/>\nEn ese marco, el presidente y el vicepresidente de la CCI, en su visita a la sede de la Afsca, expresaron su apoyo a la gesti\u00f3n de Sabbatella al frente del organismo y manifestaron su profundo compromiso con la aplicaci\u00f3n integral de la Ley de Medios.<\/p>\n","protected":false},"excerpt":{"rendered":"<p>El presidente de la Autoridad Federal de Servicios de Comunicaci\u00f3n Audiovisual, Mart\u00edn Sabbatella, mantuvo un encuentro con el presidente de la C\u00e1mara de Cableoperadores Independientes (CCI), Gabriel Bandiera, quien afirm\u00f3 que para los \u00abcableoperadores independientes es muy importante que se abran nuevas posibilidades de expresi\u00f3n y que se termine con los monopolios\u00bb.<\/p>\n","protected":false},"author":11,"featured_media":0,"comment_status":"open","ping_status":"open","sticky":false,"template":"","format":"standard","meta":{"_jetpack_newsletter_access":"","_jetpack_dont_email_post_to_subs":false,"_jetpack_newsletter_tier_id":0,"_jetpack_memberships_contains_paywalled_content":false,"_jetpack_memberships_contains_paid_content":false,"footnotes":""},"categories":[54],"tags":[],"class_list":["post-3363","post","type-post","status-publish","format-standard","hentry","category-medios"],"jetpack_featured_media_url":"","jetpack_shortlink":"https:\/\/wp.me\/p2JWE0-Sf","jetpack-related-posts":[{"id":15458,"url":"https:\/\/www.24baires.com\/?p=15458","url_meta":{"origin":3363,"position":0},"title":"La se\u00f1al platense QM Noticias deber\u00e1 ser incluida en los cables bonaerenses","author":"Grupo Sierra","date":"12\/02\/2013","format":false,"excerpt":"La se\u00f1al QM Noticias debe ser incluida en la grilla de canales de los servicios de comunicaci\u00f3n audiovisual por v\u00ednculo f\u00edsico (cableoperadores) que est\u00e1n ubicados en la Provincia de Buenos Aires. As\u00ed lo decidi\u00f3 el directorio de la AFSCA que preside Martin Sabbatella, a trav\u00e9s de la Resoluci\u00f3n 77 publicada\u2026","rel":"","context":"En \u00abMedios\u00bb","block_context":{"text":"Medios","link":"https:\/\/www.24baires.com\/?cat=54"},"img":{"alt_text":"QM","src":"https:\/\/i0.wp.com\/www.24baires.com\/wp-content\/uploads\/2013\/02\/QM1.png?resize=350%2C200","width":350,"height":200},"classes":[]},{"id":79613,"url":"https:\/\/www.24baires.com\/?p=79613","url_meta":{"origin":3363,"position":1},"title":"Sorpresivamente y sin explicaciones, Cablevisi\u00f3n sac\u00f3 de su grilla a Telesur","author":"GB","date":"02\/03\/2016","format":false,"excerpt":"Sin dar explicaciones, el cableoperador del Grupo Clar\u00edn resolvi\u00f3 quitar de su grilla b\u00e1sica a la se\u00f1al de noticias latinoamericana. Desde este mi\u00e9rcoles, el canal Telesur dejar\u00e1 de formar parte de la grilla b\u00e1sica de Cablevisi\u00f3n y s\u00f3lo la podr\u00e1n ver aquellos clientes que tengan el paquete HD o digital.\u2026","rel":"","context":"En \u00abMedios\u00bb","block_context":{"text":"Medios","link":"https:\/\/www.24baires.com\/?cat=54"},"img":{"alt_text":"telesur","src":"https:\/\/i0.wp.com\/www.24baires.com\/wp-content\/uploads\/2016\/03\/telesur.jpg?resize=350%2C200","width":350,"height":200,"srcset":"https:\/\/i0.wp.com\/www.24baires.com\/wp-content\/uploads\/2016\/03\/telesur.jpg?resize=350%2C200 1x, https:\/\/i0.wp.com\/www.24baires.com\/wp-content\/uploads\/2016\/03\/telesur.jpg?resize=525%2C300 1.5x"},"classes":[]},{"id":30950,"url":"https:\/\/www.24baires.com\/?p=30950","url_meta":{"origin":3363,"position":2},"title":"Sabbatella: \u00abClar\u00edn quiere condicionar a los poderes p\u00fablicos y definir el rumbo del pa\u00eds\u00bb","author":"GB","date":"28\/08\/2013","format":false,"excerpt":"El titular de la Autoridad Federal de Servicios de Comunicaci\u00f3n Audiovisual (Afsca), Mart\u00edn Sabbatella, afirm\u00f3 que \"la democracia necesita que la ley de medios se aplique integralmente\", y expres\u00f3 que \"espero que este sea el paso previo para que la Corte (Suprema de Justicia) se pronuncie\", con respecto a la\u2026","rel":"","context":"En \u00abMedios\u00bb","block_context":{"text":"Medios","link":"https:\/\/www.24baires.com\/?cat=54"},"img":{"alt_text":"Sabbatella","src":"https:\/\/i0.wp.com\/www.24baires.com\/wp-content\/uploads\/2013\/08\/Sabbatella.jpg?resize=350%2C200","width":350,"height":200},"classes":[]},{"id":30293,"url":"https:\/\/www.24baires.com\/?p=30293","url_meta":{"origin":3363,"position":3},"title":"La regularizaci\u00f3n de la cuota de pantalla y la creaci\u00f3n del Registro de Publicidades fue aprobada","author":"GB","date":"16\/08\/2013","format":false,"excerpt":"El directorio de la Autoridad Federal de Servicios de Comunicaci\u00f3n Audiovisual aprob\u00f3 un nuevo sistema para el cumplimiento de la cuota de pantalla de producci\u00f3n nacional y la creaci\u00f3n del registro de publicidades, adem\u00e1s de adjudicar licencias y autorizar radios. En la reuni\u00f3n, encabezada por el presidente del directorio, Mart\u00edn\u2026","rel":"","context":"En \u00abMedios\u00bb","block_context":{"text":"Medios","link":"https:\/\/www.24baires.com\/?cat=54"},"img":{"alt_text":"","src":"","width":0,"height":0},"classes":[]},{"id":26089,"url":"https:\/\/www.24baires.com\/?p=26089","url_meta":{"origin":3363,"position":4},"title":"Sabbatella pide \u201cceleridad\u201d a la Corte Suprema","author":"Grupo Sierra","date":"16\/06\/2013","format":false,"excerpt":"\u201cLa ley de Medios avanza, a pesar de la acci\u00f3n judicial del Grupo Clar\u00edn y la cantidad de maniobras pol\u00edticas, comunicacionales y judiciales que buscan extender los tiempos para sostener su situaci\u00f3n de privilegio y as\u00ed dilatar la aplicaci\u00f3n integral de la norma\u201d, asegur\u00f3 el titular de la Autoridad Federal\u2026","rel":"","context":"En \u00abMedios\u00bb","block_context":{"text":"Medios","link":"https:\/\/www.24baires.com\/?cat=54"},"img":{"alt_text":"","src":"","width":0,"height":0},"classes":[]},{"id":35064,"url":"https:\/\/www.24baires.com\/?p=35064","url_meta":{"origin":3363,"position":5},"title":"Con la Ley de Medios se crearon m\u00e1s de 100 mil puestos de trabajo","author":"GB","date":"12\/11\/2013","format":false,"excerpt":"As\u00ed lo destac\u00f3 hoy la AFSCA, de acuerdo a un balance difundido que tambi\u00e9n indica que se consigui\u00f3 que todas las empresas excedidas de los l\u00edmites establecidos en la legislaci\u00f3n presentaran sus planes de adecuaci\u00f3n. Por otra parte, se realizaron 1.132 reservas de frecuencias de radios para municipios y 36\u2026","rel":"","context":"En \u00abMedios\u00bb","block_context":{"text":"Medios","link":"https:\/\/www.24baires.com\/?cat=54"},"img":{"alt_text":"AFSCA REUNION DIRECTORIO","src":"https:\/\/i0.wp.com\/www.24baires.com\/wp-content\/uploads\/2013\/04\/AFSCA-REUNION-DIRECTORIO.jpg?resize=350%2C200","width":350,"height":200,"srcset":"https:\/\/i0.wp.com\/www.24baires.com\/wp-content\/uploads\/2013\/04\/AFSCA-REUNION-DIRECTORIO.jpg?resize=350%2C200 1x, https:\/\/i0.wp.com\/www.24baires.com\/wp-content\/uploads\/2013\/04\/AFSCA-REUNION-DIRECTORIO.jpg?resize=525%2C300 1.5x"},"classes":[]}],"jetpack_sharing_enabled":true,"jetpack_likes_enabled":true,"_links":{"self":[{"href":"https:\/\/www.24baires.com\/index.php?rest_route=\/wp\/v2\/posts\/3363","targetHints":{"allow":["GET"]}}],"collection":[{"href":"https:\/\/www.24baires.com\/index.php?rest_route=\/wp\/v2\/posts"}],"about":[{"href":"https:\/\/www.24baires.com\/index.php?rest_route=\/wp\/v2\/types\/post"}],"author":[{"embeddable":true,"href":"https:\/\/www.24baires.com\/index.php?rest_route=\/wp\/v2\/users\/11"}],"replies":[{"embeddable":true,"href":"https:\/\/www.24baires.com\/index.php?rest_route=%2Fwp%2Fv2%2Fcomments&post=3363"}],"version-history":[{"count":2,"href":"https:\/\/www.24baires.com\/index.php?rest_route=\/wp\/v2\/posts\/3363\/revisions"}],"predecessor-version":[{"id":3365,"href":"https:\/\/www.24baires.com\/index.php?rest_route=\/wp\/v2\/posts\/3363\/revisions\/3365"}],"wp:attachment":[{"href":"https:\/\/www.24baires.com\/index.php?rest_route=%2Fwp%2Fv2%2Fmedia&parent=3363"}],"wp:term":[{"taxonomy":"category","embeddable":true,"href":"https:\/\/www.24baires.com\/index.php?rest_route=%2Fwp%2Fv2%2Fcategories&post=3363"},{"taxonomy":"post_tag","embeddable":true,"href":"https:\/\/www.24baires.com\/index.php?rest_route=%2Fwp%2Fv2%2Ftags&post=3363"}],"curies":[{"name":"wp","href":"https:\/\/api.w.org\/{rel}","templated":true}]}}