{"id":3353,"date":"2012-10-26T19:29:31","date_gmt":"2012-10-26T22:29:31","guid":{"rendered":"http:\/\/www.24baires.com\/?p=3353"},"modified":"2012-10-26T19:29:31","modified_gmt":"2012-10-26T22:29:31","slug":"aseguran-que-comision-creada-por-scioli-no-se-conmueve-ante-los-casos-de-tortura-policial","status":"publish","type":"post","link":"https:\/\/www.24baires.com\/?p=3353","title":{"rendered":"Aseguran que Comisi\u00f3n creada por Scioli \u00abno se conmueve ante los casos de tortura policial\u00bb"},"content":{"rendered":"<p><img data-recalc-dims=\"1\" loading=\"lazy\" decoding=\"async\" class=\" wp-image-3357 alignleft\" title=\"Axat-defensor\" src=\"https:\/\/i0.wp.com\/www.24baires.com\/wp-content\/uploads\/2012\/10\/Axat-defensor.jpg?resize=240%2C208\" alt=\"\" width=\"240\" height=\"208\" srcset=\"https:\/\/i0.wp.com\/www.24baires.com\/wp-content\/uploads\/2012\/10\/Axat-defensor.jpg?resize=300%2C260&amp;ssl=1 300w, https:\/\/i0.wp.com\/www.24baires.com\/wp-content\/uploads\/2012\/10\/Axat-defensor.jpg?w=546&amp;ssl=1 546w\" sizes=\"auto, (max-width: 240px) 100vw, 240px\" \/>El defensor penal juvenil, Juli\u00e1n Axat, dialog\u00f3 \u00a0sobre al primer caso que denunci\u00f3 ante la Comisi\u00f3n Interministerial contra la Tortura creada por el gobernador y que a\u00fan no obtuvo respuesta. Se trata de un joven de 17 a\u00f1os que sufri\u00f3 torturas en la Comisar\u00eda Primera de La Plata en enero de este a\u00f1o.<!--more--><\/p>\n<p>Juli\u00e1n Axat cont\u00f3 a la agencia Agepeba que \u201cya pas\u00f3 una semana desde que realizamos la denuncia del caso K.R, un menor de 17 a\u00f1os que sufri\u00f3 torturas en enero de este a\u00f1o en la Comisar\u00eda Primera de La Plata, y hasta ahora la Comisi\u00f3n interministerial contra la Tortura no ha dado respuestas\u201d.<\/p>\n<p>El defensor del Fuero Penal Juvenil de La Plata que el organismo creado por decreto no trat\u00f3 hasta ahora el caso ni hubo ning\u00fan tipo de monitoreo de la situaci\u00f3n denunciada. Tampoco hubo \u201cpreocupaci\u00f3n\u201d por parte de la Direcci\u00f3n de Asuntos Internos de la Polic\u00eda Bonaerense. \u201cNi siquiera se tomaron el trabajo de ir a ver los expedientes\u201d, relat\u00f3 Axat<\/p>\n<p>\u201cSe trata de un caso grav\u00edsimo, K.R hab\u00eda quedado mudo, se encontraba en la casa con una incapacidad a causa de la tortura que sufri\u00f3 y los polic\u00edas que lo trasladaron siguen en actividad\u201d, asever\u00f3.<\/p>\n<p>Axat asegur\u00f3 que si dentro de quince d\u00edas la Interministerial no toma cartas en el asunto, \u201cvamos a insistir\u201d porque \u201cqueda m\u00e1s que claro que el Ejecutivo, ante los casos de tortura, no se conmueve, no toma decisiones administrativas\u201d.<\/p>\n<p>\u201cParecer\u00eda ser que la Comisi\u00f3n Interministerial creada por Scioli est\u00e1 hecha para los medios de comunicaci\u00f3n y nada m\u00e1s\u201d, consider\u00f3.<\/p>\n<p>Por otra parte, el defensor se refiri\u00f3 al caso A.D., el adolescente que a principios de a\u00f1o fue trasladado a Ferromed, una Cl\u00ednica en Jun\u00edn destinada a tratar su adicci\u00f3n a las drogas. All\u00ed, AD permaneci\u00f3 recluido en condiciones infrahumanas hasta que fue trasladado a su ciudad, La Plata, tras una denuncia presentada por Axat.<\/p>\n<p>En ese momento, la Secretar\u00eda de Ni\u00f1ez y Adolescencia bonaerense se hab\u00eda comprometido a hacerse cargo del caso, pero el adolescente fue derivado al sector de Infectolog\u00eda del Hospital de Ni\u00f1os de La Plata, que no contaba con un servicio adecuado para el menor y de donde finalmente se escap\u00f3. D\u00edas despu\u00e9s, A.D. apareci\u00f3 y fue internado en la Cl\u00ednica San Pablo, pero hace dos semanas volvi\u00f3 a fugarse.<\/p>\n<p>\u201c\u00c9ste es otro caso en el que la Interministerial tiene que intervenir. Hace 14 d\u00edas que A.D se encuentra desaparecido, se fue de la cl\u00ednica San Pablo de La Plata, nadie lo encuentra y la mam\u00e1 est\u00e1 desesperada. No sabemos nada acerca de su paradero\u201d, precis\u00f3 Axat.<\/p>\n<p>El defensor plante\u00f3 la necesidad de investigar y encontrar a A.D. porque \u201cser\u00eda grav\u00edsimo\u201d que el menor \u201chaya sido secuestrado o est\u00e1 siendo utilizado por alguien para cometer delitos\u201d.<\/p>\n<p>\u201cNi la Secretaria de Ni\u00f1ez y Adolescencia, ni el Ministerio de Salud, ni la Polic\u00eda han dado respuestas\u201d, asegur\u00f3.<\/p>\n<p>Para Axat, es evidente que \u201cel gobierno de la Provincia est\u00e1 teniendo un conflicto en cuanto a tem\u00e1ticas que tienen que ver con la infancia, la adolescencia y el abuso policial\u201d.<\/p>\n<p>\u201cSi uno hace un historial de casos y analiza el tipo de intervenci\u00f3n que han tenido en cuanto a las formas o pr\u00e1cticas, nos damos cuenta que existe una violencia institucional con casos no esclarecidos o casos agravados. Lo \u00fanico que se piensa a la hora de tratar esos temas es el impacto que pueden tener en los medios o, en todo caso, c\u00f3mo queda parada la Polic\u00eda frente a los vecinos\u201d, consider\u00f3.<\/p>\n","protected":false},"excerpt":{"rendered":"<p>El defensor penal juvenil, Juli\u00e1n Axat, dialog\u00f3 \u00a0sobre al primer caso que denunci\u00f3 ante la Comisi\u00f3n Interministerial contra la Tortura creada por el gobernador y que a\u00fan no obtuvo respuesta. Se trata de un joven de 17 a\u00f1os que sufri\u00f3 torturas en la Comisar\u00eda Primera de La Plata en enero de este a\u00f1o.<\/p>\n","protected":false},"author":11,"featured_media":0,"comment_status":"open","ping_status":"open","sticky":false,"template":"","format":"standard","meta":{"_jetpack_newsletter_access":"","_jetpack_dont_email_post_to_subs":false,"_jetpack_newsletter_tier_id":0,"_jetpack_memberships_contains_paywalled_content":false,"_jetpack_memberships_contains_paid_content":false,"footnotes":""},"categories":[40],"tags":[],"class_list":["post-3353","post","type-post","status-publish","format-standard","hentry","category-provincia"],"jetpack_featured_media_url":"","jetpack_shortlink":"https:\/\/wp.me\/p2JWE0-S5","jetpack-related-posts":[{"id":25297,"url":"https:\/\/www.24baires.com\/?p=25297","url_meta":{"origin":3353,"position":0},"title":"Exigen el cierre definitivo del Centro de Recepci\u00f3n de Menores platense","author":"AF","date":"07\/06\/2013","format":false,"excerpt":"El defensor Axat realiz\u00f3 el pedido con car\u00e1cter de urgencia al acusar al instituto que depende de la Secretar\u00eda de Ni\u00f1ez de la Provincia de mantener hacinados j\u00f3venes \u201cgenerando fugas y situaciones de violencia interna, que implicaron agravamientos de las condiciones de detenci\u00f3n\u201d. La Defensor\u00eda Penal Juvenil N\u00b0 16 pidi\u00f3\u2026","rel":"","context":"En \u00abLocales\u00bb","block_context":{"text":"Locales","link":"https:\/\/www.24baires.com\/?cat=38"},"img":{"alt_text":"centro recepci\u00f3n menores lp","src":"https:\/\/i0.wp.com\/www.24baires.com\/wp-content\/uploads\/2013\/06\/centro-recepci%C3%B3n-menores-lp-300x300.jpg?resize=350%2C200","width":350,"height":200},"classes":[]},{"id":24850,"url":"https:\/\/www.24baires.com\/?p=24850","url_meta":{"origin":3353,"position":1},"title":"Denuncian a la Provincia por hacinamiento de menores en un Centro de Recepci\u00f3n","author":"AF","date":"01\/06\/2013","format":false,"excerpt":"LA PLATA - La presentaci\u00f3n fue hecha este viernes por la Defensor\u00eda Oficial de Menores N\u00b016 ante la jueza Mar\u00eda Jos\u00e9 Lescano, tras recoger las declaraciones de los propios trabajadores del instituto. All\u00ed permanecen m\u00e1s de 40 chicos \u201cen p\u00e9simas condiciones\u201d. El lugar ya estuvo en la mira por casos\u2026","rel":"","context":"En \u00abLocales\u00bb","block_context":{"text":"Locales","link":"https:\/\/www.24baires.com\/?cat=38"},"img":{"alt_text":"","src":"","width":0,"height":0},"classes":[]},{"id":115770,"url":"https:\/\/www.24baires.com\/?p=115770","url_meta":{"origin":3353,"position":2},"title":"Polic\u00edas de La Plata torturaron a un menor con una picana","author":"AF","date":"28\/07\/2020","format":false,"excerpt":"Se trata de tres agentes que ya fueron apartados de la fuerza, tras filmar el interrogatorio. En medio de un fuerte cuestionamiento a la Polic\u00eda Bonaerense por su posible participaci\u00f3n en la desaparici\u00f3n de Facundo Astudillo Castro, dos efectivos del Comando de Patrullas y el jefe de turno de la\u2026","rel":"","context":"En \u00abSociedad\u00bb","block_context":{"text":"Sociedad","link":"https:\/\/www.24baires.com\/?cat=1"},"img":{"alt_text":"","src":"https:\/\/i0.wp.com\/www.24baires.com\/wp-content\/uploads\/2020\/07\/sexta-La-plata.jpg?resize=350%2C200","width":350,"height":200,"srcset":"https:\/\/i0.wp.com\/www.24baires.com\/wp-content\/uploads\/2020\/07\/sexta-La-plata.jpg?resize=350%2C200 1x, https:\/\/i0.wp.com\/www.24baires.com\/wp-content\/uploads\/2020\/07\/sexta-La-plata.jpg?resize=525%2C300 1.5x"},"classes":[]},{"id":111505,"url":"https:\/\/www.24baires.com\/?p=111505","url_meta":{"origin":3353,"position":3},"title":"En 2018 se denunciaron m\u00e1s 6 mil hechos de torturas en c\u00e1rceles y comisar\u00edas del pa\u00eds","author":"GB","date":"08\/08\/2019","format":false,"excerpt":"Este jueves se presenta el informe 2018 del Registro Nacional de Casos de Tortura y\/o Malos Tratos Este ueves 8 de agosto a las 16, en la sede de la Comisi\u00f3n Provincial por la Memoria, se presenta el informe 2018 del Registro Nacional de Casos de Tortura y\/o Malos Tratos.\u2026","rel":"","context":"En \u00abSociedad\u00bb","block_context":{"text":"Sociedad","link":"https:\/\/www.24baires.com\/?cat=1"},"img":{"alt_text":"","src":"https:\/\/i0.wp.com\/www.24baires.com\/wp-content\/uploads\/2017\/09\/carcel.jpg?resize=350%2C200","width":350,"height":200,"srcset":"https:\/\/i0.wp.com\/www.24baires.com\/wp-content\/uploads\/2017\/09\/carcel.jpg?resize=350%2C200 1x, https:\/\/i0.wp.com\/www.24baires.com\/wp-content\/uploads\/2017\/09\/carcel.jpg?resize=525%2C300 1.5x"},"classes":[]},{"id":104603,"url":"https:\/\/www.24baires.com\/?p=104603","url_meta":{"origin":3353,"position":4},"title":"Preocupaci\u00f3n por el avance de las torturas sistem\u00e1ticas en c\u00e1rceles","author":"AF","date":"21\/09\/2018","format":false,"excerpt":"\"El sistema de encierro atraviesa una crisis humanitaria que no para de profundizarse ante la inacci\u00f3n, pasividad o complicidad de los tres poderes del Estado\", denunciaron desde la Comisi\u00f3n Provincial por la Memoria. La Comisi\u00f3n Provincial por la Memoria (CPM), la Procuraci\u00f3n Penitenciaria de la Naci\u00f3n y el GESPyDH del\u2026","rel":"","context":"En \u00abSociedad\u00bb","block_context":{"text":"Sociedad","link":"https:\/\/www.24baires.com\/?cat=1"},"img":{"alt_text":"","src":"https:\/\/i0.wp.com\/www.24baires.com\/wp-content\/uploads\/2018\/04\/c%C3%A1rcel-virrey-del-pino.jpg?resize=350%2C200","width":350,"height":200,"srcset":"https:\/\/i0.wp.com\/www.24baires.com\/wp-content\/uploads\/2018\/04\/c%C3%A1rcel-virrey-del-pino.jpg?resize=350%2C200 1x, https:\/\/i0.wp.com\/www.24baires.com\/wp-content\/uploads\/2018\/04\/c%C3%A1rcel-virrey-del-pino.jpg?resize=525%2C300 1.5x"},"classes":[]},{"id":20897,"url":"https:\/\/www.24baires.com\/?p=20897","url_meta":{"origin":3353,"position":5},"title":"Desde la CPM aseguran: \u00abes muy importante que se trate en el Senado el tema de las v\u00edctimas\u201d","author":"AF","date":"13\/04\/2013","format":false,"excerpt":"El co-presidente de la Comisi\u00f3n por la Memoria, Hugo Ca\u00f1\u00f3n, dijo que reciben y contienen \"a los vecinos que puedan aportar informaci\u00f3n sobre v\u00edctimas fatales no oficializadas\u201d y asegur\u00f3 que \u201cel defensor Juvenil Juli\u00e1n Axat y el juez Luis Arias est\u00e1n comprometidos con la verdad\u201d. El fiscal Juan Condom\u00ed Alcorta,\u2026","rel":"","context":"En \u00abSociedad\u00bb","block_context":{"text":"Sociedad","link":"https:\/\/www.24baires.com\/?cat=1"},"img":{"alt_text":"inundaci\u00f3n kayak","src":"https:\/\/i0.wp.com\/www.24baires.com\/wp-content\/uploads\/2013\/04\/inundaci%C3%B3n-kayak.jpg?resize=350%2C200","width":350,"height":200,"srcset":"https:\/\/i0.wp.com\/www.24baires.com\/wp-content\/uploads\/2013\/04\/inundaci%C3%B3n-kayak.jpg?resize=350%2C200 1x, https:\/\/i0.wp.com\/www.24baires.com\/wp-content\/uploads\/2013\/04\/inundaci%C3%B3n-kayak.jpg?resize=525%2C300 1.5x"},"classes":[]}],"jetpack_sharing_enabled":true,"jetpack_likes_enabled":true,"_links":{"self":[{"href":"https:\/\/www.24baires.com\/index.php?rest_route=\/wp\/v2\/posts\/3353","targetHints":{"allow":["GET"]}}],"collection":[{"href":"https:\/\/www.24baires.com\/index.php?rest_route=\/wp\/v2\/posts"}],"about":[{"href":"https:\/\/www.24baires.com\/index.php?rest_route=\/wp\/v2\/types\/post"}],"author":[{"embeddable":true,"href":"https:\/\/www.24baires.com\/index.php?rest_route=\/wp\/v2\/users\/11"}],"replies":[{"embeddable":true,"href":"https:\/\/www.24baires.com\/index.php?rest_route=%2Fwp%2Fv2%2Fcomments&post=3353"}],"version-history":[{"count":4,"href":"https:\/\/www.24baires.com\/index.php?rest_route=\/wp\/v2\/posts\/3353\/revisions"}],"predecessor-version":[{"id":3361,"href":"https:\/\/www.24baires.com\/index.php?rest_route=\/wp\/v2\/posts\/3353\/revisions\/3361"}],"wp:attachment":[{"href":"https:\/\/www.24baires.com\/index.php?rest_route=%2Fwp%2Fv2%2Fmedia&parent=3353"}],"wp:term":[{"taxonomy":"category","embeddable":true,"href":"https:\/\/www.24baires.com\/index.php?rest_route=%2Fwp%2Fv2%2Fcategories&post=3353"},{"taxonomy":"post_tag","embeddable":true,"href":"https:\/\/www.24baires.com\/index.php?rest_route=%2Fwp%2Fv2%2Ftags&post=3353"}],"curies":[{"name":"wp","href":"https:\/\/api.w.org\/{rel}","templated":true}]}}