{"id":3335,"date":"2012-10-26T14:29:56","date_gmt":"2012-10-26T17:29:56","guid":{"rendered":"http:\/\/www.24baires.com\/?p=3335"},"modified":"2012-10-26T14:29:56","modified_gmt":"2012-10-26T17:29:56","slug":"con-diversos-homenajes-recuerdan-a-nestor-kirchner-en-la-capital-provincial","status":"publish","type":"post","link":"https:\/\/www.24baires.com\/?p=3335","title":{"rendered":"Con diversos homenajes recuerdan a N\u00e9stor Kirchner en la capital provincial"},"content":{"rendered":"<p><img data-recalc-dims=\"1\" loading=\"lazy\" decoding=\"async\" class=\"aligncenter size-full wp-image-3336\" title=\"busto_kirchner\" src=\"https:\/\/i0.wp.com\/www.24baires.com\/wp-content\/uploads\/2012\/10\/busto_kirchner.jpg?resize=560%2C280\" alt=\"\" width=\"560\" height=\"280\" srcset=\"https:\/\/i0.wp.com\/www.24baires.com\/wp-content\/uploads\/2012\/10\/busto_kirchner.jpg?w=560&amp;ssl=1 560w, https:\/\/i0.wp.com\/www.24baires.com\/wp-content\/uploads\/2012\/10\/busto_kirchner.jpg?resize=300%2C150&amp;ssl=1 300w\" sizes=\"auto, (max-width: 560px) 100vw, 560px\" \/><\/p>\n<p><strong>LA PLATA.-<\/strong> Con motivo de cumplirse dos a\u00f1os de la muerte de N\u00e9stor Kirchner, en el Partido Justicialista de La Plata se inaugurar\u00e1 un busto en su homenaje, emplazado en el hall central de la sede de calle 54 N\u00ba 618; en tanto que el Movimiento Evita convoc\u00f3 a una serie de actividades. Tambi\u00e9n el Intendente Bruera inaugur\u00f3 una muestra en el Centro Cultural Malvinas Argentinas.\u00a0<!--more--><\/p>\n<p>El busto de bronce es obra del escultor Ger\u00f3nimo Villalba, quien tambi\u00e9n tuvo a su cargo la realizaci\u00f3n del monumento al ex presidente emplazado en la ciudad de R\u00edo Gallegos, en la intersecci\u00f3n de San Mart\u00edn y ex calle Julio A. Roca, hoy denominada N\u00e9stor Kirchner.<\/p>\n<p>El soporte arquitect\u00f3nico donde se apoya el busto lo dise\u00f1\u00f3 y proyect\u00f3 la arquitecta Soledad Del Cueto, el mismo est\u00e1 formado por el basamento y la columna, los cuales se confeccionaron en hormig\u00f3n armando y se revistieron en granito negro.<\/p>\n<p>En declaraciones a la Revista \u201cPara los Compa\u00f1eros\u201d la arquitecta Del Cueto describi\u00f3 el significado de la obra: \u201cLa idea fue recrear una columna virtual, que abraza la columna principal existente en el edificio del Partido Justicialista, donde emerge desde su base, como nervio cardinal de \u00e9sta, una columna de granito negro, tomando altura para sostener la imagen de N\u00e9stor\u201d.<\/p>\n<p>\u201cSe pretende simbolizar de esta manera la importancia estructural en la reconstrucci\u00f3n y reparaci\u00f3n hist\u00f3rica del Movimiento Nacional, representada por la figura del Compa\u00f1ero N\u00e9stor Kirchner\u201d, dijo Del Cueto.<\/p>\n<p>El acto que comenzar\u00e1 a las 18.30 contar\u00e1 con la presencia del intendente de La Plata, Pablo Bruera, del vicepresidente del PJ Lucho Lugones, y dem\u00e1s autoridades del PJ.<\/p>\n<p><strong>CICLO DE CINE<\/strong><\/p>\n<p>Por su parte, el Movimiento Evita de La Plata, realizar\u00e1 a partir de las 18, un Ciclo de Cine Debate en el centro popular \u201cConciencia Militante\u201d, ubicado en calle 516 entre 6 y 7, sobre el legado que dej\u00f3 el ex presidente N\u00e9stor Kirchner, a dos a\u00f1os de su fallecimiento.<\/p>\n<p>Seg\u00fan se inform\u00f3, a la par del ciclo debate, se realizar\u00e1 una \u00abjornada de pol\u00edtica p\u00fablicas integral &#8216;N\u00e9stor Kirchner'\u00bb en calle 147 entre 528 y 529 de barrio La Usina, en la franja horaria de 9 a 14.<\/p>\n<p>All\u00ed se har\u00e1n presentes distintas instituciones, con el objetivo de \u201cdar promoci\u00f3n de los derechos y la justicia social que este proyecto Nacional lleva adelante desde el 2003\u201d, se inform\u00f3.<\/p>\n<p>En este sentido, habr\u00e1 servicios provenientes de la Direcci\u00f3n Nacional de Promoci\u00f3n y Fortalecimiento para el Acceso a la Justicia, Centro de Acceso a La Justicia La Plata del Ministerio de Justicia y Derechos Humanos de La Naci\u00f3n; Programa Salud en Movimiento de Pami; del Centro de Referencia La Plata del Ministerio de Desarrollo Social de La Naci\u00f3n y de la Direcci\u00f3n De Fortalecimiento a las Instituciones del Ministerio de Infraestructura.<\/p>\n<p><strong>TAMBI\u00c9N UNA MUESTRA EN EL MALVINAS<\/strong><\/p>\n<p>Una muestra itinerante sobre el ex presidente N\u00e9stor Kirchner, fue presentada en el Centro Cultural Islas Malvinas, por el intendente platense Pablo Bruera y funcionarios municipales. \u00abN\u00e9stor sac\u00f3 el pa\u00eds adelante con una enorme labor\u00bb, dijo Gabriel Bruera.<\/p>\n<p>La Muestra de Arte militante en homenaje a N\u00e9stor Kirchner es organizada por los grupos de Arte Nacional y Popular: \u00abTranco de Pollo\u00bb (conducida por Juan Olgui) y \u00abLos KamiKazes\u00bb, de Leo Medvedoff.<\/p>\n<p>la presentaci\u00f3n se realiz\u00f3 en el Centro Cultural Islas Malvinas, de avenida 19 y 51, con la presencia del intendente Pablo Bruera, el jefe de Gabinete Santiago Martorelli, el Diputado Gabriel Bruera, el Secretario de Cultura y Educaci\u00f3n de la Municipalidad de La Plata, Jos\u00e9 Cipollone, entre otras autoridades.<\/p>\n<p>En ese sentido, el legislador Gabriel Bruera, dijo que \u00abesta es una muestra muy importante, creo que representa a uno de los presidentes m\u00e1s notables que tuvo la Rep\u00fablica Argentina. \u00c9l tom\u00f3 al pa\u00eds como todos sabemos en un momento muy dif\u00edcil y lo pudo sacar adeltante con una enorme labor\u00bb.<\/p>\n<p>\u00abAs\u00ed que para nosotros tener un espacio donde nos encontremos con su historia, en este lugar tan representativo como es el Malvinas es muy importante. Adem\u00e1s es un recorrido a distintos momentos de la politica de nuestro pa\u00eds,\u00a0 algunos claves en lo que respecta a decisiones y accionares que llev\u00f3 a cabo Nestor. Creo que es muy interesante y por eso recomiendo visitar esta muestra\u00bb, agreg\u00f3.<\/p>\n<p>En su recorrido, pueden verse im\u00e1genes destacadas de la vida del ex presidente argentino, propiedad del artista internacional Alejandro Vigilante.<\/p>\n","protected":false},"excerpt":{"rendered":"<p>LA PLATA.- Con motivo de cumplirse dos a\u00f1os de la muerte de N\u00e9stor Kirchner, en el Partido Justicialista de La Plata se inaugurar\u00e1 un busto en su homenaje, emplazado en el hall central de la sede de calle 54 N\u00ba 618; en tanto que el Movimiento Evita convoc\u00f3 a una serie de actividades. Tambi\u00e9n el Intendente Bruera inaugur\u00f3 una muestra [&#8230;]<\/p>\n","protected":false},"author":11,"featured_media":0,"comment_status":"open","ping_status":"open","sticky":false,"template":"","format":"standard","meta":{"_jetpack_newsletter_access":"","_jetpack_dont_email_post_to_subs":false,"_jetpack_newsletter_tier_id":0,"_jetpack_memberships_contains_paywalled_content":false,"_jetpack_memberships_contains_paid_content":false,"footnotes":""},"categories":[51],"tags":[],"class_list":["post-3335","post","type-post","status-publish","format-standard","hentry","category-politica"],"jetpack_featured_media_url":"","jetpack_shortlink":"https:\/\/wp.me\/p2JWE0-RN","jetpack-related-posts":[{"id":24198,"url":"https:\/\/www.24baires.com\/?p=24198","url_meta":{"origin":3335,"position":0},"title":"Descubrir\u00e1n un busto en homenaje a N\u00e9stor Kirchner en la Plaza de Brandsen","author":"Grupo Sierra","date":"23\/05\/2013","format":false,"excerpt":"Con motivo de conmemorarse diez a\u00f1os de la asunci\u00f3n a la presidencia de la Naci\u00f3n de N\u00e9stor Kirchner, la Agrupaci\u00f3n Kolina-Brandsen inaugurar\u00e1 un busto en su homenaje este viernes 24 de mayo a las 19 horas. La obra fue realizada por el artista local Francisco \u201cPancho\u201d Rodr\u00edguez y ser\u00e1 colocada\u2026","rel":"","context":"En \u00abPol\u00edtica\u00bb","block_context":{"text":"Pol\u00edtica","link":"https:\/\/www.24baires.com\/?cat=51"},"img":{"alt_text":"","src":"","width":0,"height":0},"classes":[]},{"id":104555,"url":"https:\/\/www.24baires.com\/?p=104555","url_meta":{"origin":3335,"position":1},"title":"Imputan a Tagliaferro por retirar el busto de N\u00e9stor Kirchner de la Plaza de Mor\u00f3n","author":"GB","date":"19\/09\/2018","format":false,"excerpt":"El fiscal Javier Ba\u00f1os consider\u00f3 que la decisi\u00f3n de no reinstalar el busto fue violatoria de un fallo judicial. Concejales de Cambiemos tambi\u00e9n fueron imputados. La UFI N\u00ba1 del Departamento Judicial de Mor\u00f3n a cargo del Fiscal Javier Ba\u00f1os imput\u00f3 al intendente de Mor\u00f3n Ramiro Tagliaferro, a la presidenta del\u2026","rel":"","context":"En \u00abMunicipios\u00bb","block_context":{"text":"Municipios","link":"https:\/\/www.24baires.com\/?cat=44"},"img":{"alt_text":"","src":"https:\/\/i0.wp.com\/www.24baires.com\/wp-content\/uploads\/2018\/03\/tagliaferro.jpg?resize=350%2C200","width":350,"height":200,"srcset":"https:\/\/i0.wp.com\/www.24baires.com\/wp-content\/uploads\/2018\/03\/tagliaferro.jpg?resize=350%2C200 1x, https:\/\/i0.wp.com\/www.24baires.com\/wp-content\/uploads\/2018\/03\/tagliaferro.jpg?resize=525%2C300 1.5x"},"classes":[]},{"id":76147,"url":"https:\/\/www.24baires.com\/?p=76147","url_meta":{"origin":3335,"position":2},"title":"La Presidenta inaugura un busto de N\u00e9stor Kirchner en Casa Rosada","author":"GB","date":"09\/12\/2015","format":false,"excerpt":"El busto ser\u00e1 inaugurado desde las 18 en el Sal\u00f3n de los Bustos de la Casa Rosada, en lo que se traducir\u00e1 en el \u00faltimo acto de gobierno de la mandataria tras ocho a\u00f1os de gesti\u00f3n. El acto est\u00e1 previsto para las 18 y se anunci\u00f3 la colocaci\u00f3n de pantallas\u2026","rel":"","context":"En \u00abPol\u00edtica\u00bb","block_context":{"text":"Pol\u00edtica","link":"https:\/\/www.24baires.com\/?cat=51"},"img":{"alt_text":"cristina cadena","src":"https:\/\/i0.wp.com\/www.24baires.com\/wp-content\/uploads\/2015\/08\/cristina-cadena.jpg?resize=350%2C200","width":350,"height":200,"srcset":"https:\/\/i0.wp.com\/www.24baires.com\/wp-content\/uploads\/2015\/08\/cristina-cadena.jpg?resize=350%2C200 1x, https:\/\/i0.wp.com\/www.24baires.com\/wp-content\/uploads\/2015\/08\/cristina-cadena.jpg?resize=525%2C300 1.5x"},"classes":[]},{"id":108392,"url":"https:\/\/www.24baires.com\/?p=108392","url_meta":{"origin":3335,"position":3},"title":"Alberto y Cristina Fern\u00e1ndez presentaron su candidatura en Merlo","author":"AF","date":"26\/05\/2019","format":false,"excerpt":"El precandidato a presidente se present\u00f3 con su candidata a vice, la ex mandataria Cristina Kirchner: \"Yo estuve en el laberinto de la crisis y se c\u00f3mo salir\", enfatiz\u00f3 Alberto. Alberto Fern\u00e1ndez present\u00f3 su f\u00f3rmula junto a Cristina Kirchner de cara a las elecciones presidenciales de octubre en la que\u2026","rel":"","context":"En \u00abPol\u00edtica\u00bb","block_context":{"text":"Pol\u00edtica","link":"https:\/\/www.24baires.com\/?cat=51"},"img":{"alt_text":"","src":"https:\/\/i0.wp.com\/www.24baires.com\/wp-content\/uploads\/2019\/05\/alberto-cristina-fernandez-merlo.jpg?resize=350%2C200","width":350,"height":200,"srcset":"https:\/\/i0.wp.com\/www.24baires.com\/wp-content\/uploads\/2019\/05\/alberto-cristina-fernandez-merlo.jpg?resize=350%2C200 1x, https:\/\/i0.wp.com\/www.24baires.com\/wp-content\/uploads\/2019\/05\/alberto-cristina-fernandez-merlo.jpg?resize=525%2C300 1.5x"},"classes":[]},{"id":118991,"url":"https:\/\/www.24baires.com\/?p=118991","url_meta":{"origin":3335,"position":4},"title":"Colocar\u00e1n un busto en honor a Julio L\u00f3pez a 16 a\u00f1os de su desaparici\u00f3n","author":"GB","date":"21\/06\/2022","format":false,"excerpt":"Rub\u00e9n L\u00f3pez, hijo de Julio L\u00f3pez comunic\u00f3 el homenaje que se llevar\u00e1 a cabo la semana entrante en Los Hornos. El pr\u00f3ximo 28 de junio se colocar\u00e1 un busto en Los Hornos en conmemoraci\u00f3n a los 16 a\u00f1os de la declaraci\u00f3n de Jorge Julio L\u00f3pez en el juicio que investigaba\u2026","rel":"","context":"En \u00abMemoria\u00bb","block_context":{"text":"Memoria","link":"https:\/\/www.24baires.com\/?cat=50"},"img":{"alt_text":"","src":"https:\/\/i0.wp.com\/www.24baires.com\/wp-content\/uploads\/2022\/06\/julio-lopez-e1505734058986-1280x720jpg.jpg?resize=350%2C200","width":350,"height":200,"srcset":"https:\/\/i0.wp.com\/www.24baires.com\/wp-content\/uploads\/2022\/06\/julio-lopez-e1505734058986-1280x720jpg.jpg?resize=350%2C200 1x, https:\/\/i0.wp.com\/www.24baires.com\/wp-content\/uploads\/2022\/06\/julio-lopez-e1505734058986-1280x720jpg.jpg?resize=525%2C300 1.5x, https:\/\/i0.wp.com\/www.24baires.com\/wp-content\/uploads\/2022\/06\/julio-lopez-e1505734058986-1280x720jpg.jpg?resize=700%2C400 2x"},"classes":[]},{"id":120542,"url":"https:\/\/www.24baires.com\/?p=120542","url_meta":{"origin":3335,"position":5},"title":"\u00abQu\u00e9dense tranquilos, tengo en claro que la deuda es con las y los trabajadores\u00bb","author":"GB","date":"09\/10\/2023","format":false,"excerpt":"\"Voy a ser el presidente de las y los trabajadores, porque creemos en una clase de personas: los que trabajan\", asegur\u00f3 el candidato presidencial de Uni\u00f3n por la Patria en el cierre de la caravana peronista en La Matanza. El ministro de Econom\u00eda y candidato presidencial de Uni\u00f3n por la\u2026","rel":"","context":"En \u00abElecciones\u00bb","block_context":{"text":"Elecciones","link":"https:\/\/www.24baires.com\/?cat=316"},"img":{"alt_text":"","src":"https:\/\/i0.wp.com\/www.24baires.com\/wp-content\/uploads\/2023\/10\/campana.jpg?resize=350%2C200","width":350,"height":200,"srcset":"https:\/\/i0.wp.com\/www.24baires.com\/wp-content\/uploads\/2023\/10\/campana.jpg?resize=350%2C200 1x, https:\/\/i0.wp.com\/www.24baires.com\/wp-content\/uploads\/2023\/10\/campana.jpg?resize=525%2C300 1.5x, https:\/\/i0.wp.com\/www.24baires.com\/wp-content\/uploads\/2023\/10\/campana.jpg?resize=700%2C400 2x"},"classes":[]}],"jetpack_sharing_enabled":true,"jetpack_likes_enabled":true,"_links":{"self":[{"href":"https:\/\/www.24baires.com\/index.php?rest_route=\/wp\/v2\/posts\/3335","targetHints":{"allow":["GET"]}}],"collection":[{"href":"https:\/\/www.24baires.com\/index.php?rest_route=\/wp\/v2\/posts"}],"about":[{"href":"https:\/\/www.24baires.com\/index.php?rest_route=\/wp\/v2\/types\/post"}],"author":[{"embeddable":true,"href":"https:\/\/www.24baires.com\/index.php?rest_route=\/wp\/v2\/users\/11"}],"replies":[{"embeddable":true,"href":"https:\/\/www.24baires.com\/index.php?rest_route=%2Fwp%2Fv2%2Fcomments&post=3335"}],"version-history":[{"count":4,"href":"https:\/\/www.24baires.com\/index.php?rest_route=\/wp\/v2\/posts\/3335\/revisions"}],"predecessor-version":[{"id":3340,"href":"https:\/\/www.24baires.com\/index.php?rest_route=\/wp\/v2\/posts\/3335\/revisions\/3340"}],"wp:attachment":[{"href":"https:\/\/www.24baires.com\/index.php?rest_route=%2Fwp%2Fv2%2Fmedia&parent=3335"}],"wp:term":[{"taxonomy":"category","embeddable":true,"href":"https:\/\/www.24baires.com\/index.php?rest_route=%2Fwp%2Fv2%2Fcategories&post=3335"},{"taxonomy":"post_tag","embeddable":true,"href":"https:\/\/www.24baires.com\/index.php?rest_route=%2Fwp%2Fv2%2Ftags&post=3335"}],"curies":[{"name":"wp","href":"https:\/\/api.w.org\/{rel}","templated":true}]}}