{"id":3331,"date":"2012-10-26T13:17:01","date_gmt":"2012-10-26T16:17:01","guid":{"rendered":"http:\/\/www.24baires.com\/?p=3331"},"modified":"2012-10-26T13:17:01","modified_gmt":"2012-10-26T16:17:01","slug":"cierran-por-duelo-todas-las-sucursales-de-la-cooperativa-obrera","status":"publish","type":"post","link":"https:\/\/www.24baires.com\/?p=3331","title":{"rendered":"Cierran por duelo todas las sucursales de la Cooperativa Obrera"},"content":{"rendered":"<p><strong>BAH\u00cdA BLANCA.-<\/strong> Enrique Moreno, gerente de Cultura y Acci\u00f3n Comunitaria de la Cooperativa Obrera, asegur\u00f3 esta ma\u00f1ana que el supermercado de Neuqu\u00e9n no se encontraba en plan de obras.<!--more--><\/p>\n<p>\u00abLo nuestro es el espacio que tenemos alquilado. Del resto no ten\u00edamos conocimiento. Eso no quita que una empresa vecina est\u00e9 haciendo obras. La Cooperativa no estaba en obras\u00bb, afirm\u00f3 Moreno.<\/p>\n<p>Por otro lado, se confirm\u00f3 que ning\u00fan empleado del comercio se encuentra entre las v\u00edctimas fatales: \u00abCuando se ha precipitado esa loza, no ocurri\u00f3 en el sector de cajas que es donde el personal tiene mayor presencia. Estamos a la espera, nos hemos puesto a disposici\u00f3n de todas las personas que est\u00e1n trabajando y dando apoyo externo, no queremos molestar preguntando, queremos que termine esta pesadilla de no saber bien d\u00f3nde podemos colaborar\u00bb.<\/p>\n<p>Con respecto a la situaci\u00f3n del inmueble, el gerente inform\u00f3 que las instalaciones son alquiladas a una empresa constructora: \u00abEstamos rescatando toda esa papeler\u00eda, es un contrato de largo plazo que se hizo con una empresa constructora que tiene un corral\u00f3n de materiales. Estaba funcionando muy bien. Otro tipo de an\u00e1lisis vendr\u00e1 despu\u00e9s, hoy lo prioritario son las personas. El 98% de la gente son asociados, son parte de nuestra familia de la cooperativa\u00bb.<\/p>\n<p>Moreno confirm\u00f3 que hoy viernes cerrar\u00e1n por duelo todas las sucursales de la Cooperativa Obrera.<\/p>\n<p><strong>Comunicado de la empresa<\/strong><\/p>\n<p>Ayer, jueves 25 de octubre de 2012, alrededor de las 19:45 hs, se produjo un derrumbe en el edificio que alquila la Cooperativa Obrera, donde funciona la sucursal de Neuqu\u00e9n.<\/p>\n<p>Aunque por el momento se desconoce la causa del siniestro, seg\u00fan estimaciones, se deber\u00eda al derrumbe de una obra en construcci\u00f3n, realizada por un tercero y de la que Cooperativa es totalmente ajena, que cay\u00f3 sobre la estructura del techo del edificio del supermercado.<\/p>\n<p>Tal como lo anunci\u00e1ramos en nuestro comunicado anterior, nuestra prioridad es acompa\u00f1ar y asegurar una adecuada asistencia a las personas afectadas, para lo cual nos hemos puesto a disposici\u00f3n de los organismos oficiales que est\u00e1n actuando.<\/p>\n<p>Debido a este luctuoso hecho, hoy permanecer\u00e1n cerradas todas nuestras sucursales.<\/p>\n<p>COOPERATIVA OBRERA LTDA.<\/p>\n","protected":false},"excerpt":{"rendered":"<p>BAH\u00cdA BLANCA.- Enrique Moreno, gerente de Cultura y Acci\u00f3n Comunitaria de la Cooperativa Obrera, asegur\u00f3 esta ma\u00f1ana que el supermercado de Neuqu\u00e9n no se encontraba en plan de obras.<\/p>\n","protected":false},"author":11,"featured_media":0,"comment_status":"open","ping_status":"open","sticky":false,"template":"","format":"standard","meta":{"_jetpack_newsletter_access":"","_jetpack_dont_email_post_to_subs":false,"_jetpack_newsletter_tier_id":0,"_jetpack_memberships_contains_paywalled_content":false,"_jetpack_memberships_contains_paid_content":false,"footnotes":""},"categories":[1],"tags":[],"class_list":["post-3331","post","type-post","status-publish","format-standard","hentry","category-sociedad"],"jetpack_featured_media_url":"","jetpack_shortlink":"https:\/\/wp.me\/p2JWE0-RJ","jetpack-related-posts":[{"id":79920,"url":"https:\/\/www.24baires.com\/?p=79920","url_meta":{"origin":3331,"position":0},"title":"M\u00e1s de 50 mil obreros perdieron su trabajo en los \u00faltimos tres meses","author":"AF","date":"09\/03\/2016","format":false,"excerpt":"As\u00ed lo confirm\u00f3 Juan Chediack, presidente de la c\u00e1mara de la Construcci\u00f3n, en di\u00e1logo con Radio 10. \"Es muy dif\u00edcil sacar cr\u00e9ditos y hacer obras p\u00fablicas con el nivel de inflaci\u00f3n que hubo\", explic\u00f3. \"Tenemos un registro de cu\u00e1ntos empleos se perdieron desde diciembre, son 54 mil obreros\", dio a\u2026","rel":"","context":"En \u00abSociedad\u00bb","block_context":{"text":"Sociedad","link":"https:\/\/www.24baires.com\/?cat=1"},"img":{"alt_text":"cooperativa obrera","src":"https:\/\/i0.wp.com\/www.24baires.com\/wp-content\/uploads\/2012\/10\/cooperativa-obrera.jpg?resize=350%2C200","width":350,"height":200,"srcset":"https:\/\/i0.wp.com\/www.24baires.com\/wp-content\/uploads\/2012\/10\/cooperativa-obrera.jpg?resize=350%2C200 1x, https:\/\/i0.wp.com\/www.24baires.com\/wp-content\/uploads\/2012\/10\/cooperativa-obrera.jpg?resize=525%2C300 1.5x"},"classes":[]},{"id":116577,"url":"https:\/\/www.24baires.com\/?p=116577","url_meta":{"origin":3331,"position":1},"title":"Kicillof anunci\u00f3 inversi\u00f3n para el puerto de Bah\u00eda Blanca","author":"GB","date":"30\/10\/2020","format":false,"excerpt":"El gobernador encabez\u00f3 la inauguraci\u00f3n del nuevo centro de log\u00edstica de la Cooperativa Obrera y anunci\u00f3 mejoras en la terminal portuaria El gobernador de la provincia, Axel Kicillof, visit\u00f3 este jueves la ciudad de Bah\u00eda Blanca, donde junto al ministro de Producci\u00f3n, Ciencia e Innovaci\u00f3n Tecnol\u00f3gica, Augusto Costa, encabez\u00f3 la\u2026","rel":"","context":"En \u00abMunicipios\u00bb","block_context":{"text":"Municipios","link":"https:\/\/www.24baires.com\/?cat=44"},"img":{"alt_text":"","src":"https:\/\/i0.wp.com\/www.24baires.com\/wp-content\/uploads\/2020\/10\/20201029185439_bb-para-web.jpg?resize=350%2C200","width":350,"height":200,"srcset":"https:\/\/i0.wp.com\/www.24baires.com\/wp-content\/uploads\/2020\/10\/20201029185439_bb-para-web.jpg?resize=350%2C200 1x, https:\/\/i0.wp.com\/www.24baires.com\/wp-content\/uploads\/2020\/10\/20201029185439_bb-para-web.jpg?resize=525%2C300 1.5x"},"classes":[]},{"id":58273,"url":"https:\/\/www.24baires.com\/?p=58273","url_meta":{"origin":3331,"position":2},"title":"Tras dos d\u00edas de acampe, organizaciones sociales prometen nuevos reclamos en Mar del Plata","author":"Grupo Sierra","date":"07\/12\/2014","format":false,"excerpt":"Agrupaciones de izquierda como Polo Obrero, Votamos Luchar, Patria Grande, y cooperativas barriales protestaron en la puerta del Palacio Municipal durante tres jornadas con acampe incluido por dos noches. Anticipan nuevas movilizaciones en los pr\u00f3ximos d\u00edas. En un comunicado, expresaron: \"Tras 2 d\u00edas de acampe frente al Municipio, queremos hacer\u2026","rel":"","context":"En \u00abLocales\u00bb","block_context":{"text":"Locales","link":"https:\/\/www.24baires.com\/?cat=38"},"img":{"alt_text":"acampe-muni- protesta mar del plata","src":"https:\/\/i0.wp.com\/www.24baires.com\/wp-content\/uploads\/2014\/12\/acampe-muni-protesta-mar-del-plata.jpg?resize=350%2C200","width":350,"height":200,"srcset":"https:\/\/i0.wp.com\/www.24baires.com\/wp-content\/uploads\/2014\/12\/acampe-muni-protesta-mar-del-plata.jpg?resize=350%2C200 1x, https:\/\/i0.wp.com\/www.24baires.com\/wp-content\/uploads\/2014\/12\/acampe-muni-protesta-mar-del-plata.jpg?resize=525%2C300 1.5x"},"classes":[]},{"id":44537,"url":"https:\/\/www.24baires.com\/?p=44537","url_meta":{"origin":3331,"position":3},"title":"Lan\u00fas festeja sus 70 a\u00f1os a todo trapo","author":"Grupo Sierra","date":"23\/04\/2014","format":false,"excerpt":"La Plaza de Villa Obrera en Lan\u00fas Este -ubicada entre las calles Pergamino y Tucum\u00e1n, y las avenidas Eva Per\u00f3n y Villa de Luj\u00e1n- ser\u00e1 escenario de una jornada de festejos comunitarios en el marco del 70 aniversario del Municipio de Lan\u00fas, recordando a uno de sus visitantes m\u00e1s ilustres:\u2026","rel":"","context":"En \u00abLocales\u00bb","block_context":{"text":"Locales","link":"https:\/\/www.24baires.com\/?cat=38"},"img":{"alt_text":"01 Lan\u00fas ya tiene su primer skatepark (01)","src":"https:\/\/i0.wp.com\/www.24baires.com\/wp-content\/uploads\/2014\/01\/01-Lan%C3%BAs-ya-tiene-su-primer-skatepark-01-300x153.jpg?resize=350%2C200","width":350,"height":200},"classes":[]},{"id":113749,"url":"https:\/\/www.24baires.com\/?p=113749","url_meta":{"origin":3331,"position":4},"title":"Alberto Fern\u00e1ndez present\u00f3 el plan \u00abArgentina Hace\u00bb: se crear\u00e1n 20 mil nuevos empleos","author":"AF","date":"09\/01\/2020","format":false,"excerpt":"El Presidente asegur\u00f3 que se trata de un plan integrador porque resuelve peque\u00f1as obras que se necesitan al tiempo que genera empleos, de entre los cuales la mitad deber\u00e1n ser ocupados por mujeres. El presidente Alberto Fern\u00e1ndez present\u00f3 este jueves el programa \"Argentina Hacce\" con el que el Gobierno espera\u2026","rel":"","context":"En \u00abSociedad\u00bb","block_context":{"text":"Sociedad","link":"https:\/\/www.24baires.com\/?cat=1"},"img":{"alt_text":"","src":"https:\/\/i0.wp.com\/www.24baires.com\/wp-content\/uploads\/2020\/01\/fern%C3%A1ndez.jpg?resize=350%2C200","width":350,"height":200,"srcset":"https:\/\/i0.wp.com\/www.24baires.com\/wp-content\/uploads\/2020\/01\/fern%C3%A1ndez.jpg?resize=350%2C200 1x, https:\/\/i0.wp.com\/www.24baires.com\/wp-content\/uploads\/2020\/01\/fern%C3%A1ndez.jpg?resize=525%2C300 1.5x"},"classes":[]},{"id":50223,"url":"https:\/\/www.24baires.com\/?p=50223","url_meta":{"origin":3331,"position":5},"title":"Cariglino entreg\u00f3 la primera la primera vivienda social en Malvinas Argentinas","author":"GB","date":"19\/07\/2014","format":false,"excerpt":"Dirigentes y militantes kirchneristas de ese \u00a0partido bonaerense, participaron del acto de entrega de la primera vivienda social realizada por una cooperativa del plan Argentina Trabaja en ese distrito y criticaron las pol\u00edticas del intendente local, Jes\u00fas Cariglino. El concejal por el Frente para la Victoria Rodolfo Tailhade, destac\u00f3 el\u2026","rel":"","context":"En \u00abMunicipios\u00bb","block_context":{"text":"Municipios","link":"https:\/\/www.24baires.com\/?cat=44"},"img":{"alt_text":"","src":"","width":0,"height":0},"classes":[]}],"jetpack_sharing_enabled":true,"jetpack_likes_enabled":true,"_links":{"self":[{"href":"https:\/\/www.24baires.com\/index.php?rest_route=\/wp\/v2\/posts\/3331","targetHints":{"allow":["GET"]}}],"collection":[{"href":"https:\/\/www.24baires.com\/index.php?rest_route=\/wp\/v2\/posts"}],"about":[{"href":"https:\/\/www.24baires.com\/index.php?rest_route=\/wp\/v2\/types\/post"}],"author":[{"embeddable":true,"href":"https:\/\/www.24baires.com\/index.php?rest_route=\/wp\/v2\/users\/11"}],"replies":[{"embeddable":true,"href":"https:\/\/www.24baires.com\/index.php?rest_route=%2Fwp%2Fv2%2Fcomments&post=3331"}],"version-history":[{"count":3,"href":"https:\/\/www.24baires.com\/index.php?rest_route=\/wp\/v2\/posts\/3331\/revisions"}],"predecessor-version":[{"id":3334,"href":"https:\/\/www.24baires.com\/index.php?rest_route=\/wp\/v2\/posts\/3331\/revisions\/3334"}],"wp:attachment":[{"href":"https:\/\/www.24baires.com\/index.php?rest_route=%2Fwp%2Fv2%2Fmedia&parent=3331"}],"wp:term":[{"taxonomy":"category","embeddable":true,"href":"https:\/\/www.24baires.com\/index.php?rest_route=%2Fwp%2Fv2%2Fcategories&post=3331"},{"taxonomy":"post_tag","embeddable":true,"href":"https:\/\/www.24baires.com\/index.php?rest_route=%2Fwp%2Fv2%2Ftags&post=3331"}],"curies":[{"name":"wp","href":"https:\/\/api.w.org\/{rel}","templated":true}]}}