{"id":3325,"date":"2012-10-26T11:57:06","date_gmt":"2012-10-26T14:57:06","guid":{"rendered":"http:\/\/www.24baires.com\/?p=3325"},"modified":"2012-10-26T11:57:06","modified_gmt":"2012-10-26T14:57:06","slug":"no-se-entiende-por-que-scioli-no-sale-a-hablar-sobre-el-conflicto-docente","status":"publish","type":"post","link":"https:\/\/www.24baires.com\/?p=3325","title":{"rendered":"\u201cNo se entiende por qu\u00e9 Scioli no sale a hablar sobre el conflicto docente\u201d"},"content":{"rendered":"<p><img data-recalc-dims=\"1\" loading=\"lazy\" decoding=\"async\" class=\"alignleft size-medium wp-image-3326\" title=\"Udocba Diaz Miguel\" src=\"https:\/\/i0.wp.com\/www.24baires.com\/wp-content\/uploads\/2012\/10\/Udocba-Diaz-Miguel.jpg?resize=300%2C168\" alt=\"\" width=\"300\" height=\"168\" srcset=\"https:\/\/i0.wp.com\/www.24baires.com\/wp-content\/uploads\/2012\/10\/Udocba-Diaz-Miguel.jpg?resize=300%2C168&amp;ssl=1 300w, https:\/\/i0.wp.com\/www.24baires.com\/wp-content\/uploads\/2012\/10\/Udocba-Diaz-Miguel.jpg?w=560&amp;ssl=1 560w\" sizes=\"auto, (max-width: 300px) 100vw, 300px\" \/>El titular de Udocba, Miguel D\u00edaz, sostuvo que \u201cmientras el nivel de adhesi\u00f3n en la segunda jornada de paro es masiva, desde el gobierno s\u00f3lo balbucean que van a descontarle los d\u00edas a los docentes\u00bb. Tambi\u00e9n asegur\u00f3 que \u201chay un presupuesto que se subejecuta\u00bb y que \u00abes mentira que no hay dinero para pagar a los docentes\u00bb.<!--more--><\/p>\n<p>El secretario general de la Uni\u00f3n de Docentes de Buenos Aires (UDOCBA), Miguel D\u00edaz sostuvo a la agencia Agepeba que \u201cnuestro pedido es muy simple, que el gobierno reabra paritarias, porque el gobierno paga mal, en negro, con sueldos miserables y much\u00edsimas veces no paga\u201d.<\/p>\n<p>En ese sentido el titular del gremio expres\u00f3 \u201chay una gran cantidad de docentes que no cobran desde marzo. El gobierno reconoci\u00f3 22 mil altas nuevas. Hay 30 mil cartas documentos de docentes a la direcci\u00f3n de escuelas intim\u00e1ndola para iniciarle juicios. Evidentemente hay un caos institucional\u201d.<\/p>\n<p>\u201cNo entendemos porque el Gobernador no ha salido a dar ning\u00fan tipo de declaraci\u00f3n sobre este conflicto. Ser\u00e1 que nosotros los docentes no tenemos glamour, no somos ni Maravilla Mart\u00ednez ni Susana G\u00edmenez como para que \u00e9l nos reciba\u201d, sostuvo D\u00edaz.<\/p>\n<p>Por otra parte subray\u00f3 \u201calgunos Ministros desfachatadamente hablan de que no tienen plata para pagar aguinaldos. \u00bfPuede trabajar alguna persona as\u00ed? \u00bfSe puede vivir en esta incertidumbre? Esta es la verdad de la provincia de Buenos Aires\u201d.<\/p>\n<p>Para D\u00edaz \u201chay un presupuesto que se subejecuta. Es mentira que no hay dinero. Lo que pasa es que si usted lo gasta para otras cosas que no se saben para qu\u00e9, nunca va alcanzar\u201d, se\u00f1al\u00f3.<\/p>\n<p>\u201cSi no pueden garantizar los sueldos que salgan a decirlo. Scioli es el responsable, para eso fue votado. Y si no que pida recursos al estado nacional, que pida adelantos. \u00bfC\u00f3mo la gente va a ir a trabajar y no va a cobrar? \u00bfEn que pa\u00eds vivimos, en que siglo estamos viviendo?\u201d, se pregunt\u00f3 el referente de Udocba.<\/p>\n<p>Por otra parte se refiri\u00f3 a las declaraciones del ministro de Trabajo Oscar Cuartango, quien catalog\u00f3 a la medida de fuerza encabezada por los gremios docentes como \u201cinoportuna\u201d. \u201cA Cuartango me gustar\u00eda preguntarle \u00bfhay paros oportunos? Ellos deben considerar que son inoportunos. Entonces que nos den la fecha y paramos cuando ellos quieren\u201d, ironiz\u00f3.<\/p>\n<p>\u201cLa oportunidad es el momento cr\u00edtico, y nosotros nos encontramos en un momento cr\u00edtico. Se est\u00e1 diciendo en voz baja, por ahora que el gobierno provincial no tienen recursos pero no hacen nada para modificar esta situaci\u00f3n\u201d.<\/p>\n<p>Consultado sobre la decisi\u00f3n del gremio de no llevar a delante un paro junto a Suteba el titular de Udocba explic\u00f3 que \u201cno hicimos el paro juntos, fundamentalmente porque tenemos distintos objetivos. Nosotros hablamos de la reapertura de paritaria para el salario. Ellos hablan de reapertura de paritarias con cuestiones que tienen que ver con la salud docente. Para nosotros las prioridad hoy es el salario familiar, la cuarta categor\u00eda y el impuesto al trabajo\u201d.<\/p>\n<p>Por \u00faltimo D\u00edaz asever\u00f3 que hasta el momento el nivel de acatamiento es \u201cextraordinario\u201d, al indicar que \u201ccontamos con un apoyo masivo de m\u00e1s del 80% en el Conurbano y m\u00e1s del 65% en el interior. Mientras tanto, el Gobierno solo balbucea \u00b4vamos a descontarles el d\u00eda\u00b4\u201d.<\/p>\n","protected":false},"excerpt":{"rendered":"<p>El titular de Udocba, Miguel D\u00edaz, sostuvo que \u201cmientras el nivel de adhesi\u00f3n en la segunda jornada de paro es masiva, desde el gobierno s\u00f3lo balbucean que van a descontarle los d\u00edas a los docentes\u00bb. Tambi\u00e9n asegur\u00f3 que \u201chay un presupuesto que se subejecuta\u00bb y que \u00abes mentira que no hay dinero para pagar a los docentes\u00bb.<\/p>\n","protected":false},"author":11,"featured_media":0,"comment_status":"open","ping_status":"open","sticky":false,"template":"","format":"standard","meta":{"_jetpack_newsletter_access":"","_jetpack_dont_email_post_to_subs":false,"_jetpack_newsletter_tier_id":0,"_jetpack_memberships_contains_paywalled_content":false,"_jetpack_memberships_contains_paid_content":false,"footnotes":""},"categories":[40],"tags":[],"class_list":["post-3325","post","type-post","status-publish","format-standard","hentry","category-provincia"],"jetpack_featured_media_url":"","jetpack_shortlink":"https:\/\/wp.me\/p2JWE0-RD","jetpack-related-posts":[{"id":101589,"url":"https:\/\/www.24baires.com\/?p=101589","url_meta":{"origin":3325,"position":0},"title":"Los docentes est\u00e1n \u00abdecepcionados\u00bb por la falta de convocatoria","author":"GB","date":"13\/04\/2018","format":false,"excerpt":"As\u00ed lo afirm\u00f3 el titular de Udocba, Miguel D\u00edaz. Suteba defini\u00f3 la continuidad de un plan de lucha provincial. Los docentes bonaerenses expresaron su malestar ante la falta de convocatoria para discutir salarios. El titular de Udocba, Miguel D\u00edaz, afirm\u00f3 que los maestros est\u00e1n \"decepcionados\" por la actitud de Mar\u00eda\u2026","rel":"","context":"En \u00abProvincia\u00bb","block_context":{"text":"Provincia","link":"https:\/\/www.24baires.com\/?cat=40"},"img":{"alt_text":"","src":"https:\/\/i0.wp.com\/www.24baires.com\/wp-content\/uploads\/2018\/02\/docentes.jpg?resize=350%2C200","width":350,"height":200,"srcset":"https:\/\/i0.wp.com\/www.24baires.com\/wp-content\/uploads\/2018\/02\/docentes.jpg?resize=350%2C200 1x, https:\/\/i0.wp.com\/www.24baires.com\/wp-content\/uploads\/2018\/02\/docentes.jpg?resize=525%2C300 1.5x"},"classes":[]},{"id":117029,"url":"https:\/\/www.24baires.com\/?p=117029","url_meta":{"origin":3325,"position":1},"title":"La UDOCBA advierte que las clases presenciales podr\u00edan arrancar en \u201cmayo o junio\u201d","author":"GB","date":"18\/01\/2021","format":false,"excerpt":"As\u00ed lo desliz\u00f3 el secretario general del gremio, Miguel D\u00edaz, en tanto asegur\u00f3 que \"primero falta vacunar a todo el personal docente\". En medio de las ideas y vueltas sobre el inicio de las clases presenciales, desde la Uni\u00f3n de Docentes de la Provincia de Buenos Aires (UDOCBA) aseguraron que\u2026","rel":"","context":"En \u00abProvincia\u00bb","block_context":{"text":"Provincia","link":"https:\/\/www.24baires.com\/?cat=40"},"img":{"alt_text":"","src":"https:\/\/i0.wp.com\/www.24baires.com\/wp-content\/uploads\/2021\/01\/20210118094823_san-juan-colegios-300x168.jpg?resize=350%2C200","width":350,"height":200},"classes":[]},{"id":100674,"url":"https:\/\/www.24baires.com\/?p=100674","url_meta":{"origin":3325,"position":2},"title":"\u201cLa propuesta tendr\u00eda que ser del 25% para recomponer el salario\u201d","author":"GB","date":"22\/02\/2018","format":false,"excerpt":"Lo advirti\u00f3 el secretario general de UDOCBA, Miguel D\u00edaz, de cara a la reuni\u00f3n de esta tarde con el Ejecutivo provincial. \u201cCon una inflaci\u00f3n del 19,5 por ciento, lo que ofrece el Gobierno no alcanza\u201d, apunt\u00f3 a Info Regi\u00f3n. La primera oferta, del 15%, fue rechazada por los gremios. El\u2026","rel":"","context":"En \u00abProvincia\u00bb","block_context":{"text":"Provincia","link":"https:\/\/www.24baires.com\/?cat=40"},"img":{"alt_text":"","src":"https:\/\/i0.wp.com\/www.24baires.com\/wp-content\/uploads\/2017\/05\/d%C3%ADaz-udocba.jpg?resize=350%2C200","width":350,"height":200,"srcset":"https:\/\/i0.wp.com\/www.24baires.com\/wp-content\/uploads\/2017\/05\/d%C3%ADaz-udocba.jpg?resize=350%2C200 1x, https:\/\/i0.wp.com\/www.24baires.com\/wp-content\/uploads\/2017\/05\/d%C3%ADaz-udocba.jpg?resize=525%2C300 1.5x"},"classes":[]},{"id":75637,"url":"https:\/\/www.24baires.com\/?p=75637","url_meta":{"origin":3325,"position":3},"title":"Docentes de Udocba confirmaron un paro para el 1\u00b0 de diciembre","author":"AF","date":"26\/11\/2015","format":false,"excerpt":"Los trabajadores de la educaci\u00f3n nucleados en la Uni\u00f3n de Docentes de la Provincia de Buenos Aires (Udocba), un gremio minoritario y perteneciente a la CGT de Hugo Moyano, confirmaron realizar\u00e1n el martes 1\u00ba de diciembre un paro de actividades en todos los niveles para exigir el pago de un\u2026","rel":"","context":"En \u00abSociedad\u00bb","block_context":{"text":"Sociedad","link":"https:\/\/www.24baires.com\/?cat=1"},"img":{"alt_text":"udocba","src":"https:\/\/i0.wp.com\/www.24baires.com\/wp-content\/uploads\/2014\/08\/udocba.jpg?resize=350%2C200","width":350,"height":200,"srcset":"https:\/\/i0.wp.com\/www.24baires.com\/wp-content\/uploads\/2014\/08\/udocba.jpg?resize=350%2C200 1x, https:\/\/i0.wp.com\/www.24baires.com\/wp-content\/uploads\/2014\/08\/udocba.jpg?resize=525%2C300 1.5x"},"classes":[]},{"id":106982,"url":"https:\/\/www.24baires.com\/?p=106982","url_meta":{"origin":3325,"position":4},"title":"El Gobierno convoc\u00f3 a docentes para discutir paritarias","author":"AF","date":"25\/02\/2019","format":false,"excerpt":"El Gobierno bonaerense convoc\u00f3 hoy a los gremios docentes a una nueva reuni\u00f3n paritaria que se realizar\u00e1 este mi\u00e9rcoles a las 12 horas en el Ministerio de Econom\u00eda provincial. La convocatoria fue comunicada esta tarde por funcionarios del gobierno de Mar\u00eda Eugenia Vidal a referentes del Frente de Unidad Docente\u2026","rel":"","context":"En \u00abSociedad\u00bb","block_context":{"text":"Sociedad","link":"https:\/\/www.24baires.com\/?cat=1"},"img":{"alt_text":"","src":"https:\/\/i0.wp.com\/www.24baires.com\/wp-content\/uploads\/2017\/10\/baradel.jpg?resize=350%2C200","width":350,"height":200,"srcset":"https:\/\/i0.wp.com\/www.24baires.com\/wp-content\/uploads\/2017\/10\/baradel.jpg?resize=350%2C200 1x, https:\/\/i0.wp.com\/www.24baires.com\/wp-content\/uploads\/2017\/10\/baradel.jpg?resize=525%2C300 1.5x"},"classes":[]},{"id":57050,"url":"https:\/\/www.24baires.com\/?p=57050","url_meta":{"origin":3325,"position":5},"title":"Ahora, son los docentes de Udocba quienes paran por 48 horas","author":"AF","date":"13\/11\/2014","format":false,"excerpt":"Docentes nucleados en Udocba comenzar\u00e1n este jueves un paro de 48 horas en reclamo de la reapertura de paritarias para este a\u00f1o. En este sentido, el secretario general del gremio, Miguel D\u00edaz sostuvo: \u201cNuestra medida de fuerza tiene que ver con la reapertura de paritarias ahora, no es que queremos\u2026","rel":"","context":"En \u00abSociedad\u00bb","block_context":{"text":"Sociedad","link":"https:\/\/www.24baires.com\/?cat=1"},"img":{"alt_text":"Udocba Diaz Miguel","src":"https:\/\/i0.wp.com\/www.24baires.com\/wp-content\/uploads\/2012\/10\/Udocba-Diaz-Miguel.jpg?resize=350%2C200","width":350,"height":200,"srcset":"https:\/\/i0.wp.com\/www.24baires.com\/wp-content\/uploads\/2012\/10\/Udocba-Diaz-Miguel.jpg?resize=350%2C200 1x, https:\/\/i0.wp.com\/www.24baires.com\/wp-content\/uploads\/2012\/10\/Udocba-Diaz-Miguel.jpg?resize=525%2C300 1.5x"},"classes":[]}],"jetpack_sharing_enabled":true,"jetpack_likes_enabled":true,"_links":{"self":[{"href":"https:\/\/www.24baires.com\/index.php?rest_route=\/wp\/v2\/posts\/3325","targetHints":{"allow":["GET"]}}],"collection":[{"href":"https:\/\/www.24baires.com\/index.php?rest_route=\/wp\/v2\/posts"}],"about":[{"href":"https:\/\/www.24baires.com\/index.php?rest_route=\/wp\/v2\/types\/post"}],"author":[{"embeddable":true,"href":"https:\/\/www.24baires.com\/index.php?rest_route=\/wp\/v2\/users\/11"}],"replies":[{"embeddable":true,"href":"https:\/\/www.24baires.com\/index.php?rest_route=%2Fwp%2Fv2%2Fcomments&post=3325"}],"version-history":[{"count":3,"href":"https:\/\/www.24baires.com\/index.php?rest_route=\/wp\/v2\/posts\/3325\/revisions"}],"predecessor-version":[{"id":3329,"href":"https:\/\/www.24baires.com\/index.php?rest_route=\/wp\/v2\/posts\/3325\/revisions\/3329"}],"wp:attachment":[{"href":"https:\/\/www.24baires.com\/index.php?rest_route=%2Fwp%2Fv2%2Fmedia&parent=3325"}],"wp:term":[{"taxonomy":"category","embeddable":true,"href":"https:\/\/www.24baires.com\/index.php?rest_route=%2Fwp%2Fv2%2Fcategories&post=3325"},{"taxonomy":"post_tag","embeddable":true,"href":"https:\/\/www.24baires.com\/index.php?rest_route=%2Fwp%2Fv2%2Ftags&post=3325"}],"curies":[{"name":"wp","href":"https:\/\/api.w.org\/{rel}","templated":true}]}}