{"id":3304,"date":"2012-10-26T10:10:38","date_gmt":"2012-10-26T13:10:38","guid":{"rendered":"http:\/\/www.24baires.com\/?p=3304"},"modified":"2012-10-26T10:27:24","modified_gmt":"2012-10-26T13:27:24","slug":"merced-al-trabajo-cooperativo-60-mil-personas-disfrutan-semanalmente-de-los-bosques-de-ezeiza","status":"publish","type":"post","link":"https:\/\/www.24baires.com\/?p=3304","title":{"rendered":"Merced al trabajo cooperativo 60 mil personas disfrutan semanalmente de los bosques de Ezeiza"},"content":{"rendered":"<p>A casi diez a\u00f1os de su creaci\u00f3n, la Federaci\u00f3n de Cooperativas de Trabajo Unidas de Florencio Varela (Fe.Coo.Tra.Un.), ha logrado recuperar y hacerse cargo del mantenimiento del \u00e1rea, que ahora disfrutan miles de personas cada semana.<!--more-->Tambi\u00e9n de la construcci\u00f3n de cientos de viviendas en la zona y hasta de la reconstrucci\u00f3n de la Unidad Tur\u00edstica de Embalse, en la provincia de C\u00f3rdoba. Desde el espacio \u201cPueblo Cooperativo\u201d desde Tecn\u00f3polis, instalada en Villa Martelli, sus responsables cuentan la experiencias, que hoy dispone de un taller textil, una maderera, una f\u00e1brica de bloques y hasta una radio FM comunitaria (96.5).<\/p>\n<p>\u201cYo siempre digo que crec\u00ed con la Federaci\u00f3n. Cuando no ten\u00edamos nada y hab\u00eda que juntar las monedas para comprar las hojas, y hoy, tener todo eso, personalmente es un logro muy importante; me voy a poner a llorar porque es verdad, es un sentimiento fuerte\u201d, dijo Ver\u00f3nica Albarino, miembro de la cooperativa de trabajo \u201cReconstruir\u201d y quien se desempe\u00f1a en las oficinas de la Federaci\u00f3n que nuclea a 14 entidades de ese tipo en Florencio Varela.<\/p>\n<p>Comenz\u00f3 a cumplir tareas en los bosques de Ezeiza y luego fue transferida a la central, donde es la responsable del \u00e1rea administrativa. Hoy se emociona cuando recuerda los comienzos de este desarrollo iniciado como una necesidad a partir de la crisis del 2001 y que tuvo que sobrevivir con muchas dificultades, hasta que se conform\u00f3 la actual federaci\u00f3n y pudieron acceder a objetivos m\u00e1s ambiciosos.<\/p>\n<p>Seg\u00fan Ram\u00f3n Cigales, de la cooperativa \u201cOscar Celentano\u201d, la crisis los oblig\u00f3 a asociarse porque no hab\u00eda otra posibilidad: \u201cAh\u00ed aprendimos a conocernos, a unirnos, a trabajar en conjunto \u2013dice-. Hab\u00eda dos alba\u00f1iles, y los dem\u00e1s \u00e9ramos ayudantes\u2026 Eso de levantarse y hacer la primera vivienda\u2026Con esa vivienda nosotros hemos aprendido a ser cooperativistas. Y despu\u00e9s de tres a\u00f1os, buscamos la forma de mejorar y formamos la Federaci\u00f3n\u201d.<\/p>\n<p>Por su parte, Jos\u00e9 Albornoz, de la cooperativa \u201cConstructora San Jorge\u201d, agrega: \u201clas cooperativas se conformaron con gente de diversos gremios: eran tacheros, panaderos, es decir, ven\u00edan de diferentes \u00e1mbitos. Por necesidad de trabajo, hubo que reconvertir estas fuerzas, y a nosotros nos toc\u00f3 la obra p\u00fablica con la primera construcci\u00f3n de las viviendas sociales.\u201d<\/p>\n<p>Cristian Mi\u00f1\u00f3, miembro del grupo \u201cReconstruir\u201d y actualmente presidente de Fe.Coo.Tra.Un., explica c\u00f3mo fue el origen de esa experiencia: \u201cen el a\u00f1o 2006 hicimos una gesti\u00f3n con un mont\u00f3n de compa\u00f1eros y generamos un contrato con una empresa de La Plata que hac\u00eda viviendas para el plan federal. Ten\u00eda que hacer ochocientas viviendas y nos contrat\u00f3 a nosotros para hacer 100. A prueba. Hicimos 120 viviendas en una primera etapa, funcionamos muy bien y nos dieron m\u00e1s etapas, hasta que terminamos haciendo las ochocientas viviendas, las cloacas, el agua, los conductos y hasta parte de la obra el\u00e9ctrica. De juntarnos como compa\u00f1eros para conseguir veinte pesos para comer, ahora manejamos una obra de 36 millones de pesos. Ah\u00ed nos dimos cuenta de que ten\u00edamos el capital humano para manejar cualquier cosa\u201d.<\/p>\n<p>Victor Pinto, de la cooperativa \u201cMonte Cudine\u201d, agrega: \u201cla mejor decisi\u00f3n que tomaron nuestros compa\u00f1eros de la conducci\u00f3n fue \u2018tenemos que hacerlo, si hacemos dos viviendas, podemos hacer ochocientas\u2019. Nosotros siempre dec\u00edamos, cuando comenzamos: el d\u00eda que pasemos por ac\u00e1 paseando, con nuestros hijos, con nuestros nietos, y digamos \u2018este barrio lo hicimos nosotros\u2019, ser\u00e1 una satisfacci\u00f3n enorme\u201d.<\/p>\n<p>Todo ese proceso facilit\u00f3 que, por sorteos, muchos miembros de las cooperativas pudieran ser adjudicatarios de las viviendas que constru\u00edan. Una de las beneficiadas fue Mirta Baum, del grupo \u201cReconstruir\u201d: \u201cen una de las viviendas que se estaban finalizando \u2013recuerda ella- yo estaba agachada limpiando el inodoro del ba\u00f1o, y viene mi presidente y le digo: \u2018pobre mujer la que le toque limpiar estos inodoros, \u00a1tienen m\u00e1s recovecos!\u2019\u2026 Y me dijo \u00e9l: \u2018entonces empez\u00e1 a practicar ahora porque saliste adjudicada para una vivienda\u2019. \u00a1Te imagin\u00e1s! Yo me puse a llorar porque veinte a\u00f1os esper\u00e9 y lleg\u00f3. Y as\u00ed para muchos compa\u00f1eros\u201d.<\/p>\n<p>Emilio Curuchet, miembro de \u201cUnidos del Coraz\u00f3n\u201d y secretario de la Federaci\u00f3n, cuenta que la cooperativa a la que \u00e9l pertenece fabrica cercos y muros pre moldeados, que venden y colocan con diferentes grupos de trabajo. \u201cNosotros empezamos este emprendimiento en el 2006, como para poder ayudar a nuestros socios y hoy podemos decir que tenemos 18 socios afectados directamente a este proyecto. Gracias a que se han creado las cooperativas, gracias al gobierno nacional que nos ha convocado para hacer cooperativas, hoy estamos en un lugar muy grande. Nosotros siempre decimos que tenemos un piso alto, el techo no lo sabemos, porque d\u00eda a d\u00eda se crece. Sabiendo que nosotros ven\u00edamos de una p\u00e9rdida del mercado laboral de veinte a\u00f1os, hoy la hemos recuperado\u201d.<\/p>\n<p>Otro de los grandes desaf\u00edos que tuvo que afrontar la Federaci\u00f3n fue el de la recuperaci\u00f3n y puesta en valor de los bosques de Ezeiza, a partir de un contrato firmado en agosto del 2008, mediante una gesti\u00f3n del Ministerio de Desarrollo Social de la Naci\u00f3n. Se trataba de limpiar el bosque y reconstruir las calles e instalaciones de aquel predio arbolado de m\u00e1s 600 hect\u00e1reas, levantado durante el primer gobierno del general Juan Domingo Per\u00f3n, en 1947, primero con el objetivo de cortar los vientos para proteger el aeropuerto, y luego con fines sociales y de esparcimiento, agreg\u00e1ndole piletas populares y albergues gratuitos para los estudiantes.<\/p>\n<p>Durante d\u00e9cadas el bosque qued\u00f3 abandonado y todo se fue destruyendo. Cuando la Federaci\u00f3n se hizo cargo, el primer objetivo fue la limpieza y la parquizaci\u00f3n. \u201cEl lugar era tierra de nadie, todo monte, apenas si se ve\u00edan las calles\u201d, recuerda Jos\u00e9 Fern\u00e1ndez, del grupo \u201cLos Nacionales\u201d; y cuenta que, una vez hecha la limpieza b\u00e1sica, montaron una carpinter\u00eda para construir nuevos juegos, bancos, mesas, canastos, aprovechando los \u00e1rboles que debieron ser volteados. En el aserradero, luego de la tala, cortan los tablones y los colocan en un horno para el secado; luego abordan el proceso de corte y cepillado. El equilibrio ecol\u00f3gico del monte se recupera a partir de la existencia de un vivero que fue creado hace casi dos a\u00f1os, con el objetivo de generar \u00e1rboles para remplazar a los que se pierden. Se hace la producci\u00f3n desde la semilla, la germinaci\u00f3n y el preparado de macetas.<\/p>\n<p>Como si todo esto no bastara, para cuidar el bosque se cre\u00f3 la cooperativa de \u201cGuardias Ambientales\u201d. Son ellos quienes orientan y ubican a la gente que por fin puede volver a este lugar gratuitamente, disfrutar de las parrillas, el parque, los juegos. Los guardias, muy bien vestidos con uniformes verdes, reciben a la gente, le entregan folleter\u00eda alusiva y se distribuyen de tal modo que hay cuatro o cinco guardias por sector. Los domingos el lugar explota. Si en el 2008 el bosque era visitado por entre 8 mil y 12 mil personas por mes, hoy hay picos por fines de semana de 60 mil personas.<\/p>\n<p>Los uniformes que usan los guardias, al igual que la ropa de todos los cooperativistas, se hace en el taller textil creado a tal fin, donde tambi\u00e9n se confeccionan mochilas y guardapolvos de colegio para los chicos. Esto tambi\u00e9n da trabajo a las mujeres y constituye un aprendizaje: \u201cAc\u00e1 hay muchas chicas, en el turno de la tarde o de la ma\u00f1ana, que han venido sin saber lo que era una aguja de coser o poner un hilo en una m\u00e1quina\u201d, dice Claudio Daluz, capacitador del taller textil. \u201cLo fundamental es que estamos capacitando a las personas para que el d\u00eda de ma\u00f1ana puedan tener un oficio; eso es lo que m\u00e1s nos interesa\u201d, a\u00f1ade.<\/p>\n<p>Por su parte, Marcelo V\u00e1squez, de \u201cGuardias Ambientales\u201d, agrega: \u201cel mismo cooperativismo nos va dando m\u00e1s, porque uno aprende del otro. Cuando empezamos, en el 2003, tres o cuatro eran constructores de casas y otros diez \u00e9ramos gente que ten\u00edamos voluntad, pero que no sab\u00edamos. Juntos aprendimos y vimos que en la unidad del cooperativismo se pueden hacer muchas cosas.<\/p>\n<p>\u201cLa diferencia que tenemos con la empresa privada es el sentimiento de pertenencia a trav\u00e9s de lo que uno tiene, de lo que es de uno, agregaEmilio Curuchet.<\/p>\n<p>\u201cNosotros somos nuestros patrones, nuestros ayudantes, nuestros oficiales y hasta nuestros t\u00e9cnicos. Porque es nuestro servicio; esa es la diferencia. Mis compa\u00f1eros son mi compa\u00f1eros, y eso es lo mejor que puedo tener\u201d, dice.<\/p>\n<p>Y Jos\u00e9 Albornoz a\u00f1ade: \u201cuno empieza a creer en uno mismo, en el trabajo en grupo. Nos marcamos una tarea diaria y a trav\u00e9s de la organizaci\u00f3n alcanzamos los objetivos. Hay que tener visi\u00f3n, ganas, y mucho compromiso. No hay f\u00f3rmulas m\u00e1gicas\u201d.<\/p>\n","protected":false},"excerpt":{"rendered":"<p>A casi diez a\u00f1os de su creaci\u00f3n, la Federaci\u00f3n de Cooperativas de Trabajo Unidas de Florencio Varela (Fe.Coo.Tra.Un.), ha logrado recuperar y hacerse cargo del mantenimiento del \u00e1rea, que ahora disfrutan miles de personas cada semana.<\/p>\n","protected":false},"author":11,"featured_media":0,"comment_status":"open","ping_status":"open","sticky":false,"template":"","format":"standard","meta":{"_jetpack_newsletter_access":"","_jetpack_dont_email_post_to_subs":false,"_jetpack_newsletter_tier_id":0,"_jetpack_memberships_contains_paywalled_content":false,"_jetpack_memberships_contains_paid_content":false,"footnotes":""},"categories":[1],"tags":[],"class_list":["post-3304","post","type-post","status-publish","format-standard","hentry","category-sociedad"],"jetpack_featured_media_url":"","jetpack_shortlink":"https:\/\/wp.me\/p2JWE0-Ri","jetpack-related-posts":[{"id":107429,"url":"https:\/\/www.24baires.com\/?p=107429","url_meta":{"origin":3304,"position":0},"title":"La justicia orden\u00f3 desalojar una cooperativa en Quilmes","author":"GB","date":"29\/03\/2019","format":false,"excerpt":"El hecho ocurri\u00f3 la ma\u00f1ana del viernes cuando los trabajadores fueron corridos del lugar donde desempe\u00f1an su tarea por decisi\u00f3n del juez de Garant\u00edas N\u00ba2, Mart\u00edn Nolfi. Los trabajadores de la Cooperativa El Registro de Quilmes fueron desalojados sorpresivamente este viernes por ma\u00f1ana a ra\u00edz de una orden judicial. La\u2026","rel":"","context":"En \u00abMunicipios\u00bb","block_context":{"text":"Municipios","link":"https:\/\/www.24baires.com\/?cat=44"},"img":{"alt_text":"","src":"https:\/\/i0.wp.com\/www.24baires.com\/wp-content\/uploads\/2019\/03\/cooperativa-quilmes.jpg?resize=350%2C200","width":350,"height":200,"srcset":"https:\/\/i0.wp.com\/www.24baires.com\/wp-content\/uploads\/2019\/03\/cooperativa-quilmes.jpg?resize=350%2C200 1x, https:\/\/i0.wp.com\/www.24baires.com\/wp-content\/uploads\/2019\/03\/cooperativa-quilmes.jpg?resize=525%2C300 1.5x"},"classes":[]},{"id":115965,"url":"https:\/\/www.24baires.com\/?p=115965","url_meta":{"origin":3304,"position":1},"title":"Cooperativas piden ser incluidas en la extensi\u00f3n del ATP hasta fin de a\u00f1o","author":"GB","date":"17\/08\/2020","format":false,"excerpt":"La Confederaci\u00f3n Nacional de Cooperativas de Trabajo (CNCT), explicaron que la ayuda al sector equivale s\u00f3lo al 0,03% del total que brinda el Estado en concepto de esa asistencia. Hace tres semanas, el presidente Alberto Fern\u00e1ndez, junto al ministro de Desarrollo Productivo, Mat\u00edas Kulffas, anunci\u00f3 la cuarta reanudaci\u00f3n del ATP\u2026","rel":"","context":"En \u00abLocales\u00bb","block_context":{"text":"Locales","link":"https:\/\/www.24baires.com\/?cat=38"},"img":{"alt_text":"","src":"","width":0,"height":0},"classes":[]},{"id":103160,"url":"https:\/\/www.24baires.com\/?p=103160","url_meta":{"origin":3304,"position":2},"title":"Suspenden cortes de energ\u00eda a cooperativas tras la toma del Ministerio","author":"AF","date":"04\/07\/2018","format":false,"excerpt":"Los trabajadores autogestionados, encabezados por Cueroflex, consiguieron adem\u00e1s una reuni\u00f3n con las autoridades de la cartera para fijar una tarifa diferencial para el sector. Esta ma\u00f1ana, hab\u00edan ocupado de manera pac\u00edfica el edificio gubernamental. Los trabajadores autogestionados consiguieron este mediod\u00eda el compromiso del Gobierno nacional de suspender los cortes de\u2026","rel":"","context":"En \u00abSociedad\u00bb","block_context":{"text":"Sociedad","link":"https:\/\/www.24baires.com\/?cat=1"},"img":{"alt_text":"","src":"https:\/\/i0.wp.com\/www.24baires.com\/wp-content\/uploads\/2016\/08\/contra-tarifazo.jpg?resize=350%2C200","width":350,"height":200,"srcset":"https:\/\/i0.wp.com\/www.24baires.com\/wp-content\/uploads\/2016\/08\/contra-tarifazo.jpg?resize=350%2C200 1x, https:\/\/i0.wp.com\/www.24baires.com\/wp-content\/uploads\/2016\/08\/contra-tarifazo.jpg?resize=525%2C300 1.5x"},"classes":[]},{"id":107383,"url":"https:\/\/www.24baires.com\/?p=107383","url_meta":{"origin":3304,"position":3},"title":"Tras el cierre de Cottaj, no quedan cooperativas ferroviarias en funcionamiento","author":"AF","date":"26\/03\/2019","format":false,"excerpt":"Devaluaci\u00f3n, altas tasas de inter\u00e9s, falta de demanda e imposibilidad de acceso a licitaciones determinaron el apag\u00f3n de la cooperativa de trabajo Talleres Jun\u00edn. La Cooperativa de Trabajo Talleres Jun\u00edn dej\u00f3 de producir este lunes por dificultades econ\u00f3micas y de acceso a licitaciones acordes al esquema de la empresa. El\u2026","rel":"","context":"En \u00abSociedad\u00bb","block_context":{"text":"Sociedad","link":"https:\/\/www.24baires.com\/?cat=1"},"img":{"alt_text":"","src":"https:\/\/i0.wp.com\/www.24baires.com\/wp-content\/uploads\/2019\/03\/cottaj.jpg?resize=350%2C200","width":350,"height":200,"srcset":"https:\/\/i0.wp.com\/www.24baires.com\/wp-content\/uploads\/2019\/03\/cottaj.jpg?resize=350%2C200 1x, https:\/\/i0.wp.com\/www.24baires.com\/wp-content\/uploads\/2019\/03\/cottaj.jpg?resize=525%2C300 1.5x"},"classes":[]},{"id":349,"url":"https:\/\/www.24baires.com\/?p=349","url_meta":{"origin":3304,"position":4},"title":"Optimismo entre las cooperativas por brindar el servicio de telefon\u00eda celular","author":"Grupo Sierra","date":"24\/09\/2012","format":false,"excerpt":"Las cooperativas celebraron la decisi\u00f3n del Gobierno de transferir a las estatal ArSat frecuencias del espectro radioel\u00e9ctrico, y aguardan con expectativa definiciones sobre la modalidad de los nuevos emprendimientos para poder brindar el servicio. \"Para nosotros es una gran noticia\", subray\u00f3 el presidente de la Federaci\u00f3n de Cooperativas Telef\u00f3nicas del\u2026","rel":"","context":"En \u00abTecnolog\u00eda\u00bb","block_context":{"text":"Tecnolog\u00eda","link":"https:\/\/www.24baires.com\/?cat=46"},"img":{"alt_text":"","src":"https:\/\/i0.wp.com\/www.24baires.com\/wp-content\/uploads\/2012\/09\/celulares-cooperativos.jpg?resize=350%2C200","width":350,"height":200,"srcset":"https:\/\/i0.wp.com\/www.24baires.com\/wp-content\/uploads\/2012\/09\/celulares-cooperativos.jpg?resize=350%2C200 1x, https:\/\/i0.wp.com\/www.24baires.com\/wp-content\/uploads\/2012\/09\/celulares-cooperativos.jpg?resize=525%2C300 1.5x"},"classes":[]},{"id":19483,"url":"https:\/\/www.24baires.com\/?p=19483","url_meta":{"origin":3304,"position":5},"title":"Provincia debe $3 millones a cooperativas que se ver\u00edan obligadas a cortar la luz","author":"AF","date":"27\/03\/2013","format":false,"excerpt":"La deuda es con cooperativas el\u00e9ctricas de varias localidades, situaci\u00f3n que podr\u00eda concluir en el corte del suministro a dependencias gubernamentales, como las escuelas, adem\u00e1s del alumbrado p\u00fablico de calles y plazas. La Federaci\u00f3n de Cooperativas Bonaerenses (Fedecoba) advirti\u00f3 al gobernador Daniel Scioli sobre esta situaci\u00f3n, que se suma al\u2026","rel":"","context":"En \u00abEconom\u00eda\u00bb","block_context":{"text":"Econom\u00eda","link":"https:\/\/www.24baires.com\/?cat=45"},"img":{"alt_text":"","src":"","width":0,"height":0},"classes":[]}],"jetpack_sharing_enabled":true,"jetpack_likes_enabled":true,"_links":{"self":[{"href":"https:\/\/www.24baires.com\/index.php?rest_route=\/wp\/v2\/posts\/3304","targetHints":{"allow":["GET"]}}],"collection":[{"href":"https:\/\/www.24baires.com\/index.php?rest_route=\/wp\/v2\/posts"}],"about":[{"href":"https:\/\/www.24baires.com\/index.php?rest_route=\/wp\/v2\/types\/post"}],"author":[{"embeddable":true,"href":"https:\/\/www.24baires.com\/index.php?rest_route=\/wp\/v2\/users\/11"}],"replies":[{"embeddable":true,"href":"https:\/\/www.24baires.com\/index.php?rest_route=%2Fwp%2Fv2%2Fcomments&post=3304"}],"version-history":[{"count":3,"href":"https:\/\/www.24baires.com\/index.php?rest_route=\/wp\/v2\/posts\/3304\/revisions"}],"predecessor-version":[{"id":3309,"href":"https:\/\/www.24baires.com\/index.php?rest_route=\/wp\/v2\/posts\/3304\/revisions\/3309"}],"wp:attachment":[{"href":"https:\/\/www.24baires.com\/index.php?rest_route=%2Fwp%2Fv2%2Fmedia&parent=3304"}],"wp:term":[{"taxonomy":"category","embeddable":true,"href":"https:\/\/www.24baires.com\/index.php?rest_route=%2Fwp%2Fv2%2Fcategories&post=3304"},{"taxonomy":"post_tag","embeddable":true,"href":"https:\/\/www.24baires.com\/index.php?rest_route=%2Fwp%2Fv2%2Ftags&post=3304"}],"curies":[{"name":"wp","href":"https:\/\/api.w.org\/{rel}","templated":true}]}}