{"id":3295,"date":"2012-10-26T10:14:10","date_gmt":"2012-10-26T13:14:10","guid":{"rendered":"http:\/\/www.24baires.com\/?p=3295"},"modified":"2012-10-26T10:14:10","modified_gmt":"2012-10-26T13:14:10","slug":"ahora-maravilla-martinez-quiere-pelear-en-el-estadio-unico","status":"publish","type":"post","link":"https:\/\/www.24baires.com\/?p=3295","title":{"rendered":"Ahora &#8216;Maravilla&#8217; Mart\u00ednez quiere pelear en el Estadio \u00danico"},"content":{"rendered":"<p><img data-recalc-dims=\"1\" loading=\"lazy\" decoding=\"async\" class=\"alignleft size-medium wp-image-3297\" title=\"maravilla scioli\" src=\"https:\/\/i0.wp.com\/www.24baires.com\/wp-content\/uploads\/2012\/10\/maravilla-scioli.jpg?resize=300%2C188\" alt=\"\" width=\"300\" height=\"188\" srcset=\"https:\/\/i0.wp.com\/www.24baires.com\/wp-content\/uploads\/2012\/10\/maravilla-scioli.jpg?resize=300%2C188&amp;ssl=1 300w, https:\/\/i0.wp.com\/www.24baires.com\/wp-content\/uploads\/2012\/10\/maravilla-scioli.jpg?w=450&amp;ssl=1 450w\" sizes=\"auto, (max-width: 300px) 100vw, 300px\" \/>El boxeador Sergio \u00abMaravilla\u00bb Mart\u00ednez, campe\u00f3n mundial de la categor\u00eda mediano del CMB, se entusiasm\u00f3 con realizar su primera defensa del t\u00edtulo en el estadio Ciudad de La Plata en abril de 2013.<!--more--><br \/>\nEs uno de los buenos sitios donde podr\u00eda competir y hacer mi primera defensa mundialista. El estadio es espectacular, uno de los m\u00e1s bonitos y modernos de Argentina\u00bb, declar\u00f3 \u00abMaravilla\u00bb, luego de un encuentro con el gobernador Daniel Scioli y el secretario de Deporte provincial, Alejandro Rodr\u00edguez.<\/p>\n<p>El manager del boxeador, Sampson Lewkowicz, y funcionarios provinciales acordaron una recorrida por el estadio platense para avanzar sobre el proyecto.<\/p>\n<p>\u00abSabemos que tiene la capacidad de responder ante todos los requerimientos necesarios\u00bb, explic\u00f3 Rodr\u00edguez.<\/p>\n","protected":false},"excerpt":{"rendered":"<p>El boxeador Sergio \u00abMaravilla\u00bb Mart\u00ednez, campe\u00f3n mundial de la categor\u00eda mediano del CMB, se entusiasm\u00f3 con realizar su primera defensa del t\u00edtulo en el estadio Ciudad de La Plata en abril de 2013.<\/p>\n","protected":false},"author":11,"featured_media":0,"comment_status":"open","ping_status":"open","sticky":false,"template":"","format":"standard","meta":{"_jetpack_newsletter_access":"","_jetpack_dont_email_post_to_subs":false,"_jetpack_newsletter_tier_id":0,"_jetpack_memberships_contains_paywalled_content":false,"_jetpack_memberships_contains_paid_content":false,"footnotes":""},"categories":[1],"tags":[],"class_list":["post-3295","post","type-post","status-publish","format-standard","hentry","category-sociedad"],"jetpack_featured_media_url":"","jetpack_shortlink":"https:\/\/wp.me\/p2JWE0-R9","jetpack-related-posts":[{"id":7297,"url":"https:\/\/www.24baires.com\/?p=7297","url_meta":{"origin":3295,"position":0},"title":"&#8216;Maravilla&#8217; Mart\u00ednez podr\u00eda pelear en el Estadio \u00danico de La Plata","author":"Grupo Sierra","date":"29\/11\/2012","format":false,"excerpt":"El boxeador defender\u00e1 el t\u00edtulo mediano del Consejo Mundial de Boxeo (CMB) por primera vez, el 27 de abril, seg\u00fan confirm\u00f3 durante una videoconferencia con la presidenta Cristina Fern\u00e1ndez de Kirchner. \u00a0En octubre pasado, cuando regres\u00f3 a la Argentina luego de vencer al mexicano Julio C\u00e9sar Ch\u00e1vez hijo en Las\u2026","rel":"","context":"En \u00abDeportes\u00bb","block_context":{"text":"Deportes","link":"https:\/\/www.24baires.com\/?cat=12"},"img":{"alt_text":"","src":"https:\/\/i0.wp.com\/www.24baires.com\/wp-content\/uploads\/2012\/11\/martinez-maravilla.jpg?resize=350%2C200","width":350,"height":200,"srcset":"https:\/\/i0.wp.com\/www.24baires.com\/wp-content\/uploads\/2012\/11\/martinez-maravilla.jpg?resize=350%2C200 1x, https:\/\/i0.wp.com\/www.24baires.com\/wp-content\/uploads\/2012\/11\/martinez-maravilla.jpg?resize=525%2C300 1.5x"},"classes":[]},{"id":37696,"url":"https:\/\/www.24baires.com\/?p=37696","url_meta":{"origin":3295,"position":1},"title":"\u00abCotto no me dura cinco rounds\u00bb alarde\u00f3 &#8216;Maravilla&#8217; Mart\u00ednez","author":"GB","date":"30\/12\/2013","format":false,"excerpt":"El campe\u00f3n mundial de boxeo dijo que Miguel Angel Cotto \"tiene muchas exigencias\", pero aclar\u00f3, a su llegada a San Luis: \"El campe\u00f3n soy yo, por eso digo que no me dura ni cinco rounds\". \"Maravilla\" Mart\u00ednez, campe\u00f3n mediano CMB, sin embargo no confirm\u00f3 esa posible pelea con el puertorrique\u00f1o\u2026","rel":"","context":"En \u00abDeportes\u00bb","block_context":{"text":"Deportes","link":"https:\/\/www.24baires.com\/?cat=12"},"img":{"alt_text":"maravilla martinez","src":"https:\/\/i0.wp.com\/www.24baires.com\/wp-content\/uploads\/2013\/12\/maravilla-martinez.jpg?resize=350%2C200","width":350,"height":200,"srcset":"https:\/\/i0.wp.com\/www.24baires.com\/wp-content\/uploads\/2013\/12\/maravilla-martinez.jpg?resize=350%2C200 1x, https:\/\/i0.wp.com\/www.24baires.com\/wp-content\/uploads\/2013\/12\/maravilla-martinez.jpg?resize=525%2C300 1.5x"},"classes":[]},{"id":17289,"url":"https:\/\/www.24baires.com\/?p=17289","url_meta":{"origin":3295,"position":2},"title":"Maravilla Mart\u00ednez en V\u00e9lez: Caro pero el mejor","author":"Grupo Sierra","date":"03\/03\/2013","format":false,"excerpt":"Las entradas para la pelea entre Sergio \"Maravilla\" Mart\u00ednez y el ingl\u00e9s Martin Murray, que se desarrollar\u00e1 el 27 de abril en V\u00e9lez, comenzaron a venderse con precios de 100 a 5.000 pesos. Las 40.000 localidades disponibles en el estadio \"Jos\u00e9 Amalfitani\" de Liniers se adquieren a trav\u00e9s del sitio\u2026","rel":"","context":"En \u00abSociedad\u00bb","block_context":{"text":"Sociedad","link":"https:\/\/www.24baires.com\/?cat=1"},"img":{"alt_text":"martinez maravilla","src":"https:\/\/i0.wp.com\/www.24baires.com\/wp-content\/uploads\/2013\/03\/martinez-maravilla.jpg?resize=350%2C200","width":350,"height":200,"srcset":"https:\/\/i0.wp.com\/www.24baires.com\/wp-content\/uploads\/2013\/03\/martinez-maravilla.jpg?resize=350%2C200 1x, https:\/\/i0.wp.com\/www.24baires.com\/wp-content\/uploads\/2013\/03\/martinez-maravilla.jpg?resize=525%2C300 1.5x"},"classes":[]},{"id":2845,"url":"https:\/\/www.24baires.com\/?p=2845","url_meta":{"origin":3295,"position":3},"title":"El Estadio \u00danico de La Plata se ilumin\u00f3 de rosa por el C\u00e1ncer de Mama","author":"Grupo Sierra","date":"21\/10\/2012","format":false,"excerpt":"En conmemoraci\u00f3n por el \u201cD\u00eda Internacional de la Lucha contra el C\u00e1ncer de Mama\u201d, el Estadio Ciudad de La Plata luci\u00f3 su techo de color rosa. El secretario de Deportes, Alejandro Rodr\u00edguez, expres\u00f3 que la Provincia \u201ccolabora con la campa\u00f1a que moviliza LALCEC (Liga Argentina de Lucha contra el C\u00e1ncer)\u2026","rel":"","context":"En \u00abSociedad\u00bb","block_context":{"text":"Sociedad","link":"https:\/\/www.24baires.com\/?cat=1"},"img":{"alt_text":"","src":"https:\/\/i0.wp.com\/www.24baires.com\/wp-content\/uploads\/2012\/10\/estadio-unico.jpg?resize=350%2C200","width":350,"height":200,"srcset":"https:\/\/i0.wp.com\/www.24baires.com\/wp-content\/uploads\/2012\/10\/estadio-unico.jpg?resize=350%2C200 1x, https:\/\/i0.wp.com\/www.24baires.com\/wp-content\/uploads\/2012\/10\/estadio-unico.jpg?resize=525%2C300 1.5x"},"classes":[]},{"id":46049,"url":"https:\/\/www.24baires.com\/?p=46049","url_meta":{"origin":3295,"position":4},"title":"Scioli env\u00eda un registro de barrabravas a Brasil","author":"GB","date":"15\/05\/2014","format":false,"excerpt":"Las autoridades brasile\u00f1as recibir\u00e1n un registro de barras con causas judiciales y los datos de aquellos que tienen derecho de admisi\u00f3n en sus clubes, con motivo del campeonato Mundial. Seg\u00fan anunci\u00f3 el Jefe de Gabinete provincial, Alberto P\u00e9rez, \"por decisi\u00f3n del Gobernador Daniel Scioli se enviar\u00e1 el registro de barras\u2026","rel":"","context":"En \u00abProvincia\u00bb","block_context":{"text":"Provincia","link":"https:\/\/www.24baires.com\/?cat=40"},"img":{"alt_text":"huracan barra","src":"https:\/\/i0.wp.com\/www.24baires.com\/wp-content\/uploads\/2013\/04\/huracan-barra.jpg?resize=350%2C200","width":350,"height":200,"srcset":"https:\/\/i0.wp.com\/www.24baires.com\/wp-content\/uploads\/2013\/04\/huracan-barra.jpg?resize=350%2C200 1x, https:\/\/i0.wp.com\/www.24baires.com\/wp-content\/uploads\/2013\/04\/huracan-barra.jpg?resize=525%2C300 1.5x"},"classes":[]},{"id":13680,"url":"https:\/\/www.24baires.com\/?p=13680","url_meta":{"origin":3295,"position":5},"title":"Goleada del Boca de Bianchi a Independiente: 3 a 0","author":"Grupo Sierra","date":"26\/01\/2013","format":false,"excerpt":"El equipo xeneize gole\u00f3 al \"Rojo\" por 3 a 0 con goles del debutante Juan Manuel Mart\u00ednez (2) y Santiago Silva. Gallego se fue muy enojado e Independiente cerr\u00f3 la Copa Centenario sin victorias. Boca Juniors, con la inspiraci\u00f3n del debutante Juan Manuel Mart\u00ednez, fue demasiado para Independiente en el\u2026","rel":"","context":"En \u00abDeportes\u00bb","block_context":{"text":"Deportes","link":"https:\/\/www.24baires.com\/?cat=12"},"img":{"alt_text":"boca ind mdp","src":"https:\/\/i0.wp.com\/www.24baires.com\/wp-content\/uploads\/2013\/01\/boca-ind-mdp.jpg?resize=350%2C200","width":350,"height":200,"srcset":"https:\/\/i0.wp.com\/www.24baires.com\/wp-content\/uploads\/2013\/01\/boca-ind-mdp.jpg?resize=350%2C200 1x, https:\/\/i0.wp.com\/www.24baires.com\/wp-content\/uploads\/2013\/01\/boca-ind-mdp.jpg?resize=525%2C300 1.5x"},"classes":[]}],"jetpack_sharing_enabled":true,"jetpack_likes_enabled":true,"_links":{"self":[{"href":"https:\/\/www.24baires.com\/index.php?rest_route=\/wp\/v2\/posts\/3295","targetHints":{"allow":["GET"]}}],"collection":[{"href":"https:\/\/www.24baires.com\/index.php?rest_route=\/wp\/v2\/posts"}],"about":[{"href":"https:\/\/www.24baires.com\/index.php?rest_route=\/wp\/v2\/types\/post"}],"author":[{"embeddable":true,"href":"https:\/\/www.24baires.com\/index.php?rest_route=\/wp\/v2\/users\/11"}],"replies":[{"embeddable":true,"href":"https:\/\/www.24baires.com\/index.php?rest_route=%2Fwp%2Fv2%2Fcomments&post=3295"}],"version-history":[{"count":3,"href":"https:\/\/www.24baires.com\/index.php?rest_route=\/wp\/v2\/posts\/3295\/revisions"}],"predecessor-version":[{"id":3300,"href":"https:\/\/www.24baires.com\/index.php?rest_route=\/wp\/v2\/posts\/3295\/revisions\/3300"}],"wp:attachment":[{"href":"https:\/\/www.24baires.com\/index.php?rest_route=%2Fwp%2Fv2%2Fmedia&parent=3295"}],"wp:term":[{"taxonomy":"category","embeddable":true,"href":"https:\/\/www.24baires.com\/index.php?rest_route=%2Fwp%2Fv2%2Fcategories&post=3295"},{"taxonomy":"post_tag","embeddable":true,"href":"https:\/\/www.24baires.com\/index.php?rest_route=%2Fwp%2Fv2%2Ftags&post=3295"}],"curies":[{"name":"wp","href":"https:\/\/api.w.org\/{rel}","templated":true}]}}