{"id":3291,"date":"2012-10-26T09:50:38","date_gmt":"2012-10-26T12:50:38","guid":{"rendered":"http:\/\/www.24baires.com\/?p=3291"},"modified":"2012-10-27T11:03:51","modified_gmt":"2012-10-27T14:03:51","slug":"recusan-al-camarista-que-recibio-un-viaje-del-grupo-clarin","status":"publish","type":"post","link":"https:\/\/www.24baires.com\/?p=3291","title":{"rendered":"Recusan al camarista que recibi\u00f3 un viaje a Miami del Grupo Clar\u00edn"},"content":{"rendered":"<p><img data-recalc-dims=\"1\" loading=\"lazy\" decoding=\"async\" class=\"aligncenter size-full wp-image-3301\" title=\"Miami-Beach2\" src=\"https:\/\/i0.wp.com\/www.24baires.com\/wp-content\/uploads\/2012\/10\/Miami-Beach2.jpg?resize=560%2C285\" alt=\"\" width=\"560\" height=\"285\" srcset=\"https:\/\/i0.wp.com\/www.24baires.com\/wp-content\/uploads\/2012\/10\/Miami-Beach2.jpg?w=560&amp;ssl=1 560w, https:\/\/i0.wp.com\/www.24baires.com\/wp-content\/uploads\/2012\/10\/Miami-Beach2.jpg?resize=300%2C152&amp;ssl=1 300w\" sizes=\"auto, (max-width: 560px) 100vw, 560px\" \/><\/p>\n<p>El Ejecutivo recus\u00f3 a un integrante de la Sala 1 de la C\u00e1mara Civil y Comercial, que debe decidir sobre la constitucionalidad de dos art\u00edculos, tras de detectar que el Grupo Clar\u00edn le obsequi\u00f3 un viaje a Miami. El Consejo de la Magistratura citar\u00e1 adem\u00e1s al camarista.<!--more--><br \/>\nAs\u00ed lo consign\u00f3 en su edici\u00f3n de hoy el diario P\u00e1gina\/12, que agreg\u00f3 que en base a esa informaci\u00f3n \u00abse pidi\u00f3 la recusaci\u00f3n del vocal Francisco Horacio de las Carreras\u00bb, en tanto \u00abse investiga si hubo otros camaristas implicados en el viaje\u00bb.<\/p>\n<p>\u201cDe las Carreras particip\u00f3 en un viaje de turismo a la ciudad de Miami, financiado por el Grupo Clar\u00edn en la primera quincena de mayo, mientras tramitaba en su sala el caso vinculado\u201d con la ley de Medios, dice el texto de la denuncia, al que tuvo acceso el matutino.<\/p>\n<p>En el texto tambi\u00e9n se sostiene que participaron de ese viaje \u201clos abogados del Grupo Clar\u00edn Fernando Llerena y Fabi\u00e1n Rodr\u00edguez Simon\u201d.<\/p>\n<p>En base a estos antecedentes, se pide al magistrado que, hasta tanto se decida la recusaci\u00f3n, \u201cse excuse de intervenir en las presentes actuaciones\u201d relacionadas a la Ley de Servicios de Comunicaci\u00f3n Audiovisual, y no se descarta en el gobierno que estas revelaciones deriven en un juicio pol\u00edtico al acusado.<\/p>\n<p>\u201cEl Grupo Clar\u00edn pag\u00f3 los pasajes a\u00e9reos, las estad\u00edas en un hotel cinco estrellas de Miami, los gastos de desayuno, almuerzo, meriendas, cenas y todos los extras, incluidos gastos de traslados desde y hacia el aeropuerto\u201d, se\u00f1ala la acusaci\u00f3n.<\/p>\n<p>Asimismo, detalla que el magistrado adujo \u201cuna invitaci\u00f3n de una supuesta organizaci\u00f3n internacional de Justicia\u201d cuando en realidad se realizaron \u201cvisitas a la sede de Cablevisi\u00f3n en Miami\u201d.<\/p>\n<p>\u00abEsto alcanzar\u00eda para que un juez se excusara de tomar una decisi\u00f3n por haber recibido beneficios de una de las partes\u201d en disputa, se indic\u00f3 en el texto de la denuncia.<br \/>\nSeg\u00fan la misma, De las Carreras viaj\u00f3 a Miami v\u00eda Panam\u00e1 por COPA Airlines el 29 de abril y regres\u00f3, mediante el mismo itinerario, el 15 de mayo de este a\u00f1o.<\/p>\n<p>Con la finalidad de determinar la veracidad de las acusaciones, el Gobierno solicit\u00f3 a la C\u00e1mara recabar informaci\u00f3n sobre la fecha de las licencias de De las Carreras, pedirle a COPA y al hotel informaci\u00f3n sobre los viajes y la estad\u00eda y qui\u00e9n abon\u00f3 esos gastos.<\/p>\n<p>En tanto, se pedir\u00e1 tambi\u00e9n que declaren los abogados de Clar\u00edn mencionados en la querella y se requerir\u00e1 a Migraciones informaci\u00f3n sobre los movimientos de De las Carreras y los empleados de Clar\u00edn.<\/p>\n<p>Por otra parte, en la Casa Rosada se\u00f1alan que \u201chabr\u00eda otros camaristas implicados en este viaje\u201d y que esperan que las pesquisas arrojen luz sobre todas las irregularidades.<\/p>\n<p>&nbsp;<\/p>\n","protected":false},"excerpt":{"rendered":"<p>El Ejecutivo recus\u00f3 a un integrante de la Sala 1 de la C\u00e1mara Civil y Comercial, que debe decidir sobre la constitucionalidad de dos art\u00edculos, tras de detectar que el Grupo Clar\u00edn le obsequi\u00f3 un viaje a Miami. El Consejo de la Magistratura citar\u00e1 adem\u00e1s al camarista.<\/p>\n","protected":false},"author":11,"featured_media":0,"comment_status":"open","ping_status":"open","sticky":false,"template":"","format":"standard","meta":{"_jetpack_newsletter_access":"","_jetpack_dont_email_post_to_subs":false,"_jetpack_newsletter_tier_id":0,"_jetpack_memberships_contains_paywalled_content":false,"_jetpack_memberships_contains_paid_content":false,"footnotes":""},"categories":[54],"tags":[],"class_list":["post-3291","post","type-post","status-publish","format-standard","hentry","category-medios"],"jetpack_featured_media_url":"","jetpack_shortlink":"https:\/\/wp.me\/p2JWE0-R5","jetpack-related-posts":[{"id":4147,"url":"https:\/\/www.24baires.com\/?p=4147","url_meta":{"origin":3291,"position":0},"title":"El juez De las Carreras fue denunciado por el Gobierno por presunta \u00abrecepci\u00f3n de d\u00e1divas\u00bb de Clar\u00edn","author":"AF","date":"02\/11\/2012","format":false,"excerpt":"En la presentaci\u00f3n solicita que se investigue el delito de \"recepci\u00f3n de d\u00e1divas\" por parte del juez, quien particip\u00f3 de un congreso en Miami organizado por una ONG que integra y financia el Grupo Clar\u00edn. En rueda de prensa, el ministro de Justicia, Julio Alak, inform\u00f3 que el jefe de\u2026","rel":"","context":"En \u00abMedios\u00bb","block_context":{"text":"Medios","link":"https:\/\/www.24baires.com\/?cat=54"},"img":{"alt_text":"","src":"https:\/\/i0.wp.com\/www.24baires.com\/wp-content\/uploads\/2012\/11\/de-las-carreras2-300x179.jpg?resize=350%2C200","width":350,"height":200},"classes":[]},{"id":4851,"url":"https:\/\/www.24baires.com\/?p=4851","url_meta":{"origin":3291,"position":1},"title":"Finalmente imputaron al camarista que viaj\u00f3 a Miami financiado por Clar\u00edn","author":"Grupo Sierra","date":"09\/11\/2012","format":false,"excerpt":"El fiscal Eduardo Taiano imput\u00f3 al camarista civil y comercial federal Francisco de las Carreras. Se trata de uno de los jueces que particip\u00f3 de un congreso en Miami, que auspici\u00f3 y financi\u00f3 el Grupo Clar\u00edn. El camarista, competente en una de las principales causas en las que el grupo\u2026","rel":"","context":"En \u00abMedios\u00bb","block_context":{"text":"Medios","link":"https:\/\/www.24baires.com\/?cat=54"},"img":{"alt_text":"","src":"","width":0,"height":0},"classes":[]},{"id":8161,"url":"https:\/\/www.24baires.com\/?p=8161","url_meta":{"origin":3291,"position":2},"title":"\u00abLos jueces que viajan a Miami financiados por Clar\u00edn terminan siendo su equipo jur\u00eddico\u00bb","author":"Grupo Sierra","date":"06\/12\/2012","format":false,"excerpt":"El titular de la AFSCA, Mart\u00edn Sabbatella, \u00a0asegur\u00f3 que el fallo adoptado por la C\u00e1mara Civil y Comercial Federal que extendi\u00f3 la medida cautelar sobre el art\u00edculo 161, beneficiando as\u00ed al Grupo Clar\u00edn, \"lesiona la democracia\". \u00a0 Sabbatella, \u00a0asegur\u00f3 adem\u00e1s que el fallo difundido hoy en favor del Grupo Clar\u00edn,\u2026","rel":"","context":"En \u00abMedios\u00bb","block_context":{"text":"Medios","link":"https:\/\/www.24baires.com\/?cat=54"},"img":{"alt_text":"","src":"https:\/\/i0.wp.com\/www.24baires.com\/wp-content\/uploads\/2012\/12\/sabbatella-fallo-300x200.jpg?resize=350%2C200","width":350,"height":200},"classes":[]},{"id":7965,"url":"https:\/\/www.24baires.com\/?p=7965","url_meta":{"origin":3291,"position":3},"title":"\u00abEl fuero que busc\u00f3 el Grupo Clar\u00edn no es el competente\u00bb explic\u00f3 Alak","author":"Grupo Sierra","date":"05\/12\/2012","format":false,"excerpt":"El ministro de Justicia afirm\u00f3 que el Estado sufri\u00f3 una denegaci\u00f3n de justicia porque \"la causa que inici\u00f3 el Grupo Clar\u00edn es tomada por un fuero (el Civil y Comercial) que no es competente\". \"El fuero competente es el Contencioso Administrativo, pero el Grupo Clar\u00edn busc\u00f3 este fuero que se\u2026","rel":"","context":"En \u00abMedios\u00bb","block_context":{"text":"Medios","link":"https:\/\/www.24baires.com\/?cat=54"},"img":{"alt_text":"","src":"","width":0,"height":0},"classes":[]},{"id":4110,"url":"https:\/\/www.24baires.com\/?p=4110","url_meta":{"origin":3291,"position":4},"title":"Bocanera reconoci\u00f3 que a Tettamanti lo designaron &#8216;a dedo&#8217;","author":"AF","date":"01\/11\/2012","format":false,"excerpt":"El secretario general del fuero Civil y Comercial ofreci\u00f3 su testimonio ante la Comisi\u00f3n de Disciplina y Acusaci\u00f3n del Consejo de la Magistratura. All\u00ed asegur\u00f3 que al juez, jubilado, Ra\u00fal Tettamanti lo designaron de forma manual. El secretario general del la C\u00e1mara Civil y Comercial Federal, Gustavo Bocanera, quien prest\u00f3\u2026","rel":"","context":"En \u00abMedios\u00bb","block_context":{"text":"Medios","link":"https:\/\/www.24baires.com\/?cat=54"},"img":{"alt_text":"","src":"https:\/\/i0.wp.com\/www.24baires.com\/wp-content\/uploads\/2012\/11\/tettamanti2-300x193.jpg?resize=350%2C200","width":350,"height":200},"classes":[]},{"id":3693,"url":"https:\/\/www.24baires.com\/?p=3693","url_meta":{"origin":3291,"position":5},"title":"El Juez que viaj\u00f3 a Miami invitado por Clar\u00edn tiene 20 d\u00edas para hacer su descargo","author":"AF","date":"29\/10\/2012","format":false,"excerpt":"La comisi\u00f3n de Acusaci\u00f3n y Disciplina estableci\u00f3 que el juez Francisco Horacio de las Carreras, tiene 20 d\u00edas h\u00e1biles para presentar su descargo, en relaci\u00f3n a la denuncia realizada por el Gobierno sobre su participaci\u00f3n en un seminario en Miami invitado por el grupo Clar\u00edn. La comisi\u00f3n pas\u00f3 a un\u2026","rel":"","context":"En \u00abPol\u00edtica\u00bb","block_context":{"text":"Pol\u00edtica","link":"https:\/\/www.24baires.com\/?cat=51"},"img":{"alt_text":"","src":"https:\/\/i0.wp.com\/www.24baires.com\/wp-content\/uploads\/2012\/10\/de-las-carreras-300x179.jpg?resize=350%2C200","width":350,"height":200},"classes":[]}],"jetpack_sharing_enabled":true,"jetpack_likes_enabled":true,"_links":{"self":[{"href":"https:\/\/www.24baires.com\/index.php?rest_route=\/wp\/v2\/posts\/3291","targetHints":{"allow":["GET"]}}],"collection":[{"href":"https:\/\/www.24baires.com\/index.php?rest_route=\/wp\/v2\/posts"}],"about":[{"href":"https:\/\/www.24baires.com\/index.php?rest_route=\/wp\/v2\/types\/post"}],"author":[{"embeddable":true,"href":"https:\/\/www.24baires.com\/index.php?rest_route=\/wp\/v2\/users\/11"}],"replies":[{"embeddable":true,"href":"https:\/\/www.24baires.com\/index.php?rest_route=%2Fwp%2Fv2%2Fcomments&post=3291"}],"version-history":[{"count":3,"href":"https:\/\/www.24baires.com\/index.php?rest_route=\/wp\/v2\/posts\/3291\/revisions"}],"predecessor-version":[{"id":3418,"href":"https:\/\/www.24baires.com\/index.php?rest_route=\/wp\/v2\/posts\/3291\/revisions\/3418"}],"wp:attachment":[{"href":"https:\/\/www.24baires.com\/index.php?rest_route=%2Fwp%2Fv2%2Fmedia&parent=3291"}],"wp:term":[{"taxonomy":"category","embeddable":true,"href":"https:\/\/www.24baires.com\/index.php?rest_route=%2Fwp%2Fv2%2Fcategories&post=3291"},{"taxonomy":"post_tag","embeddable":true,"href":"https:\/\/www.24baires.com\/index.php?rest_route=%2Fwp%2Fv2%2Ftags&post=3291"}],"curies":[{"name":"wp","href":"https:\/\/api.w.org\/{rel}","templated":true}]}}