{"id":32818,"date":"2013-10-01T17:00:52","date_gmt":"2013-10-01T20:00:52","guid":{"rendered":"http:\/\/www.24baires.com\/?p=32818"},"modified":"2013-10-01T18:10:11","modified_gmt":"2013-10-01T21:10:11","slug":"mar-del-plata-la-ciudad-con-mas-desocupacion-la-ciudad-insegura","status":"publish","type":"post","link":"https:\/\/www.24baires.com\/?p=32818","title":{"rendered":"Mar del Plata, la ciudad con m\u00e1s desocupaci\u00f3n, la ciudad insegura"},"content":{"rendered":"<p><img data-recalc-dims=\"1\" loading=\"lazy\" decoding=\"async\" class=\"aligncenter size-full wp-image-32821\" alt=\"colectivos mdp\" src=\"https:\/\/i0.wp.com\/www.24baires.com\/wp-content\/uploads\/2013\/10\/colectivos-mdp.jpg?resize=560%2C345\" width=\"560\" height=\"345\" srcset=\"https:\/\/i0.wp.com\/www.24baires.com\/wp-content\/uploads\/2013\/10\/colectivos-mdp.jpg?w=560&amp;ssl=1 560w, https:\/\/i0.wp.com\/www.24baires.com\/wp-content\/uploads\/2013\/10\/colectivos-mdp.jpg?resize=300%2C184&amp;ssl=1 300w\" sizes=\"auto, (max-width: 560px) 100vw, 560px\" \/>Seg\u00fan informaron fuentes policiales, un chofer de un colectivo de una empresa de Mar del Plata fue herido de una pu\u00f1alada en la espalda por delincuentes que intentaron asaltarlo mientras realizaba su recorrido habitual en la noche del lunes. A ra\u00edz de la \u201cfalta de seguridad\u201d dirigentes gremiales decidieron suspender el servicio, situaci\u00f3n que en la ma\u00f1ana del martes ya se hab\u00eda reestablecido. Esos son los hechos.<!--more--><\/p>\n<p>Los sindicalistas que representan a los choferes de colectivos contin\u00faan evaluando los pasos a seguir, ya que no es la primera vez que estos trabajadores sufren robos violentos y hasta han perdido la vida en ellos.<br \/>\nRecientemente, el intendente del Partido de General Pueyrredon, Gustavo Pulti, como respuesta a la inseguridad que afecta todo el territorio de su gobierno, solicit\u00f3 a la Prefectura que patrulle las calles, as\u00ed como consigui\u00f3 unos 600 polic\u00edas bonaerenses m\u00e1s. En di\u00e1logo con Canal 10, la esposa del colectivero apu\u00f1alado afirm\u00f3 que \u201clos prefectos dijeron que no pod\u00edan hacer nada\u201d, poniendo en boca de todos la pregunta obvia: si ellos no pueden hacer nada, \u00bfpara qu\u00e9 los trajeron a la ciudad?<br \/>\nPero sucesos lamentables como el que sufri\u00f3 este trabajador ponen en relieve una vez m\u00e1s lo que ya se sabe y se trata de emparchar con m\u00e1s uniformados: la realidad de este flagelo no se cambia con m\u00e1s polic\u00eda y m\u00e1s mano dura, sino con pol\u00edticas de inclusi\u00f3n social que ataquen, como primera medida, otro flagelo que aqueja a Mar del Plata: la desocupaci\u00f3n creciente.<br \/>\nQue la ciudad con el \u00edndice m\u00e1s alto de desocupaci\u00f3n del pa\u00eds sea una de las m\u00e1s inseguras, no debe sorprender a nadie, puesto que una situaci\u00f3n es directamente proporcional a la otra y se complementan para protagonizar una problem\u00e1tica que ha crecido exponencialmente en los \u00faltimos a\u00f1os.<br \/>\nLas pol\u00edticas represivas han fracasado en todo el mundo a la hora de intentar evitar hechos delictivos. M\u00e1s polic\u00eda no es m\u00e1s prevenci\u00f3n, cuando cuerpos policiales como La Bonaerense son sindicados como uno de los m\u00e1s corruptos del pa\u00eds, y no decir esto en un an\u00e1lisis de estas caracter\u00edsticas es ser c\u00f3mplice. Pretender que quienes son parte del problema, ya que muchos polic\u00edas son quienes mandan a robar a menores o los matan cuando estos se resisten a cumplir con los encargos, sean la soluci\u00f3n, es de una miop\u00eda pol\u00edtica enfermiza.<br \/>\nPero las pol\u00edticas de inclusi\u00f3n, como la generaci\u00f3n de empleo, la batalla permanente al flagelo del narcotr\u00e1fico enquistado en la ciudad, la ausencia de espacios de contenci\u00f3n para j\u00f3venes y ni\u00f1os, son soluciones seguras pero al mediano y largo plazo. Y parece que el Intendente no est\u00e1 dispuesto a encarar pol\u00edticas p\u00fablicas que no tengan un correlato medi\u00e1tico cortoplacista y menos en temporada electoral. Y eso, como la pu\u00f1alada en la espalda al colectivero, tambi\u00e9n es un hecho.<\/p>\n","protected":false},"excerpt":{"rendered":"<p>Seg\u00fan informaron fuentes policiales, un chofer de un colectivo de una empresa de Mar del Plata fue herido de una pu\u00f1alada en la espalda por delincuentes que intentaron asaltarlo mientras realizaba su recorrido habitual en la noche del lunes. A ra\u00edz de la \u201cfalta de seguridad\u201d dirigentes gremiales decidieron suspender el servicio, situaci\u00f3n que en la ma\u00f1ana del martes ya [&#8230;]<\/p>\n","protected":false},"author":4,"featured_media":0,"comment_status":"open","ping_status":"open","sticky":false,"template":"","format":"standard","meta":{"_jetpack_newsletter_access":"","_jetpack_dont_email_post_to_subs":false,"_jetpack_newsletter_tier_id":0,"_jetpack_memberships_contains_paywalled_content":false,"_jetpack_memberships_contains_paid_content":false,"footnotes":""},"categories":[64],"tags":[],"class_list":["post-32818","post","type-post","status-publish","format-standard","hentry","category-opinion"],"jetpack_featured_media_url":"","jetpack_shortlink":"https:\/\/wp.me\/p2JWE0-8xk","jetpack-related-posts":[{"id":46288,"url":"https:\/\/www.24baires.com\/?p=46288","url_meta":{"origin":32818,"position":0},"title":"Colectiveros de Mar del Plata vuelven a parar a partir de las 21","author":"GB","date":"19\/05\/2014","format":false,"excerpt":"El Secretario General de la UTA de Mar del Plata, Sergio Medina, confirm\u00f3 que por segundo d\u00eda consecutivo habr\u00e1 paro de colectivos en la ciudad. La medida de fuerza comenzar\u00e1 a las 21:00 horas de este lunes y se extender\u00e1 hasta el primer servicio del martes, programado para las 6:00\u2026","rel":"","context":"En \u00abLocales\u00bb","block_context":{"text":"Locales","link":"https:\/\/www.24baires.com\/?cat=38"},"img":{"alt_text":"colectivos mdp","src":"https:\/\/i0.wp.com\/www.24baires.com\/wp-content\/uploads\/2013\/10\/colectivos-mdp.jpg?resize=350%2C200","width":350,"height":200,"srcset":"https:\/\/i0.wp.com\/www.24baires.com\/wp-content\/uploads\/2013\/10\/colectivos-mdp.jpg?resize=350%2C200 1x, https:\/\/i0.wp.com\/www.24baires.com\/wp-content\/uploads\/2013\/10\/colectivos-mdp.jpg?resize=525%2C300 1.5x"},"classes":[]},{"id":32798,"url":"https:\/\/www.24baires.com\/?p=32798","url_meta":{"origin":32818,"position":1},"title":"Inseguridad en Mar del Plata: apu\u00f1alan a un chofer de colectivo para robarle","author":"AF","date":"01\/10\/2013","format":false,"excerpt":"El caso ocurri\u00f3 anoche en Mar del Plata. La v\u00edctima conduc\u00eda un colectivo de la empresa urbana de pasajeros 25 de Mayo y esta ma\u00f1ana permanec\u00eda internado en una cl\u00ednica privada con pron\u00f3stico reservado. El chofer de un colectivo de una empresa de Mar del Plata fue herido de una\u2026","rel":"","context":"En \u00abLocales\u00bb","block_context":{"text":"Locales","link":"https:\/\/www.24baires.com\/?cat=38"},"img":{"alt_text":"","src":"","width":0,"height":0},"classes":[]},{"id":83534,"url":"https:\/\/www.24baires.com\/?p=83534","url_meta":{"origin":32818,"position":2},"title":"Mar del Plata: paro de colectivos desde esta noche por tiempo indeterminado","author":"GB","date":"06\/06\/2016","format":false,"excerpt":"La UTA anunci\u00f3 la medida de fuerza desde las 21, debido a una ola de hechos de inseguridad ocurridos el fin de semana Los choferes de colectivos anunciaron un paro por tiempo indeterminado, debido a una ola de hechos de inseguridad sufridos este fin de semana. La suspensi\u00f3n del servicio\u2026","rel":"","context":"En \u00abLocales\u00bb","block_context":{"text":"Locales","link":"https:\/\/www.24baires.com\/?cat=38"},"img":{"alt_text":"colectivos mdp","src":"https:\/\/i0.wp.com\/www.24baires.com\/wp-content\/uploads\/2013\/10\/colectivos-mdp.jpg?resize=350%2C200","width":350,"height":200,"srcset":"https:\/\/i0.wp.com\/www.24baires.com\/wp-content\/uploads\/2013\/10\/colectivos-mdp.jpg?resize=350%2C200 1x, https:\/\/i0.wp.com\/www.24baires.com\/wp-content\/uploads\/2013\/10\/colectivos-mdp.jpg?resize=525%2C300 1.5x"},"classes":[]},{"id":56493,"url":"https:\/\/www.24baires.com\/?p=56493","url_meta":{"origin":32818,"position":3},"title":"Inseguridad: El concejal Rodr\u00edguez asegur\u00f3 que \u00abla gesti\u00f3n de Pulti ha fracasado\u00bb","author":"GB","date":"03\/11\/2014","format":false,"excerpt":"MAR DEL PLATA-Ante los hechos de inseguridad y violencia, y las muertes que se han registrado y se registran en la ciudad de Mar del Plata, el Concejal Mario Rodr\u00edguez (UCR) afirm\u00f3 \"la gesti\u00f3n del Intendente Pulti ha fracasado. Ya no alcanza con mentirle a los vecinos, es hora de\u2026","rel":"","context":"En \u00abLocales\u00bb","block_context":{"text":"Locales","link":"https:\/\/www.24baires.com\/?cat=38"},"img":{"alt_text":"concejal rodriguez mdp","src":"https:\/\/i0.wp.com\/www.24baires.com\/wp-content\/uploads\/2014\/11\/concejal-rodriguez-mdp-300x225.jpg?resize=350%2C200","width":350,"height":200},"classes":[]},{"id":28193,"url":"https:\/\/www.24baires.com\/?p=28193","url_meta":{"origin":32818,"position":4},"title":"De Narv\u00e1ez volvi\u00f3 a Mar del Plata y pidi\u00f3 un \u00abPlan Integral contra la Inseguridad\u00bb","author":"Grupo Sierra","date":"13\/07\/2013","format":false,"excerpt":"MAR DEL PLATA.- El candidato a diputado por la Provincia del frente Unidos por la Libertad y el Trabajo, Francisco De Narv\u00e1ez, volvi\u00f3 hoy a recorrer la ciudad de Mar del Plata y reclam\u00f3 un \"plan integral contra la inseguridad\". \"Falta decisi\u00f3n pol\u00edtica para resolver el problema de la inseguridad\",\u2026","rel":"","context":"En \u00abPol\u00edtica\u00bb","block_context":{"text":"Pol\u00edtica","link":"https:\/\/www.24baires.com\/?cat=51"},"img":{"alt_text":"denarvaez1","src":"https:\/\/i0.wp.com\/www.24baires.com\/wp-content\/uploads\/2012\/12\/denarvaez1-300x189.jpg?resize=350%2C200","width":350,"height":200},"classes":[]},{"id":110884,"url":"https:\/\/www.24baires.com\/?p=110884","url_meta":{"origin":32818,"position":5},"title":"El desempleo, la principal preocupaci\u00f3n de los marplatenses","author":"GB","date":"21\/06\/2019","format":false,"excerpt":"El dato surge de una encuesta del Observatorio para el Desarrollo Local. En el ranking tambi\u00e9n figuran la inseguridad y la pobreza El desempleo se convirti\u00f3 en la principal preocupaci\u00f3n de los marplatenses, seg\u00fan una encuesta del Observatorio para el Desarrollo Local. No es para menos: Mar del Plata es\u2026","rel":"","context":"En \u00abSociedad\u00bb","block_context":{"text":"Sociedad","link":"https:\/\/www.24baires.com\/?cat=1"},"img":{"alt_text":"","src":"https:\/\/i0.wp.com\/www.24baires.com\/wp-content\/uploads\/2016\/08\/desempleo.jpg?resize=350%2C200","width":350,"height":200,"srcset":"https:\/\/i0.wp.com\/www.24baires.com\/wp-content\/uploads\/2016\/08\/desempleo.jpg?resize=350%2C200 1x, https:\/\/i0.wp.com\/www.24baires.com\/wp-content\/uploads\/2016\/08\/desempleo.jpg?resize=525%2C300 1.5x"},"classes":[]}],"jetpack_sharing_enabled":true,"jetpack_likes_enabled":true,"_links":{"self":[{"href":"https:\/\/www.24baires.com\/index.php?rest_route=\/wp\/v2\/posts\/32818","targetHints":{"allow":["GET"]}}],"collection":[{"href":"https:\/\/www.24baires.com\/index.php?rest_route=\/wp\/v2\/posts"}],"about":[{"href":"https:\/\/www.24baires.com\/index.php?rest_route=\/wp\/v2\/types\/post"}],"author":[{"embeddable":true,"href":"https:\/\/www.24baires.com\/index.php?rest_route=\/wp\/v2\/users\/4"}],"replies":[{"embeddable":true,"href":"https:\/\/www.24baires.com\/index.php?rest_route=%2Fwp%2Fv2%2Fcomments&post=32818"}],"version-history":[{"count":3,"href":"https:\/\/www.24baires.com\/index.php?rest_route=\/wp\/v2\/posts\/32818\/revisions"}],"predecessor-version":[{"id":32827,"href":"https:\/\/www.24baires.com\/index.php?rest_route=\/wp\/v2\/posts\/32818\/revisions\/32827"}],"wp:attachment":[{"href":"https:\/\/www.24baires.com\/index.php?rest_route=%2Fwp%2Fv2%2Fmedia&parent=32818"}],"wp:term":[{"taxonomy":"category","embeddable":true,"href":"https:\/\/www.24baires.com\/index.php?rest_route=%2Fwp%2Fv2%2Fcategories&post=32818"},{"taxonomy":"post_tag","embeddable":true,"href":"https:\/\/www.24baires.com\/index.php?rest_route=%2Fwp%2Fv2%2Ftags&post=32818"}],"curies":[{"name":"wp","href":"https:\/\/api.w.org\/{rel}","templated":true}]}}