{"id":32719,"date":"2013-09-29T19:45:10","date_gmt":"2013-09-29T22:45:10","guid":{"rendered":"http:\/\/www.24baires.com\/?p=32719"},"modified":"2013-09-29T19:41:22","modified_gmt":"2013-09-29T22:41:22","slug":"como-preparar-un-exquisito-chivito-a-la-parrilla","status":"publish","type":"post","link":"https:\/\/www.24baires.com\/?p=32719","title":{"rendered":"\u00bfC\u00f3mo preparar un exquisito chivito a la parrilla?"},"content":{"rendered":"<p style=\"text-align: left;\"><img data-recalc-dims=\"1\" loading=\"lazy\" decoding=\"async\" class=\"aligncenter  wp-image-32720\" alt=\"chivitoalaparrilla\" src=\"https:\/\/i0.wp.com\/www.24baires.com\/wp-content\/uploads\/2013\/09\/chivitoalaparrilla.jpg?resize=560%2C375\" width=\"560\" height=\"375\" \/>En esta ocasi\u00f3n en particular mostraremos a todos los amantes de la carne asada c\u00f3mo elaborar un exquisito chivito. Con este t\u00e9rmino nos referimos al plato t\u00edpico del noroeste argentino, una clase de asado que se basa en sabrosa carne caprina. Es importante establecer una diferencia entre el denominado \u201cchivito uruguayo\u201d, que en Argentina es realmente similar al s\u00e1ndwich de \u201clomito\u201d.<!--more--><\/p>\n<p>Es apropiado mencionar algunas recomendaciones para que todo sea perfecto. En primer lugar, es preferible un animal de entre diez y doce kilos, sin dejar de lado el hecho de que su ri\u00f1\u00f3n debe estar recubierto de grasa. Esto sirve para dar cuenta de que est\u00e1 en \u00f3ptimas condiciones. Tambi\u00e9n aconsejamos untar el chivo en manteca mientras se cocina, o bien rociarlo con una preparaci\u00f3n compuesta por agua, lim\u00f3n y aceite. El vinagre, por su parte, no es bueno porque seca la carne.<\/p>\n<p>Adem\u00e1s de todo esto, cabe se\u00f1alar que el tiempo de cocci\u00f3n puede variar entre dos y cuatro horas dependiendo de ciertas condiciones clim\u00e1ticas. Por \u00faltimo, no podemos dejar de se\u00f1alar que el chivo s\u00f3lo se da vuelta una vez, durante los \u00faltimos veinte minutos de cocci\u00f3n.<\/p>\n<p>Preparaci\u00f3n:<\/p>\n<p>Disponer el chivito abierto sobre la parrilla, con el lado interno mirando hacia abajo. Es importante que las brasas sean suaves y se concentren sobre las costillas y en mayores cantidades en los cuartos.<\/p>\n<p>Pintar la carne con el adobo, el cual se debe elaborar mezclando el jugo de lim\u00f3n con el romero, el estrag\u00f3n, el laurel, el ajo, el perejil, la sal y la pimienta. Dejar reposar alrededor de sesenta minutos, sin dejar de vigilar el fuego. Cuando est\u00e9 dorado por dentro, dar vuetla y rociarlo m\u00e1s seguido hasta que se termine de cocinar. Servir cuando quede completamente dorado, tierno y jugoso.<\/p>\n<p>Se puede acompa\u00f1ar con una deliciosa de hojas verdes y tomates cherry. Y, por supuesto, con un buen vino tinto.<\/p>\n<p>&nbsp;<\/p>\n<p>&nbsp;<\/p>\n<p>&nbsp;<\/p>\n<p>&nbsp;<\/p>\n<p>&nbsp;<\/p>\n<p>&nbsp;<\/p>\n<p>&nbsp;<\/p>\n<p>&nbsp;<\/p>\n<p>&nbsp;<\/p>\n<p>&nbsp;<\/p>\n<p>&nbsp;<\/p>\n<p>&nbsp;<\/p>\n<p>&nbsp;<\/p>\n<p>&nbsp;<\/p>\n<p>&nbsp;<\/p>\n<p>&nbsp;<\/p>\n<p>&nbsp;<\/p>\n<p>&nbsp;<\/p>\n<p>&nbsp;<\/p>\n<p>&nbsp;<\/p>\n<p>&nbsp;<\/p>\n<p>&nbsp;<\/p>\n<p>&nbsp;<\/p>\n","protected":false},"excerpt":{"rendered":"<p>En esta ocasi\u00f3n en particular mostraremos a todos los amantes de la carne asada c\u00f3mo elaborar un exquisito chivito. Con este t\u00e9rmino nos referimos al plato t\u00edpico del noroeste argentino, una clase de asado que se basa en sabrosa carne caprina. Es importante establecer una diferencia entre el denominado \u201cchivito uruguayo\u201d, que en Argentina es realmente similar al s\u00e1ndwich de [&#8230;]<\/p>\n","protected":false},"author":8,"featured_media":0,"comment_status":"open","ping_status":"open","sticky":false,"template":"","format":"standard","meta":{"_jetpack_newsletter_access":"","_jetpack_dont_email_post_to_subs":false,"_jetpack_newsletter_tier_id":0,"_jetpack_memberships_contains_paywalled_content":false,"_jetpack_memberships_contains_paid_content":false,"footnotes":""},"categories":[52],"tags":[],"class_list":["post-32719","post","type-post","status-publish","format-standard","hentry","category-cocina-vinos"],"jetpack_featured_media_url":"","jetpack_shortlink":"https:\/\/wp.me\/p2JWE0-8vJ","jetpack-related-posts":[{"id":17323,"url":"https:\/\/www.24baires.com\/?p=17323","url_meta":{"origin":32719,"position":0},"title":"Un chacarero invent\u00f3 un \u00abasador con volante\u00bb","author":"Grupo Sierra","date":"03\/03\/2013","format":false,"excerpt":"Un curioso artefacto de hierro denominado \"asador con volante\" fue dise\u00f1ado y construido por un chacarero cordob\u00e9s para cocinar carne a las llamas como alternativa a la parrilla y las brasas. El curioso invento, que hasta tiene incorporado un sistema lum\u00ednico, ya despert\u00f3 el inter\u00e9s de cultores de la carne\u2026","rel":"","context":"En \u00abCocina &amp; Vinos\u00bb","block_context":{"text":"Cocina &amp; Vinos","link":"https:\/\/www.24baires.com\/?cat=52"},"img":{"alt_text":"ASADORVOLANTE1_80331","src":"https:\/\/i0.wp.com\/www.24baires.com\/wp-content\/uploads\/2013\/03\/ASADORVOLANTE1_80331.jpg?resize=350%2C200","width":350,"height":200,"srcset":"https:\/\/i0.wp.com\/www.24baires.com\/wp-content\/uploads\/2013\/03\/ASADORVOLANTE1_80331.jpg?resize=350%2C200 1x, https:\/\/i0.wp.com\/www.24baires.com\/wp-content\/uploads\/2013\/03\/ASADORVOLANTE1_80331.jpg?resize=525%2C300 1.5x"},"classes":[]},{"id":12346,"url":"https:\/\/www.24baires.com\/?p=12346","url_meta":{"origin":32719,"position":1},"title":"Resolviendo grandes misterios de la humanidad: c\u00f3mo calcular el asado","author":"AF","date":"15\/01\/2013","format":false,"excerpt":"Cuando en la reuni\u00f3n son pocos comensales, el encargado de las compras no tiene mayores inconvenientes. Las dudas llegan cuando al asado se suma mucha gente. \u201c\u00bfCu\u00e1nta carne? \u00bfCompro chorizos? \u00bfSi compro vac\u00edo, cu\u00e1nto pongo de asado? \u00bfViene el gordo Roberto? Seguro hay algunos pollerudos que vienen con las novias,\u2026","rel":"","context":"En \u00abCocina &amp; Vinos\u00bb","block_context":{"text":"Cocina &amp; Vinos","link":"https:\/\/www.24baires.com\/?cat=52"},"img":{"alt_text":"asado2","src":"https:\/\/i0.wp.com\/www.24baires.com\/wp-content\/uploads\/2013\/01\/asado2.jpg?resize=350%2C200","width":350,"height":200,"srcset":"https:\/\/i0.wp.com\/www.24baires.com\/wp-content\/uploads\/2013\/01\/asado2.jpg?resize=350%2C200 1x, https:\/\/i0.wp.com\/www.24baires.com\/wp-content\/uploads\/2013\/01\/asado2.jpg?resize=525%2C300 1.5x"},"classes":[]},{"id":67643,"url":"https:\/\/www.24baires.com\/?p=67643","url_meta":{"origin":32719,"position":2},"title":"De no creer: Argentina, en el \u00faltimo lugar del Mundial del Asado","author":"GB","date":"16\/06\/2015","format":false,"excerpt":"Argentina volvi\u00f3 a perder un Mundial del Asado y, este a\u00f1o, directamente qued\u00f3 \u00faltima ya que el grupo Fuegos de Oktubre se neg\u00f3 a seguir ciertos requisitos de la competencia. El pa\u00eds qued\u00f3 en el puesto 53 de 53. Sin embargo, los argentinos no cayeron a ese lugar porque no\u2026","rel":"","context":"En \u00abCocina &amp; Vinos\u00bb","block_context":{"text":"Cocina &amp; Vinos","link":"https:\/\/www.24baires.com\/?cat=52"},"img":{"alt_text":"asado","src":"https:\/\/i0.wp.com\/www.24baires.com\/wp-content\/uploads\/2012\/12\/asado.jpg?resize=350%2C200","width":350,"height":200,"srcset":"https:\/\/i0.wp.com\/www.24baires.com\/wp-content\/uploads\/2012\/12\/asado.jpg?resize=350%2C200 1x, https:\/\/i0.wp.com\/www.24baires.com\/wp-content\/uploads\/2012\/12\/asado.jpg?resize=525%2C300 1.5x"},"classes":[]},{"id":116845,"url":"https:\/\/www.24baires.com\/?p=116845","url_meta":{"origin":32719,"position":3},"title":"El gobierno cerr\u00f3 acuerdos con los frigor\u00edficos para bajar el precio de algunos cortes de carne","author":"GB","date":"09\/12\/2020","format":false,"excerpt":"La medida ser\u00e1 anunciada este mi\u00e9rcoles, y busca mitigar el fuerte aumento que sufri\u00f3 la carne en el \u00faltimo a\u00f1o. Todav\u00eda no hubo precisiones sobre los precios a los que se ofrecer\u00e1n el asado, el vac\u00edo y el matambre. Este mi\u00e9rcoles el gobierno nacional anunciar\u00e1 un acuerdo con el Consorcio\u2026","rel":"","context":"En \u00abConsumidores\u00bb","block_context":{"text":"Consumidores","link":"https:\/\/www.24baires.com\/?cat=78"},"img":{"alt_text":"","src":"https:\/\/i0.wp.com\/www.24baires.com\/wp-content\/uploads\/2016\/07\/carne.jpg?resize=350%2C200","width":350,"height":200,"srcset":"https:\/\/i0.wp.com\/www.24baires.com\/wp-content\/uploads\/2016\/07\/carne.jpg?resize=350%2C200 1x, https:\/\/i0.wp.com\/www.24baires.com\/wp-content\/uploads\/2016\/07\/carne.jpg?resize=525%2C300 1.5x"},"classes":[]},{"id":63827,"url":"https:\/\/www.24baires.com\/?p=63827","url_meta":{"origin":32719,"position":4},"title":"Conoc\u00e9 al equipo argentino que quiere ir al Mundial de Asado","author":"GB","date":"02\/04\/2015","format":false,"excerpt":"A\u00fan no tienen el dinero para viajar, pero quieren participar tras el fracaso de los representantes argentinos en 2013. Son 2 hombres y 5 mujeres, una de ellas es vegetariana. Se trata nada m\u00e1s y nada menos que de \"Fuegos de Oktubre\" (nombre con clara reminiscencia ricotera), un grupo de\u2026","rel":"","context":"En \u00abCocina &amp; Vinos\u00bb","block_context":{"text":"Cocina &amp; Vinos","link":"https:\/\/www.24baires.com\/?cat=52"},"img":{"alt_text":"asado","src":"https:\/\/i0.wp.com\/www.24baires.com\/wp-content\/uploads\/2012\/12\/asado.jpg?resize=350%2C200","width":350,"height":200,"srcset":"https:\/\/i0.wp.com\/www.24baires.com\/wp-content\/uploads\/2012\/12\/asado.jpg?resize=350%2C200 1x, https:\/\/i0.wp.com\/www.24baires.com\/wp-content\/uploads\/2012\/12\/asado.jpg?resize=525%2C300 1.5x"},"classes":[]},{"id":117541,"url":"https:\/\/www.24baires.com\/?p=117541","url_meta":{"origin":32719,"position":5},"title":"El Gobierno anuncia un acuerdo para vender el kilo de asado a $359","author":"AF","date":"07\/05\/2021","format":false,"excerpt":"Va a estar disponible todos los d\u00edas, de lunes a viernes, en supermercacos. Mantiene los precios fijados en enero para la carne y el asado baja de $399 a $359. El ministro de Desarrollo Productivo, Mat\u00edas Kulfas, anunci\u00f3 este viernes que el pr\u00f3ximo martes entrar\u00e1 en vigencia el nuevo acuerdo\u2026","rel":"","context":"En \u00abSociedad\u00bb","block_context":{"text":"Sociedad","link":"https:\/\/www.24baires.com\/?cat=1"},"img":{"alt_text":"","src":"https:\/\/i0.wp.com\/www.24baires.com\/wp-content\/uploads\/2016\/07\/carne.jpg?resize=350%2C200","width":350,"height":200,"srcset":"https:\/\/i0.wp.com\/www.24baires.com\/wp-content\/uploads\/2016\/07\/carne.jpg?resize=350%2C200 1x, https:\/\/i0.wp.com\/www.24baires.com\/wp-content\/uploads\/2016\/07\/carne.jpg?resize=525%2C300 1.5x"},"classes":[]}],"jetpack_sharing_enabled":true,"jetpack_likes_enabled":true,"_links":{"self":[{"href":"https:\/\/www.24baires.com\/index.php?rest_route=\/wp\/v2\/posts\/32719","targetHints":{"allow":["GET"]}}],"collection":[{"href":"https:\/\/www.24baires.com\/index.php?rest_route=\/wp\/v2\/posts"}],"about":[{"href":"https:\/\/www.24baires.com\/index.php?rest_route=\/wp\/v2\/types\/post"}],"author":[{"embeddable":true,"href":"https:\/\/www.24baires.com\/index.php?rest_route=\/wp\/v2\/users\/8"}],"replies":[{"embeddable":true,"href":"https:\/\/www.24baires.com\/index.php?rest_route=%2Fwp%2Fv2%2Fcomments&post=32719"}],"version-history":[{"count":1,"href":"https:\/\/www.24baires.com\/index.php?rest_route=\/wp\/v2\/posts\/32719\/revisions"}],"predecessor-version":[{"id":32721,"href":"https:\/\/www.24baires.com\/index.php?rest_route=\/wp\/v2\/posts\/32719\/revisions\/32721"}],"wp:attachment":[{"href":"https:\/\/www.24baires.com\/index.php?rest_route=%2Fwp%2Fv2%2Fmedia&parent=32719"}],"wp:term":[{"taxonomy":"category","embeddable":true,"href":"https:\/\/www.24baires.com\/index.php?rest_route=%2Fwp%2Fv2%2Fcategories&post=32719"},{"taxonomy":"post_tag","embeddable":true,"href":"https:\/\/www.24baires.com\/index.php?rest_route=%2Fwp%2Fv2%2Ftags&post=32719"}],"curies":[{"name":"wp","href":"https:\/\/api.w.org\/{rel}","templated":true}]}}