{"id":32649,"date":"2013-09-29T01:14:49","date_gmt":"2013-09-29T04:14:49","guid":{"rendered":"http:\/\/www.24baires.com\/?p=32649"},"modified":"2013-09-29T01:14:49","modified_gmt":"2013-09-29T04:14:49","slug":"macri-sin-subtitulos","status":"publish","type":"post","link":"https:\/\/www.24baires.com\/?p=32649","title":{"rendered":"Macri sin subt\u00edtulos"},"content":{"rendered":"<p><img data-recalc-dims=\"1\" loading=\"lazy\" decoding=\"async\" class=\"aligncenter size-full wp-image-32651\" alt=\"macri subtitulos\" src=\"https:\/\/i0.wp.com\/www.24baires.com\/wp-content\/uploads\/2013\/09\/macri-subtitulos.jpg?resize=560%2C352\" width=\"560\" height=\"352\" srcset=\"https:\/\/i0.wp.com\/www.24baires.com\/wp-content\/uploads\/2013\/09\/macri-subtitulos.jpg?w=560&amp;ssl=1 560w, https:\/\/i0.wp.com\/www.24baires.com\/wp-content\/uploads\/2013\/09\/macri-subtitulos.jpg?resize=300%2C188&amp;ssl=1 300w\" sizes=\"auto, (max-width: 560px) 100vw, 560px\" \/><\/p>\n<p>Para Mauricio Macri, la Presidenta Cristina Fern\u00e1ndez de Kirchner conduce el gobierno \u201cM\u00e1s autoritario de los \u00faltimos 50 a\u00f1os.\u201d As\u00ed lo dijo, sin anestesia, durante la inauguraci\u00f3n de dos nuevas estaciones de la l\u00ednea A de subte frente a las c\u00e1maras de la se\u00f1al de noticias amiga (de Macri) TN.<!--more--><\/p>\n<p>Y nos damos cuenta de la desesperaci\u00f3n de un pol\u00edtico que ve sus aspiraciones a ocupar cargos de m\u00e1s poder y envergadura diluirse en un presente que no prospera y en un futuro que, aunque lo debe haber imaginado cien veces, nunca llegar\u00e1. Y esa es la paup\u00e9rrima herramienta que se le ocurre a \u00e9l o a sus costosos asesores para posicionarse un poco en unas elecciones legislativas que lo tienen de espectador y no de candidato.<\/p>\n<p>Logra alg\u00fan revuelo, porque nadie puede evitar notar el desprecio de Macri a 30,000 desaparecidos, a Abuelas, Madres, Hijos y Nietos, a los que m\u00e1s de 400 j\u00f3venes que aun no recuperaron su identidad. A las profundas cicatrices que aun hoy sufrimos por la econom\u00eda de la dictadura, esa que Macri no cree tan autoritaria como Cristina. En fin, como tanto \u00e9l como su familia se beneficiaron en los a\u00f1os m\u00e1s oscuros de nuestra historia, no ser\u00eda tan extra\u00f1o que el neoliberal supremo que es, a\u00f1ore aquellos tiempos de sangre para unos y buena rentabilidad para otros.<\/p>\n<p>Luego, enredado con sus propios dichos, se desdijo afirmando que se refer\u00eda \u201cal m\u00e1s autoritario de los gobiernos democr\u00e1ticos\u201d. Pero que mal hace las cuentas Mauricio, porque en los \u00faltimos 50 a\u00f1os, s\u00f3lo los \u00faltimos 30 han transcurrido en democracia ininterrumpida. Los otros 20, bueno, fueron un poquito diferentes, a saber: Juan Carlos Ongan\u00eda (1966-70), Marcelo Levingston (1970-71), Agust\u00edn Lanusse (1971\/73), Jorge Rafael Videla (1976\/81), Roberto Viola (1981), Leopoldo Galtieri (1981\/82) y Reynaldo Bignone (1982\/83), todas ellas dictaduras.<\/p>\n<p>Que olvidos, los de Macri, que mal que hace las cuentas, y eso que son sumas realmente f\u00e1ciles. Luego, al desdecirse, intent\u00f3 la broma burda, porque no le alcanz\u00f3 para iron\u00eda: \u201c\u00bfQu\u00e9 voy a hacer, poner subt\u00edtulos?\u201d. M\u00e1s de un asesor del Intendente porte\u00f1o debe haber barajado esa posibilidad en m\u00e1s de una ocasi\u00f3n, porque se le entiende mejor cuando chapucea las letras de Queen en un ingl\u00e9s descompuesto que cuando opina pol\u00edticamente, y esa s\u00ed es una iron\u00eda, porque hasta se ha tragado bigotes falsos intentando la sublime m\u00fasica de la banda brit\u00e1nica, corrompiendo hasta los silencios al final de las canciones.<\/p>\n<p>No es la primera ni \u00faltima vez que Macri opta por la descalificaci\u00f3n para con la Jefa de Estado en un intento vano de colocarse a su nivel y confrontar con ella en la prensa, buscando un protagonismo que ya heredaron otros, junto con el apoyo y sost\u00e9n econ\u00f3mico y medi\u00e1tico del que gozaba anta\u00f1o y que hoy disfrutan otros candidatos. Pero, aunque barbaridades, con esos dichos, no alcanza para colocarse en escena otra vez, s\u00f3lo remarca la ideolog\u00eda que siempre ha tenido el fracasado imitador del gran Freddie Mercury.<\/p>\n<p>&nbsp;<\/p>\n<p>&nbsp;<\/p>\n","protected":false},"excerpt":{"rendered":"<p>Para Mauricio Macri, la Presidenta Cristina Fern\u00e1ndez de Kirchner conduce el gobierno \u201cM\u00e1s autoritario de los \u00faltimos 50 a\u00f1os.\u201d As\u00ed lo dijo, sin anestesia, durante la inauguraci\u00f3n de dos nuevas estaciones de la l\u00ednea A de subte frente a las c\u00e1maras de la se\u00f1al de noticias amiga (de Macri) TN.<\/p>\n","protected":false},"author":11,"featured_media":0,"comment_status":"open","ping_status":"open","sticky":false,"template":"","format":"standard","meta":{"_jetpack_newsletter_access":"","_jetpack_dont_email_post_to_subs":false,"_jetpack_newsletter_tier_id":0,"_jetpack_memberships_contains_paywalled_content":false,"_jetpack_memberships_contains_paid_content":false,"footnotes":""},"categories":[64],"tags":[],"class_list":["post-32649","post","type-post","status-publish","format-standard","hentry","category-opinion"],"jetpack_featured_media_url":"","jetpack_shortlink":"https:\/\/wp.me\/p2JWE0-8uB","jetpack-related-posts":[{"id":112828,"url":"https:\/\/www.24baires.com\/?p=112828","url_meta":{"origin":32649,"position":0},"title":"Escrutinio definitivo: el Frente de Todos estir\u00f3 su ventaja sobre Juntos por el Cambio","author":"AF","date":"01\/11\/2019","format":false,"excerpt":"La dupla Fern\u00e1ndez-Fern\u00e1ndez obtuvo 74.097 votos m\u00e1s, mientras que la f\u00f3rmula Macri-Pichetto tuvo una ca\u00edda de 0,10 por ciento. los apoderados del FdT ampliaron su denuncia sobre irregularidades en el conteo realizado en siete consulados. Ya hay datos del escrutinio definitivo. Por ahora corresponden a las provincias de Santa Fe,\u2026","rel":"","context":"En \u00abELECCIONES 2019\u00bb","block_context":{"text":"ELECCIONES 2019","link":"https:\/\/www.24baires.com\/?cat=329"},"img":{"alt_text":"","src":"https:\/\/i0.wp.com\/www.24baires.com\/wp-content\/uploads\/2019\/11\/escrutinio-20foto-20na.jpg?resize=350%2C200","width":350,"height":200,"srcset":"https:\/\/i0.wp.com\/www.24baires.com\/wp-content\/uploads\/2019\/11\/escrutinio-20foto-20na.jpg?resize=350%2C200 1x, https:\/\/i0.wp.com\/www.24baires.com\/wp-content\/uploads\/2019\/11\/escrutinio-20foto-20na.jpg?resize=525%2C300 1.5x"},"classes":[]},{"id":111708,"url":"https:\/\/www.24baires.com\/?p=111708","url_meta":{"origin":32649,"position":1},"title":"\u00abLo \u00fanico que produjo Macri en 4 a\u00f1os fue mayor pobreza\u00bb","author":"AF","date":"20\/08\/2019","format":false,"excerpt":"El candidato a presidente por el Frente de Todos fue entrevistado por Oscar Gonz\u00e1lez Oro en el programa \"Negro y Regreso\". Asegur\u00f3 que Mauricio Macri, para bajar la inflaci\u00f3n, \"us\u00f3 un mecanismo perverso\". El candidato a presidente por el Frente de Todos, Alberto Fern\u00e1ndez, asegur\u00f3 este martes que est\u00e1 dispuesto\u2026","rel":"","context":"En \u00abPol\u00edtica\u00bb","block_context":{"text":"Pol\u00edtica","link":"https:\/\/www.24baires.com\/?cat=51"},"img":{"alt_text":"","src":"https:\/\/i0.wp.com\/www.24baires.com\/wp-content\/uploads\/2019\/08\/oro-alberto.jpg?resize=350%2C200","width":350,"height":200,"srcset":"https:\/\/i0.wp.com\/www.24baires.com\/wp-content\/uploads\/2019\/08\/oro-alberto.jpg?resize=350%2C200 1x, https:\/\/i0.wp.com\/www.24baires.com\/wp-content\/uploads\/2019\/08\/oro-alberto.jpg?resize=525%2C300 1.5x"},"classes":[]},{"id":112524,"url":"https:\/\/www.24baires.com\/?p=112524","url_meta":{"origin":32649,"position":2},"title":"Macri: \u00abSi la elecci\u00f3n la gan\u00e1bamos nosotros el d\u00f3lar segu\u00eda a $45\u00bb","author":"AF","date":"16\/10\/2019","format":false,"excerpt":"Tal como hizo el lunes despu\u00e9s de las PASO, el presidente Mauricio Macri responsabiliz\u00f3 a los votantes por la disparada del d\u00f3lar. La responsabilidad siempre est\u00e1 afuera. Tal parece ser el mantra que gu\u00eda todas y cada una de las explicaciones del presidente Mauricio Macri sobre el fracaso a nivel\u2026","rel":"","context":"En \u00abSociedad\u00bb","block_context":{"text":"Sociedad","link":"https:\/\/www.24baires.com\/?cat=1"},"img":{"alt_text":"","src":"https:\/\/i0.wp.com\/www.24baires.com\/wp-content\/uploads\/2019\/08\/macri.png?resize=350%2C200","width":350,"height":200,"srcset":"https:\/\/i0.wp.com\/www.24baires.com\/wp-content\/uploads\/2019\/08\/macri.png?resize=350%2C200 1x, https:\/\/i0.wp.com\/www.24baires.com\/wp-content\/uploads\/2019\/08\/macri.png?resize=525%2C300 1.5x"},"classes":[]},{"id":111177,"url":"https:\/\/www.24baires.com\/?p=111177","url_meta":{"origin":32649,"position":3},"title":"Desde la UTA sostuvieron que \u201cMacri los defraud\u00f3\u201d","author":"GB","date":"15\/07\/2019","format":false,"excerpt":"El secretario general de Uni\u00f3n Tranviarios Automotor, Roberto Fern\u00e1ndez, destroz\u00f3 al presidente Mauricio Macri y se refiri\u00f3 al respaldo que cada sindicato realizar\u00e1 a las fuerzas que se postulan en las elecciones presidenciales. \u201cMi coraz\u00f3n siempre va a estar con el Justicialismo pero necesitamos un proyecto serio\u201d, remarc\u00f3. En dialogo\u2026","rel":"","context":"En \u00abPol\u00edtica\u00bb","block_context":{"text":"Pol\u00edtica","link":"https:\/\/www.24baires.com\/?cat=51"},"img":{"alt_text":"","src":"https:\/\/i0.wp.com\/www.24baires.com\/wp-content\/uploads\/2019\/07\/uta.jpg?resize=350%2C200","width":350,"height":200,"srcset":"https:\/\/i0.wp.com\/www.24baires.com\/wp-content\/uploads\/2019\/07\/uta.jpg?resize=350%2C200 1x, https:\/\/i0.wp.com\/www.24baires.com\/wp-content\/uploads\/2019\/07\/uta.jpg?resize=525%2C300 1.5x"},"classes":[]},{"id":106376,"url":"https:\/\/www.24baires.com\/?p=106376","url_meta":{"origin":32649,"position":4},"title":"\u00abAcompa\u00f1amos los esfuerzos de Macri para levantar la econom\u00eda argentina\u00bb","author":"GB","date":"16\/01\/2019","format":false,"excerpt":"Jair Bolsonaro y Mauricio Macri dieron una conferencia de prensa en conjunto y destacaron la nueva relaci\u00f3n entre Brasil y la Argentina, al tiempo que el flamante presidente de Brasil mostr\u00f3 su apoyo a \"los esfuerzos\" de Macri para intregar la econom\u00eda argentina al mundo. El mandatario argentino remarc\u00f3 \"el\u2026","rel":"","context":"En \u00abPol\u00edtica\u00bb","block_context":{"text":"Pol\u00edtica","link":"https:\/\/www.24baires.com\/?cat=51"},"img":{"alt_text":"","src":"https:\/\/i0.wp.com\/www.24baires.com\/wp-content\/uploads\/2019\/01\/macri-bolsonaro.jpg?resize=350%2C200","width":350,"height":200,"srcset":"https:\/\/i0.wp.com\/www.24baires.com\/wp-content\/uploads\/2019\/01\/macri-bolsonaro.jpg?resize=350%2C200 1x, https:\/\/i0.wp.com\/www.24baires.com\/wp-content\/uploads\/2019\/01\/macri-bolsonaro.jpg?resize=525%2C300 1.5x"},"classes":[]},{"id":112868,"url":"https:\/\/www.24baires.com\/?p=112868","url_meta":{"origin":32649,"position":5},"title":"Tras el escrutinio definitivo, el Frente de Todos ratific\u00f3 sus 8 puntos de ventaja sobre Juntos por el Cambio","author":"AF","date":"05\/11\/2019","format":false,"excerpt":"Se ratific\u00f3 la ventaja de 8 puntos de Fern\u00e1ndez sobre Macri y las diferencias en los resultados con respecto al escrutinio provisorio fueron menores. La C\u00e1mara Nacional Electoral (CNE) dio por finalizado el escrutinio definitivo de las elecciones presidenciales en los 24 distritos electorales (todav\u00eda faltan computar el voto en\u2026","rel":"","context":"En \u00abPol\u00edtica\u00bb","block_context":{"text":"Pol\u00edtica","link":"https:\/\/www.24baires.com\/?cat=51"},"img":{"alt_text":"","src":"https:\/\/i0.wp.com\/www.24baires.com\/wp-content\/uploads\/2017\/08\/escruinio-definitivo.jpg?resize=350%2C200","width":350,"height":200,"srcset":"https:\/\/i0.wp.com\/www.24baires.com\/wp-content\/uploads\/2017\/08\/escruinio-definitivo.jpg?resize=350%2C200 1x, https:\/\/i0.wp.com\/www.24baires.com\/wp-content\/uploads\/2017\/08\/escruinio-definitivo.jpg?resize=525%2C300 1.5x"},"classes":[]}],"jetpack_sharing_enabled":true,"jetpack_likes_enabled":true,"_links":{"self":[{"href":"https:\/\/www.24baires.com\/index.php?rest_route=\/wp\/v2\/posts\/32649","targetHints":{"allow":["GET"]}}],"collection":[{"href":"https:\/\/www.24baires.com\/index.php?rest_route=\/wp\/v2\/posts"}],"about":[{"href":"https:\/\/www.24baires.com\/index.php?rest_route=\/wp\/v2\/types\/post"}],"author":[{"embeddable":true,"href":"https:\/\/www.24baires.com\/index.php?rest_route=\/wp\/v2\/users\/11"}],"replies":[{"embeddable":true,"href":"https:\/\/www.24baires.com\/index.php?rest_route=%2Fwp%2Fv2%2Fcomments&post=32649"}],"version-history":[{"count":2,"href":"https:\/\/www.24baires.com\/index.php?rest_route=\/wp\/v2\/posts\/32649\/revisions"}],"predecessor-version":[{"id":32652,"href":"https:\/\/www.24baires.com\/index.php?rest_route=\/wp\/v2\/posts\/32649\/revisions\/32652"}],"wp:attachment":[{"href":"https:\/\/www.24baires.com\/index.php?rest_route=%2Fwp%2Fv2%2Fmedia&parent=32649"}],"wp:term":[{"taxonomy":"category","embeddable":true,"href":"https:\/\/www.24baires.com\/index.php?rest_route=%2Fwp%2Fv2%2Fcategories&post=32649"},{"taxonomy":"post_tag","embeddable":true,"href":"https:\/\/www.24baires.com\/index.php?rest_route=%2Fwp%2Fv2%2Ftags&post=32649"}],"curies":[{"name":"wp","href":"https:\/\/api.w.org\/{rel}","templated":true}]}}