{"id":3261,"date":"2012-10-25T21:39:16","date_gmt":"2012-10-26T00:39:16","guid":{"rendered":"http:\/\/www.24baires.com\/?p=3261"},"modified":"2012-10-26T22:13:10","modified_gmt":"2012-10-27T01:13:10","slug":"represion-y-violencia-en-las-puertas-de-la-municipalidad-en-mar-del-plata","status":"publish","type":"post","link":"https:\/\/www.24baires.com\/?p=3261","title":{"rendered":"Represi\u00f3n y violencia en las puertas de la Municipalidad en Mar del Plata"},"content":{"rendered":"<p>Cuando se estaba por tratar y aprobar el boleto estudiantil gratuito en el Concejo Deliberante, los manifestantes que aguardaban en la calle quisieron entrar a la Comuna y la Polic\u00eda les impidi\u00f3 el paso. Hubo golpes de pu\u00f1o, palazos, piedrazos y represi\u00f3n. Algunos j\u00f3venes estudiantes y de partidos de izquierda terminaron con heridas de balas de goma. Posteriormente, cuando se llevaban detenida a una persona, agredieron a algunos uniformados y rompieron los vidrios del patrullero.<!--more--><br \/>\nUna feroz ma\u00f1ana de violencia se vivi\u00f3 este jueves en las puertas de la Municipalidad de General Pueyrredon. Mientras se aguardaba la aprobaci\u00f3n del boleto estudiantil gratuito, manifestantes de partidos de izquierda, como tambi\u00e9n estudiantes, intentaron ingresar a la Comuna por la fuerza y fueron reprimidos por la polic\u00eda.<\/p>\n<p>De todos los presentes, no m\u00e1s de 30 protestantes agredieron con piedras, golpes de pu\u00f1o y palazos a los uniformados depositados en la puerta principal, ubicada sobre Hip\u00f3lito Yrigoyen, quienes contestaron con balas de goma. De ese primer enfrentamiento, un polic\u00eda termin\u00f3 salvajemente atacado, con sangre en su rostro. Algunos j\u00f3venes, entre ellos un docente, terminaron con heridas en su cuerpo.<\/p>\n<p>Pero la historia no qued\u00f3 ah\u00ed. Luego de que Mart\u00edn Aiello (subsecretario de Gobierno) bajara a calmar los \u00e1nimos y dialogar con los manifestantes, quienes indignados lo responsabilizaron de lo acontecido, e incluso uno de ellos lo escupi\u00f3, los j\u00f3venes volvieron a la plaza hasta ver que una persona era llevada en un patrullero.<\/p>\n<p>Nuevamente, con palazos y piedrazos, rompieron los vidrios traseros de un autom\u00f3vil policial depositado sobre avenida Luro. El segundo hecho arroj\u00f3 dos polic\u00edas golpeados. Ah\u00ed reapareci\u00f3 la escena de la represi\u00f3n, con algunos disparos al cielo y, por algunos minutos, volvi\u00f3 la tensa calma.<\/p>\n<p>Como aconteciera meses atr\u00e1s con el paro del Puerto, la Municipalidad fue una vez m\u00e1s epicentro de serios incidentes.<\/p>\n","protected":false},"excerpt":{"rendered":"<p>Cuando se estaba por tratar y aprobar el boleto estudiantil gratuito en el Concejo Deliberante, los manifestantes que aguardaban en la calle quisieron entrar a la Comuna y la Polic\u00eda les impidi\u00f3 el paso. Hubo golpes de pu\u00f1o, palazos, piedrazos y represi\u00f3n. Algunos j\u00f3venes estudiantes y de partidos de izquierda terminaron con heridas de balas de goma. Posteriormente, cuando se [&#8230;]<\/p>\n","protected":false},"author":11,"featured_media":0,"comment_status":"open","ping_status":"open","sticky":false,"template":"","format":"standard","meta":{"_jetpack_newsletter_access":"","_jetpack_dont_email_post_to_subs":false,"_jetpack_newsletter_tier_id":0,"_jetpack_memberships_contains_paywalled_content":false,"_jetpack_memberships_contains_paid_content":false,"footnotes":""},"categories":[38],"tags":[],"class_list":["post-3261","post","type-post","status-publish","format-standard","hentry","category-locales"],"jetpack_featured_media_url":"","jetpack_shortlink":"https:\/\/wp.me\/p2JWE0-QB","jetpack-related-posts":[{"id":111136,"url":"https:\/\/www.24baires.com\/?p=111136","url_meta":{"origin":3261,"position":0},"title":"Denunciaron abuso de la polic\u00eda en Bah\u00eda Blanca: \u201cNos dec\u00edan zurditos de mierda y putitos\u201d","author":"GB","date":"11\/07\/2019","format":false,"excerpt":"Una nueva denuncia contra la polic\u00eda bonaerense se dio luego de una marcha para exigir el boleto estudiantil. Los uniformados intervinieron, hubo detenciones y los j\u00f3venes acusaron a los efectivos de ultrajarlos. La polic\u00eda bonaerense es blanco de una grave denuncia por violencia y abuso sexual a ra\u00edz de detenciones\u2026","rel":"","context":"En \u00abMunicipios\u00bb","block_context":{"text":"Municipios","link":"https:\/\/www.24baires.com\/?cat=44"},"img":{"alt_text":"","src":"https:\/\/i0.wp.com\/www.24baires.com\/wp-content\/uploads\/2014\/04\/Policia-bonaerense.jpg?resize=350%2C200","width":350,"height":200,"srcset":"https:\/\/i0.wp.com\/www.24baires.com\/wp-content\/uploads\/2014\/04\/Policia-bonaerense.jpg?resize=350%2C200 1x, https:\/\/i0.wp.com\/www.24baires.com\/wp-content\/uploads\/2014\/04\/Policia-bonaerense.jpg?resize=525%2C300 1.5x"},"classes":[]},{"id":3348,"url":"https:\/\/www.24baires.com\/?p=3348","url_meta":{"origin":3261,"position":1},"title":"En Mar del Plata ya hay Boleto Estudiantil Gratuito para los secundarios","author":"Grupo Sierra","date":"26\/10\/2012","format":false,"excerpt":"Luego de los incidentes ocasionados en la Municipalidad, donde hubo una desmesurada represi\u00f3n policial hacia estudiantes y grupos pol\u00edticos que quer\u00edan ingresar al recinto y tras un cuarto intermedio, se reanud\u00f3 este viernes la sesi\u00f3n ordinaria del Concejo Deliberante donde se vot\u00f3 la esperada norma.\u00a0 Finalmente, y por mayor\u00eda, se\u2026","rel":"","context":"En \u00abLocales\u00bb","block_context":{"text":"Locales","link":"https:\/\/www.24baires.com\/?cat=38"},"img":{"alt_text":"","src":"","width":0,"height":0},"classes":[]},{"id":119342,"url":"https:\/\/www.24baires.com\/?p=119342","url_meta":{"origin":3261,"position":2},"title":"El boleto gratuito para estudiantes universitarios se aplicar\u00e1 en Interior de la Provincia","author":"GB","date":"15\/09\/2022","format":false,"excerpt":"El gobernador Axel Kicillof anunci\u00f3 la ampliaci\u00f3n del boleto estudiantil universitario para los bonaerenses que viven en el interior de la provincia En el marco del Encuentro con Juventudes de la Provincia de Buenos Aires que se llev\u00f3 a cabo en Tecn\u00f3polis, el gobernador Axel Kicillof anunci\u00f3 la ampliaci\u00f3n del\u2026","rel":"","context":"En \u00abProvincia\u00bb","block_context":{"text":"Provincia","link":"https:\/\/www.24baires.com\/?cat=40"},"img":{"alt_text":"","src":"","width":0,"height":0},"classes":[]},{"id":65479,"url":"https:\/\/www.24baires.com\/?p=65479","url_meta":{"origin":3261,"position":3},"title":"Estudiantes universitarios marchan a la Legislatura por el Boleto Educativo Gratuito","author":"AF","date":"07\/05\/2015","format":false,"excerpt":"Diferentes agrupaciones pol\u00edticas estudiantiles de distintas facultades de la Universidad Nacional de La Plata (UNLP) marchar\u00e1n este jueves a la Legislatura provincial para pedir por el tratamiento y aprobaci\u00f3n del Boleto Educativo Gratuito. La movilizaci\u00f3n es parte de la Campa\u00f1a Provincial por el Boleto Educativo Gratuito, impulsada por la corriente\u2026","rel":"","context":"En \u00abSociedad\u00bb","block_context":{"text":"Sociedad","link":"https:\/\/www.24baires.com\/?cat=1"},"img":{"alt_text":"boleto estudiantil","src":"https:\/\/i0.wp.com\/www.24baires.com\/wp-content\/uploads\/2015\/05\/boleto-estudiantil.jpg?resize=350%2C200","width":350,"height":200,"srcset":"https:\/\/i0.wp.com\/www.24baires.com\/wp-content\/uploads\/2015\/05\/boleto-estudiantil.jpg?resize=350%2C200 1x, https:\/\/i0.wp.com\/www.24baires.com\/wp-content\/uploads\/2015\/05\/boleto-estudiantil.jpg?resize=525%2C300 1.5x"},"classes":[]},{"id":17353,"url":"https:\/\/www.24baires.com\/?p=17353","url_meta":{"origin":3261,"position":4},"title":"Boleto Estudiantil Gratuito en La Plata: \u00abEs una reivindicaci\u00f3n hist\u00f3rica\u00bb dijo Tangorra","author":"Grupo Sierra","date":"03\/03\/2013","format":false,"excerpt":"LA PLATA.- La iniciativa fue presentada por el bloque Nacional y Popular que preside Sebasti\u00e1n Tangorra el a\u00f1o pasado, y ahora el municipio avanzar\u00eda en su aplicaci\u00f3n. La medida alcanza a estudiantes primarios y secundarios que asisten a escuelas p\u00fablicas y utilizan las l\u00edneas de colectivos que operan bajo jurisdicci\u00f3n\u2026","rel":"","context":"En \u00abMunicipios\u00bb","block_context":{"text":"Municipios","link":"https:\/\/www.24baires.com\/?cat=44"},"img":{"alt_text":"","src":"","width":0,"height":0},"classes":[]},{"id":1743,"url":"https:\/\/www.24baires.com\/?p=1743","url_meta":{"origin":3261,"position":5},"title":"Anuncian boleto estudiantil gratuito a partir de este a\u00f1o en Mar del Plata","author":"AF","date":"12\/10\/2012","format":false,"excerpt":"El intendente \u00a0de General Pueyrredon, Gustavo Pulti, anunci\u00f3 este jueves que elev\u00f3 al Concejo Deliberante el proyecto de Ordenanza para el boleto estudiantil gratuito para todos los servicios educativos obligatorios.Con la presencia del intendente Pulti, el Presidente del Honorable Concejo Deliberante, Ariel Ciano, el Director de Transporte, Guillermo Iglesias, funcionarios\u2026","rel":"","context":"En \u00abMunicipios\u00bb","block_context":{"text":"Municipios","link":"https:\/\/www.24baires.com\/?cat=44"},"img":{"alt_text":"","src":"https:\/\/i0.wp.com\/www.24baires.com\/wp-content\/uploads\/2012\/10\/boletomdp-300x199.jpg?resize=350%2C200","width":350,"height":200},"classes":[]}],"jetpack_sharing_enabled":true,"jetpack_likes_enabled":true,"_links":{"self":[{"href":"https:\/\/www.24baires.com\/index.php?rest_route=\/wp\/v2\/posts\/3261","targetHints":{"allow":["GET"]}}],"collection":[{"href":"https:\/\/www.24baires.com\/index.php?rest_route=\/wp\/v2\/posts"}],"about":[{"href":"https:\/\/www.24baires.com\/index.php?rest_route=\/wp\/v2\/types\/post"}],"author":[{"embeddable":true,"href":"https:\/\/www.24baires.com\/index.php?rest_route=\/wp\/v2\/users\/11"}],"replies":[{"embeddable":true,"href":"https:\/\/www.24baires.com\/index.php?rest_route=%2Fwp%2Fv2%2Fcomments&post=3261"}],"version-history":[{"count":3,"href":"https:\/\/www.24baires.com\/index.php?rest_route=\/wp\/v2\/posts\/3261\/revisions"}],"predecessor-version":[{"id":3266,"href":"https:\/\/www.24baires.com\/index.php?rest_route=\/wp\/v2\/posts\/3261\/revisions\/3266"}],"wp:attachment":[{"href":"https:\/\/www.24baires.com\/index.php?rest_route=%2Fwp%2Fv2%2Fmedia&parent=3261"}],"wp:term":[{"taxonomy":"category","embeddable":true,"href":"https:\/\/www.24baires.com\/index.php?rest_route=%2Fwp%2Fv2%2Fcategories&post=3261"},{"taxonomy":"post_tag","embeddable":true,"href":"https:\/\/www.24baires.com\/index.php?rest_route=%2Fwp%2Fv2%2Ftags&post=3261"}],"curies":[{"name":"wp","href":"https:\/\/api.w.org\/{rel}","templated":true}]}}