{"id":3243,"date":"2012-10-25T21:31:28","date_gmt":"2012-10-26T00:31:28","guid":{"rendered":"http:\/\/www.24baires.com\/?p=3243"},"modified":"2012-10-25T21:31:28","modified_gmt":"2012-10-26T00:31:28","slug":"la-cta-respaldo-la-gestion-de-martin-sabbatella-al-frente-de-la-afsca","status":"publish","type":"post","link":"https:\/\/www.24baires.com\/?p=3243","title":{"rendered":"La CTA respald\u00f3 la gesti\u00f3n de Mart\u00edn Sabbatella al frente de la AFSCA"},"content":{"rendered":"<p><img data-recalc-dims=\"1\" loading=\"lazy\" decoding=\"async\" class=\"alignleft size-medium wp-image-3249\" title=\"yasky sabbatella\" src=\"https:\/\/i0.wp.com\/www.24baires.com\/wp-content\/uploads\/2012\/10\/yasky-sabbatella.jpg?resize=300%2C213\" alt=\"\" width=\"300\" height=\"213\" srcset=\"https:\/\/i0.wp.com\/www.24baires.com\/wp-content\/uploads\/2012\/10\/yasky-sabbatella.jpg?resize=300%2C213&amp;ssl=1 300w, https:\/\/i0.wp.com\/www.24baires.com\/wp-content\/uploads\/2012\/10\/yasky-sabbatella.jpg?w=560&amp;ssl=1 560w\" sizes=\"auto, (max-width: 300px) 100vw, 300px\" \/>La Central de Trabajadores de la Argentina, que encabeza Hugo Yasky, reiter\u00f3 este jueves su apoyo a la gesti\u00f3n de Mart\u00edn Sabbatella al frente de la Autoridad Federal de Servicios de Comunicaci\u00f3n Audiovisual (AFSCA), y el compromiso con la inmediata aplicaci\u00f3n de la ley de Servicios de Comunicaci\u00f3n Audiovisual.<!--more--><br \/>\n\u201cVenimos a darle nuestro respaldo absoluto a la gesti\u00f3n de Mart\u00edn Sabbatella. La tarea que lleva adelante Mart\u00edn cuenta con el apoyo de todos aquellos que queremos una democracia m\u00e1s s\u00f3lida y que defendemos la plena vigencia del derecho a la informaci\u00f3n como una conquista ciudadana\u201d, sostuvo Yasky.<\/p>\n<p>Seg\u00fan se inform\u00f3 en un comunicado, Sabbatella recibi\u00f3 en la sede del organismo a la conducci\u00f3n de la CTA, encabezada por su secretario general, Hugo Yasky, Stella Maldonado (secretaria general de CTERA), Marcelo Frondizi, Gustavo Rollandi, Eduardo Pereyra, Victorio Paul\u00f3n, Luis Al\u00ed (Asociaci\u00f3n Argentina de Actores) y Sergio Zottola (Sindicato de la Industria del Cine).<\/p>\n<p>En este marco, la conducci\u00f3n de la CTA se\u00f1al\u00f3 que \u00abestamos convencidos de que la agudizaci\u00f3n de las tensiones vinculadas a la plena aplicaci\u00f3n de la Ley de Servicios Audiovisuales no remite al conflicto entre el Grupo Clar\u00edn y el gobierno, sino a la tensi\u00f3n entre el Estado de Derecho y las corporaciones\u201d.<\/p>\n<p>\u201cEst\u00e1 claro que quienes pretenden desconocer una ley nacional votada por el Congreso, y adem\u00e1s pretenden poner y sacar jueces como mu\u00f1equitos de torta, desaf\u00edan no a un gobierno sino al Estado de Derecho, intentando ponerle l\u00edmites a la democracia\u201d, expresaron.<\/p>\n<p>Por su parte, Sabbatella sostuvo que \u201ces un orgullo para nosotros recibir el respaldo de los trabajadores y trabajadoras de la CTA, porque sabemos de su hist\u00f3rica lucha y compromiso en defensa de la comunicaci\u00f3n popular y la democratizaci\u00f3n de la palabra\u201d.<\/p>\n<p>\u201cCon la CTA compartimos la misma convicci\u00f3n de que con la implementaci\u00f3n integral de la Ley de Medios, no s\u00f3lo se mantendr\u00e1n los puestos de trabajo existentes en el campo audiovisual, sino que adem\u00e1s se desarrollaran una multiplicidad de nuevas unidas productivas, que generar\u00e1n m\u00e1s posibilidades laborales en todos los rincones de nuestro pa\u00eds\u201d, afirm\u00f3 el titular de la AFSCA.<\/p>\n<p>Adem\u00e1s, los dirigentes sindicales le informaron a Sabbatella que iniciar\u00e1n una campa\u00f1a de afiches en la v\u00eda p\u00fablica, con actos y movilizaciones, en apoyo a la implementaci\u00f3n integral de la Ley de Servicios de Comunicaci\u00f3n Audiovisual.<\/p>\n","protected":false},"excerpt":{"rendered":"<p>La Central de Trabajadores de la Argentina, que encabeza Hugo Yasky, reiter\u00f3 este jueves su apoyo a la gesti\u00f3n de Mart\u00edn Sabbatella al frente de la Autoridad Federal de Servicios de Comunicaci\u00f3n Audiovisual (AFSCA), y el compromiso con la inmediata aplicaci\u00f3n de la ley de Servicios de Comunicaci\u00f3n Audiovisual.<\/p>\n","protected":false},"author":11,"featured_media":0,"comment_status":"open","ping_status":"open","sticky":false,"template":"","format":"standard","meta":{"_jetpack_newsletter_access":"","_jetpack_dont_email_post_to_subs":false,"_jetpack_newsletter_tier_id":0,"_jetpack_memberships_contains_paywalled_content":false,"_jetpack_memberships_contains_paid_content":false,"footnotes":""},"categories":[54],"tags":[],"class_list":["post-3243","post","type-post","status-publish","format-standard","hentry","category-medios"],"jetpack_featured_media_url":"","jetpack_shortlink":"https:\/\/wp.me\/p2JWE0-Qj","jetpack-related-posts":[{"id":69206,"url":"https:\/\/www.24baires.com\/?p=69206","url_meta":{"origin":3243,"position":0},"title":"La f\u00f3rmula que encabeza An\u00edbal en la Provincia recibi\u00f3 el apoyo de la CTA Nacional","author":"Grupo Sierra","date":"17\/07\/2015","format":false,"excerpt":"\u201cLa conducci\u00f3n nacional de la CTA vino a expresar el apoyo a la f\u00f3rmula\", dijo el titular de la central Hugo Yasky, quien remarc\u00f3 que la trayectoria de los integrantes de la f\u00f3rmula \"es garant\u00eda de continuidad\". \u201cLa conducci\u00f3n nacional de la CTA vino a expresar el apoyo a la\u2026","rel":"","context":"En \u00abElecciones 2015\u00bb","block_context":{"text":"Elecciones 2015","link":"https:\/\/www.24baires.com\/?cat=74"},"img":{"alt_text":"anibal cta","src":"https:\/\/i0.wp.com\/www.24baires.com\/wp-content\/uploads\/2015\/07\/anibal-cta.jpg?resize=350%2C200","width":350,"height":200,"srcset":"https:\/\/i0.wp.com\/www.24baires.com\/wp-content\/uploads\/2015\/07\/anibal-cta.jpg?resize=350%2C200 1x, https:\/\/i0.wp.com\/www.24baires.com\/wp-content\/uploads\/2015\/07\/anibal-cta.jpg?resize=525%2C300 1.5x"},"classes":[]},{"id":76949,"url":"https:\/\/www.24baires.com\/?p=76949","url_meta":{"origin":3243,"position":1},"title":"El nuevo interventor de AFSCA despidi\u00f3 a 15 funcionarios del organismo","author":"GB","date":"28\/12\/2015","format":false,"excerpt":"En su gran mayor\u00eda se trata de militantes de Nuevo Encuentro, el partido pol\u00edtico que encabeza Mart\u00edn Sabbatella. \u201cLlevamos tranquilidad a los empleados. No van a tener problemas todos los que tengan una funci\u00f3n y trabajen\u201d, asegur\u00f3 el interventor. El interventor de AFSCA, Agust\u00edn Garz\u00f3n, ech\u00f3 a 15 empleados jer\u00e1rquicos\u2026","rel":"","context":"En \u00abPol\u00edtica\u00bb","block_context":{"text":"Pol\u00edtica","link":"https:\/\/www.24baires.com\/?cat=51"},"img":{"alt_text":"AFSCA","src":"https:\/\/i0.wp.com\/www.24baires.com\/wp-content\/uploads\/2015\/12\/AFSCA.jpg?resize=350%2C200","width":350,"height":200,"srcset":"https:\/\/i0.wp.com\/www.24baires.com\/wp-content\/uploads\/2015\/12\/AFSCA.jpg?resize=350%2C200 1x, https:\/\/i0.wp.com\/www.24baires.com\/wp-content\/uploads\/2015\/12\/AFSCA.jpg?resize=525%2C300 1.5x"},"classes":[]},{"id":131,"url":"https:\/\/www.24baires.com\/?p=131","url_meta":{"origin":3243,"position":2},"title":"Heller: Sabbatella es la \u00abpersona ideal\u00bb para conducir el AFSCA","author":"Grupo Sierra","date":"18\/09\/2012","format":false,"excerpt":"El diputado nacional Carlos Heller consider\u00f3 que su par Mart\u00edn Sabbatella \"es la persona ideal para conducir AFSCA\", y \"para aplicar y hacer cumplir\" la nueva ley de medios, al frente de la Autoridad Federal de Servicios de Comunicaci\u00f3n Audiovisual (AFSCA). \"Mart\u00edn Sabbatella es la persona ideal para aplicar y\u2026","rel":"","context":"En \u00abPol\u00edtica\u00bb","block_context":{"text":"Pol\u00edtica","link":"https:\/\/www.24baires.com\/?cat=51"},"img":{"alt_text":"","src":"","width":0,"height":0},"classes":[]},{"id":76561,"url":"https:\/\/www.24baires.com\/?p=76561","url_meta":{"origin":3243,"position":3},"title":"Miles de personas de movilizaron en favor de la  Ley de Medios","author":"GB","date":"17\/12\/2015","format":false,"excerpt":"Miles de personas se concentraban desde antes de las 18 frente al Congreso, en una movilizaci\u00f3n convocada en defensa a esa ley, consigna inicial a la que se sumaron cuestionamientos sobre las designaciones para la Corte Suprema. Bajo la consigna \u201cLa ley de Medios no se toca\u201d, los protesta opositora\u2026","rel":"","context":"En \u00abMedios\u00bb","block_context":{"text":"Medios","link":"https:\/\/www.24baires.com\/?cat=54"},"img":{"alt_text":"congreso ley medios","src":"https:\/\/i0.wp.com\/www.24baires.com\/wp-content\/uploads\/2015\/12\/congreso-ley-medios.jpg?resize=350%2C200","width":350,"height":200,"srcset":"https:\/\/i0.wp.com\/www.24baires.com\/wp-content\/uploads\/2015\/12\/congreso-ley-medios.jpg?resize=350%2C200 1x, https:\/\/i0.wp.com\/www.24baires.com\/wp-content\/uploads\/2015\/12\/congreso-ley-medios.jpg?resize=525%2C300 1.5x"},"classes":[]},{"id":1621,"url":"https:\/\/www.24baires.com\/?p=1621","url_meta":{"origin":3243,"position":4},"title":"Ley de Medios: \u00abHay sectores que quieren desconocer decisiones democr\u00e1ticas\u00bb","author":"AF","date":"10\/10\/2012","format":false,"excerpt":"Al cumplirse tres a\u00f1os de la ley, el titular del Consejo Federal de Comunicaci\u00f3n Audiovisual, Pedro B\u00e1ez, critic\u00f3 a los sectores que las desconocen . La Presidenta encabezar\u00e1 el acto por el aniversario. El flamante titular del Consejo Federal de Comunicaci\u00f3n Audiovisual (COFECA), Pedro B\u00e1ez, critic\u00f3 a los sectores que\u2026","rel":"","context":"En \u00abMedios\u00bb","block_context":{"text":"Medios","link":"https:\/\/www.24baires.com\/?cat=54"},"img":{"alt_text":"","src":"","width":0,"height":0},"classes":[]},{"id":34536,"url":"https:\/\/www.24baires.com\/?p=34536","url_meta":{"origin":3243,"position":5},"title":"Sabbatella y Tomada llevaron \u00abtranquilidad\u00bb a los delegados de Canal 13","author":"Grupo Sierra","date":"02\/11\/2013","format":false,"excerpt":"El titular de la AFSCA y el ministro de Trabajo debatieron con delegados de prensa del Canal 13, TN, y autoridades del SAT, la continuidad de los puestos de trabajo del sector audiovisual. En tanto, aseguraron haber \"transmitido tranquilidad a los trabajadores del Grupo Clar\u00edn\". El titular de la Autoridad\u2026","rel":"","context":"En \u00abMedios\u00bb","block_context":{"text":"Medios","link":"https:\/\/www.24baires.com\/?cat=54"},"img":{"alt_text":"","src":"","width":0,"height":0},"classes":[]}],"jetpack_sharing_enabled":true,"jetpack_likes_enabled":true,"_links":{"self":[{"href":"https:\/\/www.24baires.com\/index.php?rest_route=\/wp\/v2\/posts\/3243","targetHints":{"allow":["GET"]}}],"collection":[{"href":"https:\/\/www.24baires.com\/index.php?rest_route=\/wp\/v2\/posts"}],"about":[{"href":"https:\/\/www.24baires.com\/index.php?rest_route=\/wp\/v2\/types\/post"}],"author":[{"embeddable":true,"href":"https:\/\/www.24baires.com\/index.php?rest_route=\/wp\/v2\/users\/11"}],"replies":[{"embeddable":true,"href":"https:\/\/www.24baires.com\/index.php?rest_route=%2Fwp%2Fv2%2Fcomments&post=3243"}],"version-history":[{"count":3,"href":"https:\/\/www.24baires.com\/index.php?rest_route=\/wp\/v2\/posts\/3243\/revisions"}],"predecessor-version":[{"id":3253,"href":"https:\/\/www.24baires.com\/index.php?rest_route=\/wp\/v2\/posts\/3243\/revisions\/3253"}],"wp:attachment":[{"href":"https:\/\/www.24baires.com\/index.php?rest_route=%2Fwp%2Fv2%2Fmedia&parent=3243"}],"wp:term":[{"taxonomy":"category","embeddable":true,"href":"https:\/\/www.24baires.com\/index.php?rest_route=%2Fwp%2Fv2%2Fcategories&post=3243"},{"taxonomy":"post_tag","embeddable":true,"href":"https:\/\/www.24baires.com\/index.php?rest_route=%2Fwp%2Fv2%2Ftags&post=3243"}],"curies":[{"name":"wp","href":"https:\/\/api.w.org\/{rel}","templated":true}]}}