{"id":3240,"date":"2012-10-25T21:10:25","date_gmt":"2012-10-26T00:10:25","guid":{"rendered":"http:\/\/www.24baires.com\/?p=3240"},"modified":"2012-10-25T21:37:21","modified_gmt":"2012-10-26T00:37:21","slug":"piden-prision-perpetua-para-siete-acusados-de-crimenes-de-lesa-humanidad","status":"publish","type":"post","link":"https:\/\/www.24baires.com\/?p=3240","title":{"rendered":"Piden prisi\u00f3n perpetua para siete acusados de cr\u00edmenes de Lesa Humanidad"},"content":{"rendered":"<p><strong>MAR DEL PLATA &#8211;<\/strong>\u00a0La pena fue solicitada en sus alegatos por los representantes del Ministerio P\u00fablico Fiscal y los querellantes. Adem\u00e1s, requirieron 25 a\u00f1os de prisi\u00f3n para otros cinco imputados. Se investigan cr\u00edmenes cometidos a 69 v\u00edctimas en tres centros de detenci\u00f3n.<!--more--><br \/>\nEl Tribunal Oral Federal de Mar del Plata termin\u00f3 esta semana de escuchar los alegatos de las partes acusadoras en un juicio oral por delitos de lesa humanidad cometidos en perjuicio de 69 v\u00edctimas.<br \/>\nSe trata de los hechos ocurridos en los centros clandestinos de detenci\u00f3n que funcionaron en la Base Naval de Mar del Plata, en la Escuela de Suboficiales de Infanter\u00eda de Marina y en la sede de Prefectura Naval Argentina en dicha ciudad.<br \/>\nLos representantes del Ministerio P\u00fablico Fiscal, la Secretar\u00eda de Derechos Humanos de la Provincia de Buenos Aires, la Secretar\u00eda de Derechos Humanos de la Naci\u00f3n y la Asamblea Permanente por los Derechos Humanos (APDH) solicitaron la pena de prisi\u00f3n perpetua para Alfredo Manuel Arrillaga, Juan Jos\u00e9 Lombardo, Ra\u00fal Alberto Marino, Roberto Pertusio, Rafael Alberto Gui\u00f1az\u00fa, Jos\u00e9 Omar Lodigiani y Mario Jos\u00e9 Osvaldo Forbice.<br \/>\nLas mismas partes, en sus respectivos alegatos, requirieron que se les imponga la pena de 25 a\u00f1os de prisi\u00f3n a Justo Alberto Ignacio Ortiz, Juan Eduardo Mosqueda, Ariel Macedonio Silva, Julio C\u00e9sar Falcke y \u00c1ngel Narciso Racedo.<br \/>\nEn tanto que los acusadores difirieron en la solicitud de pena realizada para Juan Carlos Guyot. La fiscal\u00eda y el organismo provincial de derechos humanos solicitaron que se le aplique la pena de 4 a\u00f1os de prisi\u00f3n, mientras que la dependencia nacional requiri\u00f3 que le apliquen 15 a\u00f1os y la APDH pidi\u00f3 6 a\u00f1os para este acusado.<br \/>\nEn esta causa, adem\u00e1s, estaba involucrado Aldo Carlos M\u00e1spero, quien fue apartado por cuestiones de salud. Mientras que durante la instrucci\u00f3n de la misma fallecieron los imputados Juan Carlos Malugani y Pedro Barda.<br \/>\nEl tribunal dispuso que el debate contin\u00fae el pr\u00f3ximo 14 de noviembre, cuando comiencen los alegatos de los defensores.<\/p>\n","protected":false},"excerpt":{"rendered":"<p>MAR DEL PLATA &#8211;\u00a0La pena fue solicitada en sus alegatos por los representantes del Ministerio P\u00fablico Fiscal y los querellantes. Adem\u00e1s, requirieron 25 a\u00f1os de prisi\u00f3n para otros cinco imputados. Se investigan cr\u00edmenes cometidos a 69 v\u00edctimas en tres centros de detenci\u00f3n.<\/p>\n","protected":false},"author":4,"featured_media":0,"comment_status":"open","ping_status":"open","sticky":false,"template":"","format":"standard","meta":{"_jetpack_newsletter_access":"","_jetpack_dont_email_post_to_subs":false,"_jetpack_newsletter_tier_id":0,"_jetpack_memberships_contains_paywalled_content":false,"_jetpack_memberships_contains_paid_content":false,"footnotes":""},"categories":[50],"tags":[],"class_list":["post-3240","post","type-post","status-publish","format-standard","hentry","category-memoria"],"jetpack_featured_media_url":"","jetpack_shortlink":"https:\/\/wp.me\/p2JWE0-Qg","jetpack-related-posts":[{"id":114235,"url":"https:\/\/www.24baires.com\/?p=114235","url_meta":{"origin":3240,"position":0},"title":"Mar del Plata: piden condena perpetua para 13 represores por delitos de Lesa Humanidad","author":"GB","date":"28\/02\/2020","format":false,"excerpt":"Es en el marco del \u201cJuicio acomulado\u201d por delitos de lesa humanidad cometidos en la Subzona 15 y los centros clandestinos de detenci\u00f3n conocidos como \u201cLa Cueva\u201d y \u201cBase Naval\u201d. Tras dos a\u00f1os de debate oral, el \u201cjuicio acumulado\u201d que se realiza en Mar del Plata, donde se abordan distintos\u2026","rel":"","context":"En \u00abMemoria\u00bb","block_context":{"text":"Memoria","link":"https:\/\/www.24baires.com\/?cat=50"},"img":{"alt_text":"","src":"https:\/\/i0.wp.com\/www.24baires.com\/wp-content\/uploads\/2020\/02\/la-cueva.jpg?resize=350%2C200","width":350,"height":200,"srcset":"https:\/\/i0.wp.com\/www.24baires.com\/wp-content\/uploads\/2020\/02\/la-cueva.jpg?resize=350%2C200 1x, https:\/\/i0.wp.com\/www.24baires.com\/wp-content\/uploads\/2020\/02\/la-cueva.jpg?resize=525%2C300 1.5x"},"classes":[]},{"id":7192,"url":"https:\/\/www.24baires.com\/?p=7192","url_meta":{"origin":3240,"position":1},"title":"Mar del Plata: contin\u00faan los alegatos de las defensas en el juicio oral por delitos de Lesa Humanidad","author":"AF","date":"29\/11\/2012","format":false,"excerpt":"Se reanudaron este jueves, ante el Tribunal Oral Federal de esa ciudad. El Ministerio P\u00fablico Fiscal y los querellantes solicitaron prisi\u00f3n perpetua para siete acusados. Se investigan cr\u00edmenes cometidos a 69 v\u00edctimas en tres centros de detenci\u00f3n. El Tribunal Oral Federal de Mar del Plata reanud\u00f3 este jueves las audiencias\u2026","rel":"","context":"En \u00abMemoria\u00bb","block_context":{"text":"Memoria","link":"https:\/\/www.24baires.com\/?cat=50"},"img":{"alt_text":"","src":"","width":0,"height":0},"classes":[]},{"id":5382,"url":"https:\/\/www.24baires.com\/?p=5382","url_meta":{"origin":3240,"position":2},"title":"Arrancan los alegatos de las defensas en juicio oral por cr\u00edmenes de Lesa Humanidad","author":"AF","date":"14\/11\/2012","format":false,"excerpt":"MAR DEL PLATA - Comenzar\u00e1n este mi\u00e9rcoles, ante el Tribunal Oral Federal de Mar del Plata. Se investigan hechos ocurridos en tres centros clandestinos de detenci\u00f3n. Son juzgados trece acusados. La Fiscal\u00eda solicit\u00f3 la pena de prisi\u00f3n perpetua para siete imputados. El Tribunal Oral Federal de Mar del Plata reanudar\u00e1\u2026","rel":"","context":"En \u00abSociedad\u00bb","block_context":{"text":"Sociedad","link":"https:\/\/www.24baires.com\/?cat=1"},"img":{"alt_text":"","src":"https:\/\/i0.wp.com\/www.24baires.com\/wp-content\/uploads\/2012\/11\/juicio-lesa-humanidad.jpg?resize=350%2C200","width":350,"height":200,"srcset":"https:\/\/i0.wp.com\/www.24baires.com\/wp-content\/uploads\/2012\/11\/juicio-lesa-humanidad.jpg?resize=350%2C200 1x, https:\/\/i0.wp.com\/www.24baires.com\/wp-content\/uploads\/2012\/11\/juicio-lesa-humanidad.jpg?resize=525%2C300 1.5x"},"classes":[]},{"id":114192,"url":"https:\/\/www.24baires.com\/?p=114192","url_meta":{"origin":3240,"position":3},"title":"Pidieron prisi\u00f3n perpetua para 31 de los imputados por delitos de lesa humanidad","author":"GB","date":"21\/02\/2020","format":false,"excerpt":"Tras m\u00e1s de 20 meses de audiencias, el Ministerio P\u00fablico Fiscal de la Naci\u00f3n encuadr\u00f3 la responsabilidad penal de 40 imputados por privaciones ilegales de libertad, tormentos, asesinatos y desapariciones de 272 v\u00edctimas El Ministerio P\u00fablico Fiscal de la Naci\u00f3n, representado por el fiscal Juan Pablo Curi y los auxiliares\u2026","rel":"","context":"En \u00abMemoria\u00bb","block_context":{"text":"Memoria","link":"https:\/\/www.24baires.com\/?cat=50"},"img":{"alt_text":"","src":"https:\/\/i0.wp.com\/www.24baires.com\/wp-content\/uploads\/2020\/02\/lesa-humanidad.jpg?resize=350%2C200","width":350,"height":200,"srcset":"https:\/\/i0.wp.com\/www.24baires.com\/wp-content\/uploads\/2020\/02\/lesa-humanidad.jpg?resize=350%2C200 1x, https:\/\/i0.wp.com\/www.24baires.com\/wp-content\/uploads\/2020\/02\/lesa-humanidad.jpg?resize=525%2C300 1.5x"},"classes":[]},{"id":592,"url":"https:\/\/www.24baires.com\/?p=592","url_meta":{"origin":3240,"position":4},"title":"Contin\u00faan los alegatos de la Fiscal\u00eda en el juicio de lesa humanidad Base Naval II","author":"Grupo Sierra","date":"27\/09\/2012","format":false,"excerpt":"MAR DEL PLATA . Los fiscales Guillermo Freire y Mercedes Soiza Reilly continuaron este jueves en Mar del Plata los alegatos contra 13 represores acusados de delitos de lesa humanidad cometidos en centros clandestinos de detenci\u00f3n durante la \u00faltima dictadura militar en perjuicio de 69 v\u00edctimas, en el denominado juicio\u2026","rel":"","context":"En \u00abMemoria\u00bb","block_context":{"text":"Memoria","link":"https:\/\/www.24baires.com\/?cat=50"},"img":{"alt_text":"","src":"","width":0,"height":0},"classes":[]},{"id":117773,"url":"https:\/\/www.24baires.com\/?p=117773","url_meta":{"origin":3240,"position":5},"title":"\u00abLa Cueva\u00bb: absolvieron a tres acusados de cr\u00edmenes de lesa humanidad","author":"GB","date":"17\/06\/2021","format":false,"excerpt":"Se trata del exteniente coronel Emilio Guillermo Nani (75), el exteniente primero Miguel \u00c1ngel Ruiz (74) y el abogado Eduardo salvador Ull\u00faa (69). La fiscal\u00eda hab\u00eda pedido prisi\u00f3n perpetua. El Tribunal Oral en lo Criminal Federal de Mar del Plata absolvi\u00f3 hoy a dos militares retirados y a un abogado,\u2026","rel":"","context":"En \u00abMemoria\u00bb","block_context":{"text":"Memoria","link":"https:\/\/www.24baires.com\/?cat=50"},"img":{"alt_text":"","src":"https:\/\/i0.wp.com\/www.24baires.com\/wp-content\/uploads\/2019\/09\/tribunal-penal-mdp.jpg?resize=350%2C200","width":350,"height":200,"srcset":"https:\/\/i0.wp.com\/www.24baires.com\/wp-content\/uploads\/2019\/09\/tribunal-penal-mdp.jpg?resize=350%2C200 1x, https:\/\/i0.wp.com\/www.24baires.com\/wp-content\/uploads\/2019\/09\/tribunal-penal-mdp.jpg?resize=525%2C300 1.5x"},"classes":[]}],"jetpack_sharing_enabled":true,"jetpack_likes_enabled":true,"_links":{"self":[{"href":"https:\/\/www.24baires.com\/index.php?rest_route=\/wp\/v2\/posts\/3240","targetHints":{"allow":["GET"]}}],"collection":[{"href":"https:\/\/www.24baires.com\/index.php?rest_route=\/wp\/v2\/posts"}],"about":[{"href":"https:\/\/www.24baires.com\/index.php?rest_route=\/wp\/v2\/types\/post"}],"author":[{"embeddable":true,"href":"https:\/\/www.24baires.com\/index.php?rest_route=\/wp\/v2\/users\/4"}],"replies":[{"embeddable":true,"href":"https:\/\/www.24baires.com\/index.php?rest_route=%2Fwp%2Fv2%2Fcomments&post=3240"}],"version-history":[{"count":3,"href":"https:\/\/www.24baires.com\/index.php?rest_route=\/wp\/v2\/posts\/3240\/revisions"}],"predecessor-version":[{"id":3257,"href":"https:\/\/www.24baires.com\/index.php?rest_route=\/wp\/v2\/posts\/3240\/revisions\/3257"}],"wp:attachment":[{"href":"https:\/\/www.24baires.com\/index.php?rest_route=%2Fwp%2Fv2%2Fmedia&parent=3240"}],"wp:term":[{"taxonomy":"category","embeddable":true,"href":"https:\/\/www.24baires.com\/index.php?rest_route=%2Fwp%2Fv2%2Fcategories&post=3240"},{"taxonomy":"post_tag","embeddable":true,"href":"https:\/\/www.24baires.com\/index.php?rest_route=%2Fwp%2Fv2%2Ftags&post=3240"}],"curies":[{"name":"wp","href":"https:\/\/api.w.org\/{rel}","templated":true}]}}