{"id":3234,"date":"2012-10-25T20:52:29","date_gmt":"2012-10-25T23:52:29","guid":{"rendered":"http:\/\/www.24baires.com\/?p=3234"},"modified":"2012-10-25T20:56:31","modified_gmt":"2012-10-25T23:56:31","slug":"aun-no-esta-controlado-el-incendio-forestal-en-villa-gesell","status":"publish","type":"post","link":"https:\/\/www.24baires.com\/?p=3234","title":{"rendered":"A\u00fan no est\u00e1 controlado el incendio forestal en Villa Gesell"},"content":{"rendered":"<p><img data-recalc-dims=\"1\" loading=\"lazy\" decoding=\"async\" class=\"size-full wp-image-3235 alignleft\" title=\"incendio gesell\" src=\"https:\/\/i0.wp.com\/www.24baires.com\/wp-content\/uploads\/2012\/10\/incendio-gesell.jpg?resize=300%2C200\" alt=\"\" width=\"300\" height=\"200\" \/><\/p>\n<p>El siniestro se registra en el el camino que une a la localidad balnearia con Mar de las Pampas. Est\u00e1n trabajando dotaciones de bomberos de Pinamar y Madariaga asistidos por especialistas de la Provincia de Buenos Aires.<!--more--><br \/>\nEl Consejo Provincial de Emergencias, que depende del Ministerio de Desarrollo Social, activ\u00f3 este jueves por la tarde el protocolo de acci\u00f3n ante un incendio forestal que se declar\u00f3 en Villa Gesell.<\/p>\n<p>De ese modo, se coordin\u00f3 el envi\u00f3 de brigadas forestales, un helic\u00f3ptero del Ministerio de Seguridad equipado con Bambi Bag \u2013bolsa flexible contenedora de agua\u2014 y un avi\u00f3n observador y otro hidrante, ambos del Plan Nacional de Manejo del Fuego. Estos elementos se suman a las tareas que est\u00e1n realizando los bomberos voluntarios de Villa Gesell y Pinamar.<\/p>\n<p>En tanto, se dispuso la evacuaci\u00f3n preventiva de vecinos de la zona afectada \u2013ubicada entre Mar de las Pampas y Villa Gesell\u2014 debido a que el siniestro presenta un frente de m\u00e1s de 200 metros y est\u00e1 calificado como incendio forestal de copa, que presenta caracter\u00edsticas inestables.<\/p>\n","protected":false},"excerpt":{"rendered":"<p>El siniestro se registra en el el camino que une a la localidad balnearia con Mar de las Pampas. Est\u00e1n trabajando dotaciones de bomberos de Pinamar y Madariaga asistidos por especialistas de la Provincia de Buenos Aires.<\/p>\n","protected":false},"author":4,"featured_media":0,"comment_status":"open","ping_status":"open","sticky":false,"template":"","format":"standard","meta":{"_jetpack_newsletter_access":"","_jetpack_dont_email_post_to_subs":false,"_jetpack_newsletter_tier_id":0,"_jetpack_memberships_contains_paywalled_content":false,"_jetpack_memberships_contains_paid_content":false,"footnotes":""},"categories":[38],"tags":[],"class_list":["post-3234","post","type-post","status-publish","format-standard","hentry","category-locales"],"jetpack_featured_media_url":"","jetpack_shortlink":"https:\/\/wp.me\/p2JWE0-Qa","jetpack-related-posts":[{"id":106217,"url":"https:\/\/www.24baires.com\/?p=106217","url_meta":{"origin":3234,"position":0},"title":"Aseguran que est\u00e1 controlado el incendio forestal en Villa Gesell","author":"AF","date":"06\/01\/2019","format":false,"excerpt":"Quem\u00f3 160 hect\u00e1reas. Hab\u00eda comenzado el s\u00e1bado por la tarde y fue combatido por aviones hidrantes m\u00e1s 15 dotaciones de bomberos. Afortunadamente, el incendio forestal que afect\u00f3 a una parte de Villa Gesell y amenazaba con expandirse hacia zonas urbanas fue controlado, seg\u00fan afirmaron las autoridades, que tambi\u00e9n especificaron que\u2026","rel":"","context":"En \u00abLocales\u00bb","block_context":{"text":"Locales","link":"https:\/\/www.24baires.com\/?cat=38"},"img":{"alt_text":"","src":"https:\/\/i0.wp.com\/www.24baires.com\/wp-content\/uploads\/2019\/01\/incendio-gesell.jpg?resize=350%2C200","width":350,"height":200,"srcset":"https:\/\/i0.wp.com\/www.24baires.com\/wp-content\/uploads\/2019\/01\/incendio-gesell.jpg?resize=350%2C200 1x, https:\/\/i0.wp.com\/www.24baires.com\/wp-content\/uploads\/2019\/01\/incendio-gesell.jpg?resize=525%2C300 1.5x"},"classes":[]},{"id":92123,"url":"https:\/\/www.24baires.com\/?p=92123","url_meta":{"origin":3234,"position":1},"title":"\u00abEstoy mucho en la calle con la gente y eso no va a cambiar\u00bb, dijo Vidal","author":"GB","date":"03\/02\/2017","format":false,"excerpt":"La Gobernadora visit\u00f3 un cuartel de bomberos en Pinamar y un centro de la tercera edad en Villa Gesell junto a los intendentes Yeza y Barrera. En el marco de sus visitas semanales a distintos distritos de la Provincia, la gobernadora Mar\u00eda Eugenia Vidal visit\u00f3 hoy los municipios costeros de\u2026","rel":"","context":"En \u00abProvincia\u00bb","block_context":{"text":"Provincia","link":"https:\/\/www.24baires.com\/?cat=40"},"img":{"alt_text":"","src":"https:\/\/i0.wp.com\/www.24baires.com\/wp-content\/uploads\/2017\/02\/vidal-pinamar.jpg?resize=350%2C200","width":350,"height":200,"srcset":"https:\/\/i0.wp.com\/www.24baires.com\/wp-content\/uploads\/2017\/02\/vidal-pinamar.jpg?resize=350%2C200 1x, https:\/\/i0.wp.com\/www.24baires.com\/wp-content\/uploads\/2017\/02\/vidal-pinamar.jpg?resize=525%2C300 1.5x"},"classes":[]},{"id":121928,"url":"https:\/\/www.24baires.com\/?p=121928","url_meta":{"origin":3234,"position":2},"title":"El Registro Provincial llega a la costa bonaerense","author":"GB","date":"02\/01\/2025","format":false,"excerpt":"Las jornadas ser\u00e1n rotativas e incluir\u00e1n actividades recreativas en puntos clave como Villa Gesell y Pinamar. El pr\u00f3ximo lunes 6 de enero comenzar\u00e1n los operativos de verano del Registro Provincial de las Personas, dise\u00f1ados para facilitar la realizaci\u00f3n de tr\u00e1mites y el inicio de expedientes directamente desde distintos municipios de\u2026","rel":"","context":"En \u00abSociedad\u00bb","block_context":{"text":"Sociedad","link":"https:\/\/www.24baires.com\/?cat=1"},"img":{"alt_text":"","src":"https:\/\/i0.wp.com\/www.24baires.com\/wp-content\/uploads\/2025\/01\/camioneta-dni.webp?resize=350%2C200","width":350,"height":200,"srcset":"https:\/\/i0.wp.com\/www.24baires.com\/wp-content\/uploads\/2025\/01\/camioneta-dni.webp?resize=350%2C200 1x, https:\/\/i0.wp.com\/www.24baires.com\/wp-content\/uploads\/2025\/01\/camioneta-dni.webp?resize=525%2C300 1.5x, https:\/\/i0.wp.com\/www.24baires.com\/wp-content\/uploads\/2025\/01\/camioneta-dni.webp?resize=700%2C400 2x"},"classes":[]},{"id":37046,"url":"https:\/\/www.24baires.com\/?p=37046","url_meta":{"origin":3234,"position":3},"title":"Un gran incendio azot\u00f3 a Mar de las Pampas","author":"GB","date":"17\/12\/2013","format":false,"excerpt":"Horas de desesperaci\u00f3n y miedo vivieron este lunes y martes los vecinos de Mar de las Pampas, que sufrieron incendios forestales que amenazaron las viviendas del paradis\u00edaco lugar. El fuego se inici\u00f3 el lunes por la tarde en la zona del acceso a Mar de las Pampas por la avenida\u2026","rel":"","context":"En \u00abSociedad\u00bb","block_context":{"text":"Sociedad","link":"https:\/\/www.24baires.com\/?cat=1"},"img":{"alt_text":"incendio en mar de las pampas","src":"https:\/\/i0.wp.com\/www.24baires.com\/wp-content\/uploads\/2013\/12\/incendio-en-mar-de-las-pampas-300x225.jpg?resize=350%2C200","width":350,"height":200},"classes":[]},{"id":100361,"url":"https:\/\/www.24baires.com\/?p=100361","url_meta":{"origin":3234,"position":4},"title":"En Villa Gesell admiten falta de m\u00e9dicos","author":"GB","date":"05\/02\/2018","format":false,"excerpt":"El secretario de Salud describi\u00f3 un complejo panorama de la sanidad local. Adelant\u00f3 que van a buscar un tom\u00f3grafo propio pare evitar el traslado de pacientes. A diferencia de lo que suele suceder la mayor\u00eda de las veces, desde Villa Gesell no salieron a desmentir que el municipio transita por\u2026","rel":"","context":"En \u00abMunicipios\u00bb","block_context":{"text":"Municipios","link":"https:\/\/www.24baires.com\/?cat=44"},"img":{"alt_text":"","src":"https:\/\/i0.wp.com\/www.24baires.com\/wp-content\/uploads\/2018\/02\/hospital-villa-gesell.jpg?resize=350%2C200","width":350,"height":200,"srcset":"https:\/\/i0.wp.com\/www.24baires.com\/wp-content\/uploads\/2018\/02\/hospital-villa-gesell.jpg?resize=350%2C200 1x, https:\/\/i0.wp.com\/www.24baires.com\/wp-content\/uploads\/2018\/02\/hospital-villa-gesell.jpg?resize=525%2C300 1.5x"},"classes":[]},{"id":112856,"url":"https:\/\/www.24baires.com\/?p=112856","url_meta":{"origin":3234,"position":5},"title":"Barrera denunci\u00f3 que discriminaron a Villa Gesell en el reparto de fondos y apunt\u00f3 a Vidal","author":"GB","date":"05\/11\/2019","format":false,"excerpt":"El Intendente peronista hizo le\u00f1a del \u00e1rbol ca\u00eddo y carg\u00f3 munici\u00f3n gruesa contra la Gobernadora saliente, Mar\u00eda Eugenia Vidal. \"Nosotros tenemos municipios cercanos vecinos, como Pinamar, que recibieron $500 millones en obras, mientras que a Villa Gesell no se le ha entregado ni un solo peso\", asegur\u00f3. Luego de ganar\u2026","rel":"","context":"En \u00abMunicipios\u00bb","block_context":{"text":"Municipios","link":"https:\/\/www.24baires.com\/?cat=44"},"img":{"alt_text":"","src":"https:\/\/i0.wp.com\/www.24baires.com\/wp-content\/uploads\/2019\/11\/barrera-300x188.jpg?resize=350%2C200","width":350,"height":200},"classes":[]}],"jetpack_sharing_enabled":true,"jetpack_likes_enabled":true,"_links":{"self":[{"href":"https:\/\/www.24baires.com\/index.php?rest_route=\/wp\/v2\/posts\/3234","targetHints":{"allow":["GET"]}}],"collection":[{"href":"https:\/\/www.24baires.com\/index.php?rest_route=\/wp\/v2\/posts"}],"about":[{"href":"https:\/\/www.24baires.com\/index.php?rest_route=\/wp\/v2\/types\/post"}],"author":[{"embeddable":true,"href":"https:\/\/www.24baires.com\/index.php?rest_route=\/wp\/v2\/users\/4"}],"replies":[{"embeddable":true,"href":"https:\/\/www.24baires.com\/index.php?rest_route=%2Fwp%2Fv2%2Fcomments&post=3234"}],"version-history":[{"count":3,"href":"https:\/\/www.24baires.com\/index.php?rest_route=\/wp\/v2\/posts\/3234\/revisions"}],"predecessor-version":[{"id":3239,"href":"https:\/\/www.24baires.com\/index.php?rest_route=\/wp\/v2\/posts\/3234\/revisions\/3239"}],"wp:attachment":[{"href":"https:\/\/www.24baires.com\/index.php?rest_route=%2Fwp%2Fv2%2Fmedia&parent=3234"}],"wp:term":[{"taxonomy":"category","embeddable":true,"href":"https:\/\/www.24baires.com\/index.php?rest_route=%2Fwp%2Fv2%2Fcategories&post=3234"},{"taxonomy":"post_tag","embeddable":true,"href":"https:\/\/www.24baires.com\/index.php?rest_route=%2Fwp%2Fv2%2Ftags&post=3234"}],"curies":[{"name":"wp","href":"https:\/\/api.w.org\/{rel}","templated":true}]}}