{"id":32244,"date":"2013-09-22T03:19:12","date_gmt":"2013-09-22T06:19:12","guid":{"rendered":"http:\/\/www.24baires.com\/?p=32244"},"modified":"2013-09-22T03:19:12","modified_gmt":"2013-09-22T06:19:12","slug":"sabor-amargo","status":"publish","type":"post","link":"https:\/\/www.24baires.com\/?p=32244","title":{"rendered":"Sabor amargo"},"content":{"rendered":"<p style=\"text-align: center;\"><img data-recalc-dims=\"1\" loading=\"lazy\" decoding=\"async\" class=\"size-full wp-image-5164 aligncenter\" alt=\"insaurralde martin\" src=\"https:\/\/i0.wp.com\/www.24baires.com\/wp-content\/uploads\/2012\/11\/insaurralde-martin.jpg?resize=560%2C335\" width=\"560\" height=\"335\" srcset=\"https:\/\/i0.wp.com\/www.24baires.com\/wp-content\/uploads\/2012\/11\/insaurralde-martin.jpg?w=560&amp;ssl=1 560w, https:\/\/i0.wp.com\/www.24baires.com\/wp-content\/uploads\/2012\/11\/insaurralde-martin.jpg?resize=300%2C179&amp;ssl=1 300w\" sizes=\"auto, (max-width: 560px) 100vw, 560px\" \/><\/p>\n<p>Sin dudas la propuesta de Mart\u00edn Insaurralde iba m\u00e1s all\u00e1 de la baja en la imputabilidad de los menores, habl\u00f3 de un R\u00e9gimen Penal Juvenil, igualmente algunos que quieren ser m\u00e1s protagonistas que \u2018el\u2019 protagonista salieron por los medios a criticar al candidato de Cristina en la Provincia de Buenos Aires. No deben tener el tel\u00e9fono del Intendente de Lomas.<!--more--><\/p>\n<p>&nbsp;<br \/>\nObviamente esos medios hegem\u00f3nicos se hicieron el fest\u00edn con la \u201cdivisi\u00f3n del kirchnerismo\u201d por este tema. E Insaurralde no perdi\u00f3 oportunidad, ni acto, donde se encontr\u00f3 con los diputados oficialistas para hacerles notar cara a cara sus incongruencias. \u201c\u00bfAnduvieron todas las PASO pidi\u00e9ndome propuestas y que salga de abajo del ala de Cristina y a la primera que tiro me pegan peor que a Massa?\u201d fue el reproche que le hizo a los d\u00edscolos.<\/p>\n<p>&nbsp;<br \/>\n\u201cMart\u00edn est\u00e1 interpretando lo que la gente quiere\u201d espet\u00f3 el Intendente de La Matanza, Fernando Espinoza, ante la pregunta sobre esta propuesta, en b\u00fasqueda del resquebrajamiento del Frente para la Victoria del d\u00fao \u2018Pardepe\u2019 en TN. En definitiva los Intendentes son la primera l\u00ednea de batalla en las pol\u00edticas de seguridad. Son a los que le tocan el timbre los paisanos de a pie y le tiran los muertos frente a su puerta. Tienen mucho m\u00e1s autoridad intelectual incluso, que varios de los opinadores con dietas, funcionales a las corporaciones medi\u00e1ticas.<\/p>\n<p>&nbsp;<br \/>\nTambi\u00e9n Berni \u2013otro que pone la cara diariamente- fue concreto \u201chay que rescatar la decisi\u00f3n de nuestro candidato de poner en agenda un tema como este\u201d y desliz\u00f3 algo as\u00ed como que otros le escapan a esta propuesta por la sensibilidad que tiene.<\/p>\n<p>&nbsp;<br \/>\nEste s\u00e1bado la diputada Diana Conti, dio por cerrado el tema hasta despu\u00e9s de las elecciones. \u00bfQui\u00e9nes son para decidir cu\u00e1ndo el candidato puede proponer algo o no? Se est\u00e1 hablando de debatir no de decidir. Pero a algunos que creen criticar el autoritarismo hacia los menores no les interesa practicarlo puertas adentro parece.<\/p>\n<p>&nbsp;<br \/>\nEn definitiva, tampoco en esta columna estamos avalando o criticando la baja en la imputabilidad de los menores, solo queremos advertir sobre la falta de vocaci\u00f3n de triunfo de algunos sectores del kirchnerismo que por celos, tirria o aversi\u00f3n, no dejan crecer al Intendente que eligi\u00f3 la propia Presidenta para hacerle frente al candidato de las corporaciones, la derecha y el peronismo bizarro.<\/p>\n<p>&nbsp;<br \/>\nLa prueba contundente es el silencio de esos mismos cr\u00edticos de Insaurralde, ante el nombramiento de un impresentable como el nuevo Ministro de Seguridad bonaerense Alejandro Granados. \u00bfC\u00f3mo? \u00bfLo de este personaje, adalid de la \u2018mano dura\u2019 no es custionable y si el pedido de debate de su candidato? Cosas veredes, amigo Sancho\u2026<\/p>\n<p>&nbsp;<br \/>\nDespu\u00e9s de las legislativas para rasgarse las vestiduras, ser\u00e1 tarde. Aunque a la luz de las c\u00e1maras de TV, parecer\u00eda que algunos lo disfrutar\u00e1n desde sus eternas bancas.<\/p>\n<p>&nbsp;<\/p>\n<p>&nbsp;<\/p>\n","protected":false},"excerpt":{"rendered":"<p>Sin dudas la propuesta de Mart\u00edn Insaurralde iba m\u00e1s all\u00e1 de la baja en la imputabilidad de los menores, habl\u00f3 de un R\u00e9gimen Penal Juvenil, igualmente algunos que quieren ser m\u00e1s protagonistas que \u2018el\u2019 protagonista salieron por los medios a criticar al candidato de Cristina en la Provincia de Buenos Aires. No deben tener el tel\u00e9fono del Intendente de Lomas.<\/p>\n","protected":false},"author":11,"featured_media":0,"comment_status":"open","ping_status":"open","sticky":false,"template":"","format":"standard","meta":{"_jetpack_newsletter_access":"","_jetpack_dont_email_post_to_subs":false,"_jetpack_newsletter_tier_id":0,"_jetpack_memberships_contains_paywalled_content":false,"_jetpack_memberships_contains_paid_content":false,"footnotes":""},"categories":[64],"tags":[],"class_list":["post-32244","post","type-post","status-publish","format-standard","hentry","category-opinion"],"jetpack_featured_media_url":"","jetpack_shortlink":"https:\/\/wp.me\/p2JWE0-8o4","jetpack-related-posts":[{"id":102994,"url":"https:\/\/www.24baires.com\/?p=102994","url_meta":{"origin":32244,"position":0},"title":"Insaurralde lanz\u00f3 su carrera por la Gobernaci\u00f3n bonaerense","author":"GB","date":"26\/06\/2018","format":false,"excerpt":"El intendente de Lomas de Zamora, Mart\u00edn Insaurralde, se anot\u00f3 hoy oficialmente en la carrera por la Gobernaci\u00f3n bonaerense, al difundir el apoyo de una docena de intendentes para que empiece a \"caminar la provincia\". El intendente, uno de los principales referentes del peronismo \"dialoguista\" en la provincia, reuni\u00f3 hoy\u2026","rel":"","context":"En \u00abProvincia\u00bb","block_context":{"text":"Provincia","link":"https:\/\/www.24baires.com\/?cat=40"},"img":{"alt_text":"","src":"https:\/\/i0.wp.com\/www.24baires.com\/wp-content\/uploads\/2018\/06\/insaurralde-300x200.jpg?resize=350%2C200","width":350,"height":200},"classes":[]},{"id":31099,"url":"https:\/\/www.24baires.com\/?p=31099","url_meta":{"origin":32244,"position":1},"title":"Mart\u00edn Insaurralde: \u00abYo soy mi propio jefe de campa\u00f1a\u00bb","author":"Grupo Sierra","date":"31\/08\/2013","format":false,"excerpt":"As\u00ed lo afirm\u00f3 el intendente de Lomas de Zamora y primer candidato a diputado nacional por el Frente Para la Victoria, al diferenciarse de otros candidatos. En ese marco afirm\u00f3 neg\u00f3 que la presidenta Cristina Fern\u00e1ndez de Kirchner lo afecte en su recorrida pre electoral, y en ese sentido, asegur\u00f3\u2026","rel":"","context":"En \u00abPol\u00edtica\u00bb","block_context":{"text":"Pol\u00edtica","link":"https:\/\/www.24baires.com\/?cat=51"},"img":{"alt_text":"insaurralde microfono","src":"https:\/\/i0.wp.com\/www.24baires.com\/wp-content\/uploads\/2013\/08\/insaurralde-microfono.jpg?resize=350%2C200","width":350,"height":200,"srcset":"https:\/\/i0.wp.com\/www.24baires.com\/wp-content\/uploads\/2013\/08\/insaurralde-microfono.jpg?resize=350%2C200 1x, https:\/\/i0.wp.com\/www.24baires.com\/wp-content\/uploads\/2013\/08\/insaurralde-microfono.jpg?resize=525%2C300 1.5x"},"classes":[]},{"id":120531,"url":"https:\/\/www.24baires.com\/?p=120531","url_meta":{"origin":32244,"position":2},"title":"Kicillof: \u00abHay una provincia que no va a poder soportar un programa de derecha\u201d","author":"GB","date":"05\/10\/2023","format":false,"excerpt":"El gobernador, Axel Kicillof, retom\u00f3 la campa\u00f1a electoral, habl\u00f3 sobre el futuro de la Provincia y apunt\u00f3 contra los candidatos opositores: \"Lo que proponen es una estafa\". El gobernador de la provincia de Buenos Aires, Axel Kicillof retom\u00f3 la campa\u00f1a de cara a las elecciones del 22 de octubre, luego\u2026","rel":"","context":"En \u00abProvincia\u00bb","block_context":{"text":"Provincia","link":"https:\/\/www.24baires.com\/?cat=40"},"img":{"alt_text":"","src":"https:\/\/i0.wp.com\/www.24baires.com\/wp-content\/uploads\/2023\/10\/kicillof.webp?resize=350%2C200","width":350,"height":200,"srcset":"https:\/\/i0.wp.com\/www.24baires.com\/wp-content\/uploads\/2023\/10\/kicillof.webp?resize=350%2C200 1x, https:\/\/i0.wp.com\/www.24baires.com\/wp-content\/uploads\/2023\/10\/kicillof.webp?resize=525%2C300 1.5x, https:\/\/i0.wp.com\/www.24baires.com\/wp-content\/uploads\/2023\/10\/kicillof.webp?resize=700%2C400 2x"},"classes":[]},{"id":120523,"url":"https:\/\/www.24baires.com\/?p=120523","url_meta":{"origin":32244,"position":3},"title":"Mart\u00edn Insaurralde renunci\u00f3 a su candidatura en Lomas de Zamora","author":"GB","date":"02\/10\/2023","format":false,"excerpt":"Lo hab\u00eda reclamado Sergio Massa anoche, al t\u00e9rmino del debate, y hoy se hizo realidad: Mart\u00edn Insaurralde no ser\u00e1 candidato en Lomas de Zamora. Mart\u00edn Insaurralde renunci\u00f3 esta ma\u00f1ana a su candidatura a primer concejal de Lomas de Zamora, en medio del esc\u00e1ndalo que gener\u00f3 la filtraci\u00f3n de fotos de\u2026","rel":"","context":"En \u00abElecciones\u00bb","block_context":{"text":"Elecciones","link":"https:\/\/www.24baires.com\/?cat=316"},"img":{"alt_text":"","src":"https:\/\/i0.wp.com\/www.24baires.com\/wp-content\/uploads\/2023\/10\/insaurraldejpg.jpg?resize=350%2C200","width":350,"height":200,"srcset":"https:\/\/i0.wp.com\/www.24baires.com\/wp-content\/uploads\/2023\/10\/insaurraldejpg.jpg?resize=350%2C200 1x, https:\/\/i0.wp.com\/www.24baires.com\/wp-content\/uploads\/2023\/10\/insaurraldejpg.jpg?resize=525%2C300 1.5x, https:\/\/i0.wp.com\/www.24baires.com\/wp-content\/uploads\/2023\/10\/insaurraldejpg.jpg?resize=700%2C400 2x"},"classes":[]},{"id":118028,"url":"https:\/\/www.24baires.com\/?p=118028","url_meta":{"origin":32244,"position":4},"title":"Kicillof tom\u00f3 juramento a los ministros y los invit\u00f3 a ser \u00abun gabinete militante\u00bb","author":"AF","date":"21\/09\/2021","format":false,"excerpt":"El acto se realiz\u00f3 en el Teatro Metro de La Plata. Mart\u00edn Insaurralde jur\u00f3 como jefe de Gabinete; Carlos Bianco, ser\u00e1 jefe de asesores; Cristina \u00c1lvarez Rodr\u00edguez, ministra de Gobierno y Leonardo Nardini, ministro de Instraestructura. El gobernador de la provincia de Buenos Aires, Axel Kicillof, tom\u00f3 juramento a Mart\u00edn\u2026","rel":"","context":"En \u00abProvincia\u00bb","block_context":{"text":"Provincia","link":"https:\/\/www.24baires.com\/?cat=40"},"img":{"alt_text":"","src":"https:\/\/i0.wp.com\/www.24baires.com\/wp-content\/uploads\/2021\/09\/614a414bedf3d.09.2021-565_1004x565.jpg?resize=350%2C200","width":350,"height":200,"srcset":"https:\/\/i0.wp.com\/www.24baires.com\/wp-content\/uploads\/2021\/09\/614a414bedf3d.09.2021-565_1004x565.jpg?resize=350%2C200 1x, https:\/\/i0.wp.com\/www.24baires.com\/wp-content\/uploads\/2021\/09\/614a414bedf3d.09.2021-565_1004x565.jpg?resize=525%2C300 1.5x"},"classes":[]},{"id":120189,"url":"https:\/\/www.24baires.com\/?p=120189","url_meta":{"origin":32244,"position":5},"title":"Wado de Pedro encabeza acto en Mor\u00f3n","author":"GB","date":"15\/06\/2023","format":false,"excerpt":"Tras el cambio de nombre de la coalici\u00f3n oficialista, el Ministro del Interior de Alberto Fern\u00e1ndez y precandidato a Presidente desembarcar\u00e1 en Mor\u00f3n, donde estar\u00e1 acompa\u00f1ado por Lucas Ghi y Mart\u00edn Insaurralde. Tras la presentaci\u00f3n este mi\u00e9rcoles en el cierre para inscribir alianzas, Uni\u00f3n por la Patria (ex Frente de\u2026","rel":"","context":"En \u00abPol\u00edtica\u00bb","block_context":{"text":"Pol\u00edtica","link":"https:\/\/www.24baires.com\/?cat=51"},"img":{"alt_text":"","src":"https:\/\/i0.wp.com\/www.24baires.com\/wp-content\/uploads\/2023\/06\/wado-pedrojpg.jpg?resize=350%2C200","width":350,"height":200,"srcset":"https:\/\/i0.wp.com\/www.24baires.com\/wp-content\/uploads\/2023\/06\/wado-pedrojpg.jpg?resize=350%2C200 1x, https:\/\/i0.wp.com\/www.24baires.com\/wp-content\/uploads\/2023\/06\/wado-pedrojpg.jpg?resize=525%2C300 1.5x, https:\/\/i0.wp.com\/www.24baires.com\/wp-content\/uploads\/2023\/06\/wado-pedrojpg.jpg?resize=700%2C400 2x"},"classes":[]}],"jetpack_sharing_enabled":true,"jetpack_likes_enabled":true,"_links":{"self":[{"href":"https:\/\/www.24baires.com\/index.php?rest_route=\/wp\/v2\/posts\/32244","targetHints":{"allow":["GET"]}}],"collection":[{"href":"https:\/\/www.24baires.com\/index.php?rest_route=\/wp\/v2\/posts"}],"about":[{"href":"https:\/\/www.24baires.com\/index.php?rest_route=\/wp\/v2\/types\/post"}],"author":[{"embeddable":true,"href":"https:\/\/www.24baires.com\/index.php?rest_route=\/wp\/v2\/users\/11"}],"replies":[{"embeddable":true,"href":"https:\/\/www.24baires.com\/index.php?rest_route=%2Fwp%2Fv2%2Fcomments&post=32244"}],"version-history":[{"count":3,"href":"https:\/\/www.24baires.com\/index.php?rest_route=\/wp\/v2\/posts\/32244\/revisions"}],"predecessor-version":[{"id":32248,"href":"https:\/\/www.24baires.com\/index.php?rest_route=\/wp\/v2\/posts\/32244\/revisions\/32248"}],"wp:attachment":[{"href":"https:\/\/www.24baires.com\/index.php?rest_route=%2Fwp%2Fv2%2Fmedia&parent=32244"}],"wp:term":[{"taxonomy":"category","embeddable":true,"href":"https:\/\/www.24baires.com\/index.php?rest_route=%2Fwp%2Fv2%2Fcategories&post=32244"},{"taxonomy":"post_tag","embeddable":true,"href":"https:\/\/www.24baires.com\/index.php?rest_route=%2Fwp%2Fv2%2Ftags&post=32244"}],"curies":[{"name":"wp","href":"https:\/\/api.w.org\/{rel}","templated":true}]}}