{"id":3221,"date":"2012-10-25T19:48:47","date_gmt":"2012-10-25T22:48:47","guid":{"rendered":"http:\/\/www.24baires.com\/?p=3221"},"modified":"2012-10-25T19:48:47","modified_gmt":"2012-10-25T22:48:47","slug":"calle-13-cierra-los-festejos-por-el-130-aniversario-de-la-ciudad-de-la-plata","status":"publish","type":"post","link":"https:\/\/www.24baires.com\/?p=3221","title":{"rendered":"Calle 13 cierra los festejos por el 130\u00b0 aniversario de la ciudad de La Plata"},"content":{"rendered":"<p><img data-recalc-dims=\"1\" loading=\"lazy\" decoding=\"async\" class=\"aligncenter size-full wp-image-3222\" title=\"calle-13-visitante-rene\" src=\"https:\/\/i0.wp.com\/www.24baires.com\/wp-content\/uploads\/2012\/10\/calle-13-visitante-rene.jpg?resize=560%2C385\" alt=\"\" width=\"560\" height=\"385\" srcset=\"https:\/\/i0.wp.com\/www.24baires.com\/wp-content\/uploads\/2012\/10\/calle-13-visitante-rene.jpg?w=560&amp;ssl=1 560w, https:\/\/i0.wp.com\/www.24baires.com\/wp-content\/uploads\/2012\/10\/calle-13-visitante-rene.jpg?resize=300%2C206&amp;ssl=1 300w\" sizes=\"auto, (max-width: 560px) 100vw, 560px\" \/><br \/>\nEl 19 de noviembre, la ciudad de las diagonales festejar\u00e1 su cumplea\u00f1os con un cronograma de actividades culturales y art\u00edsticas. La presentaci\u00f3n de lujo quedar\u00e1 para lo \u00faltimo. La banda puertorrique\u00f1a har\u00e1 vibrar a los platenses.<!--more--><\/p>\n<p>El secretario de Gabinete de La Plata, Santiago Martorelli, fue quien confirm\u00f3 la noticia que ya circulaba por varias redes sociales.<\/p>\n<p>\u201cEste 19 de noviembre, lo celebraremos junto a una banda de la envergadura de Calle 13 para reafirmar la condici\u00f3n de Capital del rock, que se potenci\u00f3 con la apertura del Estadio \u00danico para recitales\u201d, dijo Martorelli en di\u00e1logo con Radio Provincia.<\/p>\n<p>Adem\u00e1s de confirmar la presentaci\u00f3n de Calle 13 en Plaza Moreno, el funcionario adelant\u00f3 que para el aniversario 130\u00b0 de La Plata habr\u00e1 un cronograma de actividades culturales y art\u00edsticas en distintos puntos de la ciudad, que incluir\u00e1 a diversas bandas locales<\/p>\n<p>Ren\u00e9 P\u00e9rez, l\u00edder de la banda puertorrique\u00f1a, estuvo por \u00faltima vez en esta ciudad el 1 de junio pasado para recibir en nombre de todo el grupo el premio Rodolfo Walsh de la Facultad de Periodismo y Comunicaci\u00f3n Social de la UNLP, por su aporte a la comunicaci\u00f3n popular en Latinoam\u00e9rica.<\/p>\n","protected":false},"excerpt":{"rendered":"<p>El 19 de noviembre, la ciudad de las diagonales festejar\u00e1 su cumplea\u00f1os con un cronograma de actividades culturales y art\u00edsticas. La presentaci\u00f3n de lujo quedar\u00e1 para lo \u00faltimo. La banda puertorrique\u00f1a har\u00e1 vibrar a los platenses.<\/p>\n","protected":false},"author":11,"featured_media":0,"comment_status":"open","ping_status":"open","sticky":false,"template":"","format":"standard","meta":{"_jetpack_newsletter_access":"","_jetpack_dont_email_post_to_subs":false,"_jetpack_newsletter_tier_id":0,"_jetpack_memberships_contains_paywalled_content":false,"_jetpack_memberships_contains_paid_content":false,"footnotes":""},"categories":[38],"tags":[],"class_list":["post-3221","post","type-post","status-publish","format-standard","hentry","category-locales"],"jetpack_featured_media_url":"","jetpack_shortlink":"https:\/\/wp.me\/p2JWE0-PX","jetpack-related-posts":[{"id":5956,"url":"https:\/\/www.24baires.com\/?p=5956","url_meta":{"origin":3221,"position":0},"title":"Finalmente Calle 13 cerrar\u00e1 los festejos por el 130\u00ba aniversario de La Plata","author":"AF","date":"19\/11\/2012","format":false,"excerpt":"La banda puertorrique\u00f1a \"Calle 13\" tocar\u00e1 gratis este lunes en La Plata, con motivo de celebrarse el 130\u00ba Aniversario de la ciudad. La banda que lidera el cantante Ren\u00e9 P\u00e9rez ser\u00e1 la encargada de cerrar los festejos por el aniversario de la capital provincial, luego de una serie de festivales\u2026","rel":"","context":"En \u00abLocales\u00bb","block_context":{"text":"Locales","link":"https:\/\/www.24baires.com\/?cat=38"},"img":{"alt_text":"","src":"https:\/\/i0.wp.com\/www.24baires.com\/wp-content\/uploads\/2012\/11\/ren%C3%A9-13.jpg?resize=350%2C200","width":350,"height":200,"srcset":"https:\/\/i0.wp.com\/www.24baires.com\/wp-content\/uploads\/2012\/11\/ren%C3%A9-13.jpg?resize=350%2C200 1x, https:\/\/i0.wp.com\/www.24baires.com\/wp-content\/uploads\/2012\/11\/ren%C3%A9-13.jpg?resize=525%2C300 1.5x"},"classes":[]},{"id":4367,"url":"https:\/\/www.24baires.com\/?p=4367","url_meta":{"origin":3221,"position":1},"title":"Quieren saber en La Plata a quienes contrataron para los festejos de los 130 a\u00f1os","author":"Grupo Sierra","date":"04\/11\/2012","format":false,"excerpt":"El Concejal Jos\u00e9 Arteaga solicit\u00f3 el viernes conocer cu\u00e1l ser\u00e1 el espect\u00e1culo contratado por la Municipalidad de La Plata para el acto de cierre de los festejos por el 130\u00ba Aniversario de la ciudad y requiri\u00f3 se detallen los recursos afectados para la realizaci\u00f3n de los diferentes festejos \u201cespecialmente para\u2026","rel":"","context":"En \u00abMunicipios\u00bb","block_context":{"text":"Municipios","link":"https:\/\/www.24baires.com\/?cat=44"},"img":{"alt_text":"","src":"","width":0,"height":0},"classes":[]},{"id":57347,"url":"https:\/\/www.24baires.com\/?p=57347","url_meta":{"origin":3221,"position":2},"title":"La Plata festeja sus 132 a\u00f1os a todo color","author":"Grupo Sierra","date":"18\/11\/2014","format":false,"excerpt":"Las autoridades locales informaron que habr\u00e1 feriado en la actividad p\u00fablica en el distrito y adem\u00e1s una serie de festejos que culminar\u00e1n por la noche en la Plaza Moreno con un espect\u00e1culo art\u00edstico. En el marco de los actos protocolares la jornada comenzar\u00e1 con el tradicional Tedeum, en la Catedral,\u2026","rel":"","context":"En \u00abLocales\u00bb","block_context":{"text":"Locales","link":"https:\/\/www.24baires.com\/?cat=38"},"img":{"alt_text":"Municipalidad_de_La_Plata","src":"https:\/\/i0.wp.com\/www.24baires.com\/wp-content\/uploads\/2014\/07\/Municipalidad_de_La_Plata.jpg?resize=350%2C200","width":350,"height":200,"srcset":"https:\/\/i0.wp.com\/www.24baires.com\/wp-content\/uploads\/2014\/07\/Municipalidad_de_La_Plata.jpg?resize=350%2C200 1x, https:\/\/i0.wp.com\/www.24baires.com\/wp-content\/uploads\/2014\/07\/Municipalidad_de_La_Plata.jpg?resize=525%2C300 1.5x"},"classes":[]},{"id":22160,"url":"https:\/\/www.24baires.com\/?p=22160","url_meta":{"origin":3221,"position":3},"title":"Ensenada se prepara para festejar su 212\u00ba aniversario","author":"AF","date":"29\/04\/2013","format":false,"excerpt":"Con un show musical de Karina \"La Princesita\" y la tradicional exposici\u00f3n de colectividades, Ensenada se prepara para la celebraci\u00f3n del 212\u00ba Aniversario de su fundaci\u00f3n con un cronograma de actividades libres y gratuitas. Los festejos comenzar\u00e1n el viernes con el solemne Tedeum en la Parroquia Nuestra Se\u00f1ora de La\u2026","rel":"","context":"En \u00abLocales\u00bb","block_context":{"text":"Locales","link":"https:\/\/www.24baires.com\/?cat=38"},"img":{"alt_text":"","src":"","width":0,"height":0},"classes":[]},{"id":45731,"url":"https:\/\/www.24baires.com\/?p=45731","url_meta":{"origin":3221,"position":4},"title":"City Bell festeja sus 100 a\u00f1os con un show a todo color","author":"Grupo Sierra","date":"11\/05\/2014","format":false,"excerpt":"Durante la jornada del s\u00e1bado se desarrollaron diversos shows art\u00edsticos en cada una de las esquinas de la calle peatonal Cantilo, como parte de los festejos que organiza la Municipalidad de La Plata por el 100\u00ba Aniversario de la localidad. Hoy domingo los festejos se retoman a las 11 de\u2026","rel":"","context":"En \u00abLocales\u00bb","block_context":{"text":"Locales","link":"https:\/\/www.24baires.com\/?cat=38"},"img":{"alt_text":"autenticos decadentes","src":"https:\/\/i0.wp.com\/www.24baires.com\/wp-content\/uploads\/2014\/05\/autenticos-decadentes.jpg?resize=350%2C200","width":350,"height":200,"srcset":"https:\/\/i0.wp.com\/www.24baires.com\/wp-content\/uploads\/2014\/05\/autenticos-decadentes.jpg?resize=350%2C200 1x, https:\/\/i0.wp.com\/www.24baires.com\/wp-content\/uploads\/2014\/05\/autenticos-decadentes.jpg?resize=525%2C300 1.5x"},"classes":[]},{"id":35227,"url":"https:\/\/www.24baires.com\/?p=35227","url_meta":{"origin":3221,"position":5},"title":"PJ bonaerense: postergan hasta el lunes la muestra de las candidaturas","author":"GB","date":"15\/11\/2013","format":false,"excerpt":"El Partido Justicialista bonaerense exhibir\u00e1 reci\u00e9n a partir del lunes las listas que competir\u00e1n por la conducci\u00f3n de ese espacio pol\u00edtico en la provincia de Buenos Aires en el marco de las elecciones internas que se celebrar\u00e1n el 15 de diciembre. \"Se comunica que atento al n\u00famero de listas presentadas,\u2026","rel":"","context":"En \u00abPol\u00edtica\u00bb","block_context":{"text":"Pol\u00edtica","link":"https:\/\/www.24baires.com\/?cat=51"},"img":{"alt_text":"","src":"","width":0,"height":0},"classes":[]}],"jetpack_sharing_enabled":true,"jetpack_likes_enabled":true,"_links":{"self":[{"href":"https:\/\/www.24baires.com\/index.php?rest_route=\/wp\/v2\/posts\/3221","targetHints":{"allow":["GET"]}}],"collection":[{"href":"https:\/\/www.24baires.com\/index.php?rest_route=\/wp\/v2\/posts"}],"about":[{"href":"https:\/\/www.24baires.com\/index.php?rest_route=\/wp\/v2\/types\/post"}],"author":[{"embeddable":true,"href":"https:\/\/www.24baires.com\/index.php?rest_route=\/wp\/v2\/users\/11"}],"replies":[{"embeddable":true,"href":"https:\/\/www.24baires.com\/index.php?rest_route=%2Fwp%2Fv2%2Fcomments&post=3221"}],"version-history":[{"count":2,"href":"https:\/\/www.24baires.com\/index.php?rest_route=\/wp\/v2\/posts\/3221\/revisions"}],"predecessor-version":[{"id":3224,"href":"https:\/\/www.24baires.com\/index.php?rest_route=\/wp\/v2\/posts\/3221\/revisions\/3224"}],"wp:attachment":[{"href":"https:\/\/www.24baires.com\/index.php?rest_route=%2Fwp%2Fv2%2Fmedia&parent=3221"}],"wp:term":[{"taxonomy":"category","embeddable":true,"href":"https:\/\/www.24baires.com\/index.php?rest_route=%2Fwp%2Fv2%2Fcategories&post=3221"},{"taxonomy":"post_tag","embeddable":true,"href":"https:\/\/www.24baires.com\/index.php?rest_route=%2Fwp%2Fv2%2Ftags&post=3221"}],"curies":[{"name":"wp","href":"https:\/\/api.w.org\/{rel}","templated":true}]}}