{"id":3218,"date":"2012-10-25T19:04:02","date_gmt":"2012-10-25T22:04:02","guid":{"rendered":"http:\/\/www.24baires.com\/?p=3218"},"modified":"2012-10-25T19:04:02","modified_gmt":"2012-10-25T22:04:02","slug":"el-senado-nacional-acordo-la-designacion-de-16-nuevos-conjueces","status":"publish","type":"post","link":"https:\/\/www.24baires.com\/?p=3218","title":{"rendered":"El Senado Nacional acord\u00f3 la designaci\u00f3n de 16 nuevos conjueces"},"content":{"rendered":"<p>La n\u00f3mina fue enviada por el Poder Ejecutivo al Senado para cubrir subrogancias en ese fuero y fue aprobada por 39 votos a favor y 21 en contra.<!--more--><\/p>\n<p>Se trata de una n\u00f3mina que tras su aprobaci\u00f3n, constituir\u00e1 la primera ocasi\u00f3n en la que se aplica la ley sancionada en el 2008 que fija el mecanismo para establecer qui\u00e9nes cubren las subrogancias cuando se producen vacantes transitorias en los juzgados.<\/p>\n<p>De acuerdo a la norma sancionada en 2008, cuando un juzgado se encuentre vacante, la c\u00e1mara del fuero \u00abproceder\u00e1 a la designaci\u00f3n de un subrogante de acuerdo con el siguiente orden: a) con un juez de igual competencia de la misma jurisdicci\u00f3n, teniendo prelaci\u00f3n el juez de la nominaci\u00f3n inmediata siguiente; b) por sorteo, entre la lista de conjueces confeccionada por el Poder Ejecutivo nacional\u00bb.<\/p>\n<p>La lista de 16 nombres recibi\u00f3 por parte de la Comisi\u00f3n de Acuerdos de la C\u00e1mara alta un dictamen de mayor\u00eda el jueves pasado.<\/p>\n<p>El miembro informante por el oficialismo fue el presidente de la Comisi\u00f3n de Acuerdo, el chubutense Marcelo Guinle, quien en su exposici\u00f3n detall\u00f3 que el sistema que rigi\u00f3 hasta el momento la designaci\u00f3n de jueces es \u00abcomplejo, irregular y arbitrario\u00bb.<\/p>\n<p>En este marco, precis\u00f3 que la Ley 26.376, sancionada en el 2008 para regular el sistema para cubrir subrogancias, prev\u00e9 que \u00abcada tres a\u00f1os el Poder Ejecutivo env\u00ede para su acuerdo al Senado una lista de conjueces integrada por abogados de la matr\u00edcula federal que re\u00fana los requisitos de la normativa vigente\u00bb.<\/p>\n<p>\u00abLa propia ley estipula que esta lista debe tener entre 10 y 30 conjueces para cada c\u00e1mara\u00bb, consign\u00f3 Guinle, quien record\u00f3 que esa ley \u00abvino a dar respuesta a un fallo de la Corte Suprema que declar\u00f3 inconstitucional el reglamento aplicado por el Consejo de la Magistratura para cubrir las subrogancias, lo que oblig\u00f3 a que el Parlamento se introdujera en el tratamiento de la cuesti\u00f3n\u00bb.<\/p>\n<p>El jefe del bloque del Frente para la Victoria, Miguel Angel Pichetto, defendi\u00f3 la Ley de Subrogancia argumentando que \u201cla decisi\u00f3n sobre esa norma es la b\u00fasqueda de la celeridad como requisito central\u201d.<\/p>\n<p>\u201cSi el fin propuesto es cubrir vacantes de manera transitoria, el proceso de selecci\u00f3n no pod\u00eda ser similar al otro\u201d, afirm\u00f3.<\/p>\n<p>A su turno, el radical Ernesto Sanz, sostuvo que su bloque \u201cno acompa\u00f1a el esp\u00edritu de la Ley y, por lo tanto, tampoco este pliego\u201d.<\/p>\n<p>El listado de 16 conjueces est\u00e1 integrado por Ricardo Peyrano, Eduardo Antonio Fachal, Gabriel Claudio Chamorro, Antonio Ireneo Rojas Salinas, Adolfo Mar\u00eda Ojea Quintana, Carlos Mar\u00eda C\u00e1rcova, Lucrecia Ana Decotto, Javier Alejandro Rodi\u00f1o, Federico Guillermo Serrano, Gustavo C\u00e9sar lvarez, Alberto Ricardo Aparicio, Carlos Mart\u00edn Arias, H\u00e9ctor Jorge Rodr\u00edguez, Rub\u00e9n Carlos Sartirana, Iv\u00e1n Ernesto Garbarino y Paula Feldman.<\/p>\n<p>En el marco del debate, tanto el radicalismo como el Peronismo Federal sugirieron que las n\u00f3minas podr\u00edan elaborarse en base a integrantes de las ternas de candidatos a jueces elaboradas por el Consejo de la Magistratura que no hayan sido designados como magistrados.<\/p>\n","protected":false},"excerpt":{"rendered":"<p>La n\u00f3mina fue enviada por el Poder Ejecutivo al Senado para cubrir subrogancias en ese fuero y fue aprobada por 39 votos a favor y 21 en contra.<\/p>\n","protected":false},"author":11,"featured_media":0,"comment_status":"open","ping_status":"open","sticky":false,"template":"","format":"standard","meta":{"_jetpack_newsletter_access":"","_jetpack_dont_email_post_to_subs":false,"_jetpack_newsletter_tier_id":0,"_jetpack_memberships_contains_paywalled_content":false,"_jetpack_memberships_contains_paid_content":false,"footnotes":""},"categories":[51],"tags":[],"class_list":["post-3218","post","type-post","status-publish","format-standard","hentry","category-politica"],"jetpack_featured_media_url":"","jetpack_shortlink":"https:\/\/wp.me\/p2JWE0-PU","jetpack-related-posts":[{"id":9605,"url":"https:\/\/www.24baires.com\/?p=9605","url_meta":{"origin":3218,"position":0},"title":"Imputan a jueces y consejeros por delitos durante la designaci\u00f3n de jueces subrogantes","author":"AF","date":"18\/12\/2012","format":false,"excerpt":"La decisi\u00f3n fue tomada por el fiscal Gerardo Di Masi, en el marco de una denuncia formulada por el gobierno por presuntos delitos durante el proceso de designaci\u00f3n de jueces subrogantes y por bloquear un concurso para designar nuevos titulares en los juzgados vacantes. El fiscal Gerardo Di Masi imput\u00f3\u2026","rel":"","context":"En \u00abMedios\u00bb","block_context":{"text":"Medios","link":"https:\/\/www.24baires.com\/?cat=54"},"img":{"alt_text":"","src":"","width":0,"height":0},"classes":[]},{"id":3875,"url":"https:\/\/www.24baires.com\/?p=3875","url_meta":{"origin":3218,"position":1},"title":"Renunciaron los camaristas del fuero civil y comercial federal Farrel y Kiernan","author":"AF","date":"30\/10\/2012","format":false,"excerpt":"Los integrantes de la C\u00e1mara Nacional de Apelaciones Civil y Comercial se alejaron de sus cargos para permitir la puesta en marcha del mecanismo que establece la ley para el nombramiento de subrogantes,\u00a0tras la pol\u00e9mica por la designaci\u00f3n de jueces en torno a la Ley de Medios.\u00a0 Los jueces Mart\u00edn\u2026","rel":"","context":"En \u00abPol\u00edtica\u00bb","block_context":{"text":"Pol\u00edtica","link":"https:\/\/www.24baires.com\/?cat=51"},"img":{"alt_text":"","src":"","width":0,"height":0},"classes":[]},{"id":68328,"url":"https:\/\/www.24baires.com\/?p=68328","url_meta":{"origin":3218,"position":2},"title":"An\u00edbal Fern\u00e1ndez: \u00abLo de Cabral corresponde que as\u00ed sea\u00bb","author":"AF","date":"30\/06\/2015","format":false,"excerpt":"El jefe de Gabinete volvi\u00f3 hoy a respaldar la decisi\u00f3n del Consejo de la Magistratura de ponerle punto final a la subrogancia del juez Mar\u00eda Cabral en la C\u00e1mara de Casaci\u00f3n Penal. El funcionario opin\u00f3 hoy que \u201csi alguien se siente indignado\u201d por esa resoluci\u00f3n, \u201cser\u00e1 un tema netamente personal\u201d.\u2026","rel":"","context":"En \u00abJUDICIALES\u00bb","block_context":{"text":"JUDICIALES","link":"https:\/\/www.24baires.com\/?cat=68"},"img":{"alt_text":"anibal conferencia","src":"https:\/\/i0.wp.com\/www.24baires.com\/wp-content\/uploads\/2015\/04\/anibal-conferencia.jpg?resize=350%2C200","width":350,"height":200,"srcset":"https:\/\/i0.wp.com\/www.24baires.com\/wp-content\/uploads\/2015\/04\/anibal-conferencia.jpg?resize=350%2C200 1x, https:\/\/i0.wp.com\/www.24baires.com\/wp-content\/uploads\/2015\/04\/anibal-conferencia.jpg?resize=525%2C300 1.5x"},"classes":[]},{"id":68458,"url":"https:\/\/www.24baires.com\/?p=68458","url_meta":{"origin":3218,"position":3},"title":"Cabral pidi\u00f3 una inconstitucionalidad para ser repuesto","author":"AF","date":"01\/07\/2015","format":false,"excerpt":"Los conjueces Norberto Frontini y Roberto Boico juraron como nuevos vocales subrogantes de la Sala I de la C\u00e1mara Federal de Casaci\u00f3n Penal, para lo cual fueron designados la semana pasada por el Consejo de la Magistratura, completando de este modo esa sala del m\u00e1ximo tribunal penal del pa\u00eds. La\u2026","rel":"","context":"En \u00abJUDICIALES\u00bb","block_context":{"text":"JUDICIALES","link":"https:\/\/www.24baires.com\/?cat=68"},"img":{"alt_text":"","src":"","width":0,"height":0},"classes":[]},{"id":68512,"url":"https:\/\/www.24baires.com\/?p=68512","url_meta":{"origin":3218,"position":4},"title":"Apelar\u00e1n el fallo que declar\u00f3 \u00abinv\u00e1lida\u00bb la designaci\u00f3n de Dur\u00e1n","author":"GB","date":"02\/07\/2015","format":false,"excerpt":"El Consejo de la Magistratura apelar\u00e1 el fallo del juez federal, Alberto Recondo, sobre la designaci\u00f3n del juez subrogante del Juzgado Federal N\u00b0 1 de La Plata. El Consejo de la Magistratura apelar\u00e1 el fallo del juez federal, Alberto Recondo, que declar\u00f3 \"inv\u00e1lida\" la designaci\u00f3n del juez subrogante del Juzgado\u2026","rel":"","context":"En \u00abPol\u00edtica\u00bb","block_context":{"text":"Pol\u00edtica","link":"https:\/\/www.24baires.com\/?cat=51"},"img":{"alt_text":"","src":"","width":0,"height":0},"classes":[]},{"id":1102,"url":"https:\/\/www.24baires.com\/?p=1102","url_meta":{"origin":3218,"position":5},"title":"Alak denunci\u00f3 maniobras \u00abfuncionales al Grupo Clar\u00edn\u00bb contra la vigencia plena de la Ley de Medios","author":"Grupo Sierra","date":"05\/10\/2012","format":false,"excerpt":"El ministro de Justicia se\u00a0refiri\u00f3\u00a0a la decisi\u00f3n de cinco integrantes de la Magistratura de bloquear la designaci\u00f3n del juez titular que deber\u00e1 fallar sobre la cl\u00e1usula que obliga al grupo Clar\u00edn a desinvertir. Alak advirti\u00f3 sobre una \"maniobra que apunta a tener en suspenso el art\u00edculo 161 de la ley\u2026","rel":"","context":"En \u00abMedios\u00bb","block_context":{"text":"Medios","link":"https:\/\/www.24baires.com\/?cat=54"},"img":{"alt_text":"","src":"","width":0,"height":0},"classes":[]}],"jetpack_sharing_enabled":true,"jetpack_likes_enabled":true,"_links":{"self":[{"href":"https:\/\/www.24baires.com\/index.php?rest_route=\/wp\/v2\/posts\/3218","targetHints":{"allow":["GET"]}}],"collection":[{"href":"https:\/\/www.24baires.com\/index.php?rest_route=\/wp\/v2\/posts"}],"about":[{"href":"https:\/\/www.24baires.com\/index.php?rest_route=\/wp\/v2\/types\/post"}],"author":[{"embeddable":true,"href":"https:\/\/www.24baires.com\/index.php?rest_route=\/wp\/v2\/users\/11"}],"replies":[{"embeddable":true,"href":"https:\/\/www.24baires.com\/index.php?rest_route=%2Fwp%2Fv2%2Fcomments&post=3218"}],"version-history":[{"count":2,"href":"https:\/\/www.24baires.com\/index.php?rest_route=\/wp\/v2\/posts\/3218\/revisions"}],"predecessor-version":[{"id":3220,"href":"https:\/\/www.24baires.com\/index.php?rest_route=\/wp\/v2\/posts\/3218\/revisions\/3220"}],"wp:attachment":[{"href":"https:\/\/www.24baires.com\/index.php?rest_route=%2Fwp%2Fv2%2Fmedia&parent=3218"}],"wp:term":[{"taxonomy":"category","embeddable":true,"href":"https:\/\/www.24baires.com\/index.php?rest_route=%2Fwp%2Fv2%2Fcategories&post=3218"},{"taxonomy":"post_tag","embeddable":true,"href":"https:\/\/www.24baires.com\/index.php?rest_route=%2Fwp%2Fv2%2Ftags&post=3218"}],"curies":[{"name":"wp","href":"https:\/\/api.w.org\/{rel}","templated":true}]}}