{"id":3214,"date":"2012-10-25T18:24:44","date_gmt":"2012-10-25T21:24:44","guid":{"rendered":"http:\/\/www.24baires.com\/?p=3214"},"modified":"2012-10-25T18:24:44","modified_gmt":"2012-10-25T21:24:44","slug":"abrieron-el-sobre-no-2-para-las-obras-de-la-ruta-provincial-6","status":"publish","type":"post","link":"https:\/\/www.24baires.com\/?p=3214","title":{"rendered":"Abrieron el Sobre N\u00ba 2 para las obras de la Ruta Provincial 6"},"content":{"rendered":"<p><img data-recalc-dims=\"1\" loading=\"lazy\" decoding=\"async\" class=\"aligncenter size-full wp-image-3215\" title=\"ruta 6 sobre 2\" src=\"https:\/\/i0.wp.com\/www.24baires.com\/wp-content\/uploads\/2012\/10\/ruta-6-sobre-2.jpg?resize=560%2C375\" alt=\"\" width=\"560\" height=\"375\" srcset=\"https:\/\/i0.wp.com\/www.24baires.com\/wp-content\/uploads\/2012\/10\/ruta-6-sobre-2.jpg?w=560&amp;ssl=1 560w, https:\/\/i0.wp.com\/www.24baires.com\/wp-content\/uploads\/2012\/10\/ruta-6-sobre-2.jpg?resize=300%2C200&amp;ssl=1 300w\" sizes=\"auto, (max-width: 560px) 100vw, 560px\" \/><\/p>\n<p>El administrador general de Vialidad de la provincia de Buenos Aires Ricardo Curetti, encabez\u00f3 hoy la apertura del Sobre N\u00ba 2 que contiene las ofertas para la licitaci\u00f3n de las obras de la Ruta Provincial N\u00ba 6, el cuarto anillo de circunvalaci\u00f3n del Gran Buenos Aires, que une La Plata con la zona portuaria de Campana &#8211; Z\u00e1rate y vincula las rutas nacionales m\u00e1s transitadas.<!--more--><\/p>\n<p>Curetti se\u00f1al\u00f3 que \u201cvenimos cumpliendo en tiempo y forma lo que el Gobernador Daniel Scioli nos pidi\u00f3 a trav\u00e9s del ministro Alejandro Arl\u00eda, que es la licitaci\u00f3n de la Ruta Provincial N\u00ba 6\u201d y remarc\u00f3 \u201cquiero agradecer la confianza y la decisi\u00f3n de los legisladores, ya que esta obra utilizar\u00e1 la modalidad de pago a trav\u00e9s de bonos. Quiero destacar el gesto de la C\u00e1mara de la Construcci\u00f3n y a los empresarios que han aceptado este nuevo sistema de pago\u201d.<\/p>\n<p>Asimismo, el funcionario provincial manifest\u00f3 que \u201chubo una decisi\u00f3n pol\u00edtica de nuestro Gobernador de hacer esta obra con el acompa\u00f1amiento de los legisladores, intendentes y vecinos. En este sentido, \u00abquiero resaltar el apoyo que la comunidad nos brind\u00f3 para que esto se concrete. Esta obra es muy importante para nuestra provincia porque significa m\u00e1s desarrollo productivo para la regi\u00f3n\u00bb.<\/p>\n<p>Esta ma\u00f1ana, en la sede de Vialidad, se llev\u00f3 a cabo la apertura del Sobre N\u00ba 2 el cual contiene las planillas de oferta, plan indicativo de trabajo, curva de inversiones y an\u00e1lisis de procesos de todas las empresas que presentaron sus ofertas. El pasado 25 de septiembre, el Gobernador Daniel hab\u00eda iniciado el proceso licitatorio con la apertura del Sobre N\u00ba 1 donde las empresas presentaron la documentaci\u00f3n requerida por la normativa vigente para acreditar la experiencia e idoneidad t\u00e9cnica y financiera.<\/p>\n<p>Para los 5 subtramos que conforman la obra \u201cRehabilitaci\u00f3n de la Ruta Provincial N\u00ba 6\u201d los oferentes fueron ocho, de los cuales se presentaron seis UTE (Uni\u00f3n Temporal de Empresas) y dos lo hicieron en forma individual.<\/p>\n<p>Del acto licitatorio participaron tambi\u00e9n: el subadministrador de Vialidad, Gast\u00f3n Zappettini; el gerente de Administraci\u00f3n, Sergio D\u00edaz; el gerente Ejecutivo, Gustavo Torrontegui; el gerente T\u00e9cnico, Carlos Arr\u00faa; y autoridades de Vialidad.<\/p>\n<p>Tambi\u00e9n el escribano adscripto superior de la Escriban\u00eda General de Gobierno, Luciano Scatolini y la asesora, Alicia Drago y la Delegada Celia Gherbi.<\/p>\n","protected":false},"excerpt":{"rendered":"<p>El administrador general de Vialidad de la provincia de Buenos Aires Ricardo Curetti, encabez\u00f3 hoy la apertura del Sobre N\u00ba 2 que contiene las ofertas para la licitaci\u00f3n de las obras de la Ruta Provincial N\u00ba 6, el cuarto anillo de circunvalaci\u00f3n del Gran Buenos Aires, que une La Plata con la zona portuaria de Campana &#8211; Z\u00e1rate y vincula [&#8230;]<\/p>\n","protected":false},"author":11,"featured_media":0,"comment_status":"open","ping_status":"open","sticky":false,"template":"","format":"standard","meta":{"_jetpack_newsletter_access":"","_jetpack_dont_email_post_to_subs":false,"_jetpack_newsletter_tier_id":0,"_jetpack_memberships_contains_paywalled_content":false,"_jetpack_memberships_contains_paid_content":false,"footnotes":""},"categories":[40],"tags":[],"class_list":["post-3214","post","type-post","status-publish","format-standard","hentry","category-provincia"],"jetpack_featured_media_url":"","jetpack_shortlink":"https:\/\/wp.me\/p2JWE0-PQ","jetpack-related-posts":[{"id":786,"url":"https:\/\/www.24baires.com\/?p=786","url_meta":{"origin":3214,"position":0},"title":"Acordaron con Bruera para que el primer tramo de la autov\u00eda 6 vaya por la calle 90","author":"Grupo Sierra","date":"01\/10\/2012","format":false,"excerpt":"El ministro de Infraestructura, Alejandro Arl\u00eda, recibi\u00f3 en su despacho al intendente de La Plata, Pablo Bruera, y junto a los equipos de trabajo de ambos gobiernos analizaron las posibilidades de continuaci\u00f3n de la ruta 6, en relaci\u00f3n al tramo a\u00fan no licitado. En este caso se trata tambi\u00e9n de\u2026","rel":"","context":"En \u00abProvincia\u00bb","block_context":{"text":"Provincia","link":"https:\/\/www.24baires.com\/?cat=40"},"img":{"alt_text":"","src":"","width":0,"height":0},"classes":[]},{"id":35974,"url":"https:\/\/www.24baires.com\/?p=35974","url_meta":{"origin":3214,"position":1},"title":"Repavimentar\u00e1n la Ruta 41","author":"AF","date":"30\/11\/2013","format":false,"excerpt":"Se licit\u00f3 la obra \"Refuerzo Estructural de pavimento en Ruta Provincial N\u00b041, Tramo: RN N\u00b05 - RN N\u00b07, en los partidos de Mercedes y San Andr\u00e9s de Giles\u201d. La viceministra de Infraestructura, Patricia Tombesi, destac\u00f3 la obra \u201cnecesaria para todos los vecinos de la zona que demandar\u00e1 al Gobierno Provincial\u2026","rel":"","context":"En \u00abLocales\u00bb","block_context":{"text":"Locales","link":"https:\/\/www.24baires.com\/?cat=38"},"img":{"alt_text":"ruta 6","src":"https:\/\/i0.wp.com\/www.24baires.com\/wp-content\/uploads\/2013\/04\/ruta-6.jpg?resize=350%2C200","width":350,"height":200,"srcset":"https:\/\/i0.wp.com\/www.24baires.com\/wp-content\/uploads\/2013\/04\/ruta-6.jpg?resize=350%2C200 1x, https:\/\/i0.wp.com\/www.24baires.com\/wp-content\/uploads\/2013\/04\/ruta-6.jpg?resize=525%2C300 1.5x"},"classes":[]},{"id":34836,"url":"https:\/\/www.24baires.com\/?p=34836","url_meta":{"origin":3214,"position":2},"title":"Avanzan obras de acceso al Puerto La Plata","author":"AF","date":"08\/11\/2013","format":false,"excerpt":"Con el objetivo de analizar el avance de las obras de acceso al Puerto La Plata y las alternativas de ingreso al mismo, se reunieron \u2013esta ma\u00f1ana en la sede del puerto\u2013 funcionarios de los organismos que intervienen en su ejecuci\u00f3n y y representantes de los municipios de La Plata,\u2026","rel":"","context":"En \u00abLocales\u00bb","block_context":{"text":"Locales","link":"https:\/\/www.24baires.com\/?cat=38"},"img":{"alt_text":"","src":"","width":0,"height":0},"classes":[]},{"id":31837,"url":"https:\/\/www.24baires.com\/?p=31837","url_meta":{"origin":3214,"position":3},"title":"En octubre repavimentar\u00e1n la Ruta 41","author":"GB","date":"14\/09\/2013","format":false,"excerpt":"MERCEDES- Juan Ignacio Ustarroz confirm\u00f3 que en octubre se har\u00e1 la licitaci\u00f3n para la repavimentaci\u00f3n total de la Ruta provincial 41. Asegur\u00f3 que \"las obras ser\u00e1n el resultado de un trabajo en equipo con los vecinos de la Comisi\u00f3n, la confirmaci\u00f3n de que tenemos que tirar todos para el mismo\u2026","rel":"","context":"En \u00abLocales\u00bb","block_context":{"text":"Locales","link":"https:\/\/www.24baires.com\/?cat=38"},"img":{"alt_text":"Mercedes","src":"https:\/\/i0.wp.com\/www.24baires.com\/wp-content\/uploads\/2013\/09\/Mercedes.jpg?resize=350%2C200","width":350,"height":200,"srcset":"https:\/\/i0.wp.com\/www.24baires.com\/wp-content\/uploads\/2013\/09\/Mercedes.jpg?resize=350%2C200 1x, https:\/\/i0.wp.com\/www.24baires.com\/wp-content\/uploads\/2013\/09\/Mercedes.jpg?resize=525%2C300 1.5x"},"classes":[]},{"id":425,"url":"https:\/\/www.24baires.com\/?p=425","url_meta":{"origin":3214,"position":4},"title":"Abrieron los sobres por la Ruta 6 y Scioli anunci\u00f3 el traspaso de la Autopista La Plata-Buenos Aires a la Provincia","author":"Grupo Sierra","date":"25\/09\/2012","format":false,"excerpt":"Daniel Scioli encabez\u00f3 la apertura de sobres para la licitaci\u00f3n de las obras de la Ruta 6, el cuarto anillo de circunvalaci\u00f3n del Gran Buenos Aires, que une La Plata con la zona portuaria de Campana-Z\u00e1rate y vincula las rutas nacionales m\u00e1s transitadas. Tambi\u00e9n ante varios incumplimientos de la concesionaria\u2026","rel":"","context":"En \u00abProvincia\u00bb","block_context":{"text":"Provincia","link":"https:\/\/www.24baires.com\/?cat=40"},"img":{"alt_text":"","src":"","width":0,"height":0},"classes":[]},{"id":12162,"url":"https:\/\/www.24baires.com\/?p=12162","url_meta":{"origin":3214,"position":5},"title":"Adjudican obras en la ruta 6 para la reconstrucci\u00f3n de cinco subtramos","author":"AF","date":"14\/01\/2013","format":false,"excerpt":"El gobierno bonaerense adjudic\u00f3 cinco subtramos de la obra \u201cRehabilitaci\u00f3n de la Ruta Provincial n\u00famero 6\u201d, por un monto total de $1.391.892.956,69, inform\u00f3 el Ministerio de Infraestructura bonaerense. Los trabajos incluyen reconstrucci\u00f3n de losas, construcci\u00f3n de segunda calzada y obras complementarias, y comprende los partidos de La Plata, Cnel. Brandsen,\u2026","rel":"","context":"En \u00abProvincia\u00bb","block_context":{"text":"Provincia","link":"https:\/\/www.24baires.com\/?cat=40"},"img":{"alt_text":"","src":"","width":0,"height":0},"classes":[]}],"jetpack_sharing_enabled":true,"jetpack_likes_enabled":true,"_links":{"self":[{"href":"https:\/\/www.24baires.com\/index.php?rest_route=\/wp\/v2\/posts\/3214","targetHints":{"allow":["GET"]}}],"collection":[{"href":"https:\/\/www.24baires.com\/index.php?rest_route=\/wp\/v2\/posts"}],"about":[{"href":"https:\/\/www.24baires.com\/index.php?rest_route=\/wp\/v2\/types\/post"}],"author":[{"embeddable":true,"href":"https:\/\/www.24baires.com\/index.php?rest_route=\/wp\/v2\/users\/11"}],"replies":[{"embeddable":true,"href":"https:\/\/www.24baires.com\/index.php?rest_route=%2Fwp%2Fv2%2Fcomments&post=3214"}],"version-history":[{"count":2,"href":"https:\/\/www.24baires.com\/index.php?rest_route=\/wp\/v2\/posts\/3214\/revisions"}],"predecessor-version":[{"id":3217,"href":"https:\/\/www.24baires.com\/index.php?rest_route=\/wp\/v2\/posts\/3214\/revisions\/3217"}],"wp:attachment":[{"href":"https:\/\/www.24baires.com\/index.php?rest_route=%2Fwp%2Fv2%2Fmedia&parent=3214"}],"wp:term":[{"taxonomy":"category","embeddable":true,"href":"https:\/\/www.24baires.com\/index.php?rest_route=%2Fwp%2Fv2%2Fcategories&post=3214"},{"taxonomy":"post_tag","embeddable":true,"href":"https:\/\/www.24baires.com\/index.php?rest_route=%2Fwp%2Fv2%2Ftags&post=3214"}],"curies":[{"name":"wp","href":"https:\/\/api.w.org\/{rel}","templated":true}]}}