{"id":3211,"date":"2012-10-25T17:30:44","date_gmt":"2012-10-25T20:30:44","guid":{"rendered":"http:\/\/www.24baires.com\/?p=3211"},"modified":"2012-10-26T11:30:12","modified_gmt":"2012-10-26T14:30:12","slug":"piden-a-fontevecchia-que-reincorpore-a-los-trabajadores-despedidos","status":"publish","type":"post","link":"https:\/\/www.24baires.com\/?p=3211","title":{"rendered":"Reclaman a Fontevecchia que reincorpore a los trabajadores despedidos"},"content":{"rendered":"<p>Trabajadores de la Editorial Perfil reclamaron este jueves por la reincorporaci\u00f3n de 21 empleados despedidos y por la adopci\u00f3n del convenio colectivo de trabajo firmado este a\u00f1o.<!--more--><br \/>\n\u00abPedimos que la empresa revea su postura y reincorpore definitivamente a los 21 compa\u00f1eros que recibieron el telegrama de despido el martes pasado. Adem\u00e1s, exigimos el cumplimiento del convenio que el gremio de prensa firm\u00f3 a comienzo de a\u00f1o\u00bb, dijo \u00a0el delegado Marcelo Iglesias.<\/p>\n<p>Iglesias explic\u00f3 que el Ministerio de Trabajo dict\u00f3 la conciliaci\u00f3n obligatoria por 15 d\u00edas h\u00e1biles y que la empresa, hasta el momento, mantiene la postura bajo el fundamento de estar en crisis y que, \u00abgracias a las nuevas tecnolog\u00edas\u00bb, varias tareas de los empleados pueden ser reemplazadas por internet.<\/p>\n<p>Este es el segundo conflicto que la Editorial Perfil tiene en lo que va del a\u00f1o.<\/p>\n<p>Cuando el diario Libre cerr\u00f3, varios empleados fueron despedidos, y tras el reclamo de los trabajadores, algunos lograron ser reincorporados, mientras que los que lo desearon dejaron la empresa mediante retiros voluntarios.<\/p>\n<p>Este jueves, los trabajadores cortaron la calle Chacabuco, esquina Diagonal Sur, en la puerta de la Editorial y contaron con el apoyo de las comisiones internas de T\u00e9lam, Ambito Financiero, Cr\u00f3nica, La Naci\u00f3n, BAE, Infonews y Diario Popular.<\/p>\n","protected":false},"excerpt":{"rendered":"<p>Trabajadores de la Editorial Perfil reclamaron este jueves por la reincorporaci\u00f3n de 21 empleados despedidos y por la adopci\u00f3n del convenio colectivo de trabajo firmado este a\u00f1o.<\/p>\n","protected":false},"author":11,"featured_media":0,"comment_status":"open","ping_status":"open","sticky":false,"template":"","format":"standard","meta":{"_jetpack_newsletter_access":"","_jetpack_dont_email_post_to_subs":false,"_jetpack_newsletter_tier_id":0,"_jetpack_memberships_contains_paywalled_content":false,"_jetpack_memberships_contains_paid_content":false,"footnotes":""},"categories":[54],"tags":[],"class_list":["post-3211","post","type-post","status-publish","format-standard","hentry","category-medios"],"jetpack_featured_media_url":"","jetpack_shortlink":"https:\/\/wp.me\/p2JWE0-PN","jetpack-related-posts":[{"id":95915,"url":"https:\/\/www.24baires.com\/?p=95915","url_meta":{"origin":3211,"position":0},"title":"La justicia orden\u00f3 que Pepsico reincorpore a los trabajadores despedidos","author":"GB","date":"15\/07\/2017","format":false,"excerpt":"En un fallo que se conoci\u00f3 2 horas despu\u00e9s del desalojo, la Sala VI de la C\u00e1mara laboral consider\u00f3 que la empresa no cumpli\u00f3 con el procedimiento preventivo de crisis. La sala VI C\u00e1mara Nacional de Apelaciones del Trabajo orden\u00f3 a la empresa PepsiCo \"cumplir con el deber de ocupaci\u00f3n\"\u2026","rel":"","context":"En \u00abSociedad\u00bb","block_context":{"text":"Sociedad","link":"https:\/\/www.24baires.com\/?cat=1"},"img":{"alt_text":"","src":"","width":0,"height":0},"classes":[]},{"id":77888,"url":"https:\/\/www.24baires.com\/?p=77888","url_meta":{"origin":3211,"position":1},"title":"Conflicto de Sol: Reincorporaron a los empleados despedidos","author":"GB","date":"20\/01\/2016","format":false,"excerpt":"La Aerol\u00ednea Sol dar\u00e1 marcha atr\u00e1s con los 300 despidos. Los trabajadores ser\u00e1n reincorporados y les dar\u00e1n vacaciones mientras se llevan adelante negociaciones para la venta con un inversor privado. Esa es la propuesta que lleva la empresa para los empleados a la reuni\u00f3n que se desarrolla en el ministerio\u2026","rel":"","context":"En \u00abPol\u00edtica\u00bb","block_context":{"text":"Pol\u00edtica","link":"https:\/\/www.24baires.com\/?cat=51"},"img":{"alt_text":"reclamo sol","src":"https:\/\/i0.wp.com\/www.24baires.com\/wp-content\/uploads\/2016\/01\/reclamo-sol.jpg?resize=350%2C200","width":350,"height":200,"srcset":"https:\/\/i0.wp.com\/www.24baires.com\/wp-content\/uploads\/2016\/01\/reclamo-sol.jpg?resize=350%2C200 1x, https:\/\/i0.wp.com\/www.24baires.com\/wp-content\/uploads\/2016\/01\/reclamo-sol.jpg?resize=525%2C300 1.5x"},"classes":[]},{"id":107974,"url":"https:\/\/www.24baires.com\/?p=107974","url_meta":{"origin":3211,"position":2},"title":"La f\u00e1brica de alimentos Alijor despidi\u00f3 una decena de trabajadores y amenaz\u00f3 con cerrar","author":"GB","date":"05\/05\/2019","format":false,"excerpt":"GAR\u00cdN-Adem\u00e1s, la empresa se niega a pagar indemnizaciones. El Consejo Directivo del STIA Filial Buenos Aires ya hab\u00eda denunciado penalmente al personal superior de Alijor S. A por una causa caratulada como \"hostigamiento\". La alimenticia Alijor con planta en Gar\u00edn de la provincia de Buenos Aires, se sum\u00f3 a la\u2026","rel":"","context":"En \u00abMunicipios\u00bb","block_context":{"text":"Municipios","link":"https:\/\/www.24baires.com\/?cat=44"},"img":{"alt_text":"","src":"https:\/\/i0.wp.com\/www.24baires.com\/wp-content\/uploads\/2019\/05\/ALIJOR-GARIN.jpg?resize=350%2C200","width":350,"height":200,"srcset":"https:\/\/i0.wp.com\/www.24baires.com\/wp-content\/uploads\/2019\/05\/ALIJOR-GARIN.jpg?resize=350%2C200 1x, https:\/\/i0.wp.com\/www.24baires.com\/wp-content\/uploads\/2019\/05\/ALIJOR-GARIN.jpg?resize=525%2C300 1.5x"},"classes":[]},{"id":110912,"url":"https:\/\/www.24baires.com\/?p=110912","url_meta":{"origin":3211,"position":3},"title":"Axi\u00f3n cerr\u00f3 una estaci\u00f3n en Mar del Plata: hay 12 despedidos","author":"GB","date":"24\/06\/2019","format":false,"excerpt":"La empresa decidi\u00f3 el cierre y despidi\u00f3 a los empleados. El sindicato intenta negociar la reincorporaci\u00f3n de los trabajadores. El cierre de una estaci\u00f3n de servicio de la firma Axion en la zona de Constituci\u00f3n provoc\u00f3 el despido de 12 trabajadores y desde el Sindicato de Mec\u00e1nicos y Afines del\u2026","rel":"","context":"En \u00abSociedad\u00bb","block_context":{"text":"Sociedad","link":"https:\/\/www.24baires.com\/?cat=1"},"img":{"alt_text":"","src":"https:\/\/i0.wp.com\/www.24baires.com\/wp-content\/uploads\/2019\/05\/axion.jpg?resize=350%2C200","width":350,"height":200,"srcset":"https:\/\/i0.wp.com\/www.24baires.com\/wp-content\/uploads\/2019\/05\/axion.jpg?resize=350%2C200 1x, https:\/\/i0.wp.com\/www.24baires.com\/wp-content\/uploads\/2019\/05\/axion.jpg?resize=525%2C300 1.5x"},"classes":[]},{"id":105836,"url":"https:\/\/www.24baires.com\/?p=105836","url_meta":{"origin":3211,"position":4},"title":"Trabajadores despedidos de SIAM marchan al Ministerio de Trabajo","author":"GB","date":"10\/12\/2018","format":false,"excerpt":"Los operarios echados de la metal\u00fargica ubicada en Avellaneda protestar\u00e1n a las 11.30 en las puertas del organismo en el marco de una nueva audiencia con la empresa. Ma\u00f1ana vence el plazo de la conciliaci\u00f3n obligatoria y la firma se niega a reincorporar a sus empleados. El conflicto desatado en\u2026","rel":"","context":"En \u00abSociedad\u00bb","block_context":{"text":"Sociedad","link":"https:\/\/www.24baires.com\/?cat=1"},"img":{"alt_text":"","src":"https:\/\/i0.wp.com\/www.24baires.com\/wp-content\/uploads\/2018\/12\/siam.jpg?resize=350%2C200","width":350,"height":200,"srcset":"https:\/\/i0.wp.com\/www.24baires.com\/wp-content\/uploads\/2018\/12\/siam.jpg?resize=350%2C200 1x, https:\/\/i0.wp.com\/www.24baires.com\/wp-content\/uploads\/2018\/12\/siam.jpg?resize=525%2C300 1.5x"},"classes":[]},{"id":62852,"url":"https:\/\/www.24baires.com\/?p=62852","url_meta":{"origin":3211,"position":5},"title":"Trabajadores de Lear reclamaron con un corte en Panamericana por la reincorporaci\u00f3n de despidos","author":"AF","date":"09\/03\/2015","format":false,"excerpt":"Los trabajadores de la autopartista Lear cortaron esta ma\u00f1ana la autopista Panamericana, a la altura de la localidad bonaerense de General Pacheco, en el norte del conurbano, para reclamar la reincorporaci\u00f3n de 16 empleados que fueron despedidos. Los trabajadores iniciaron la protesta alrededor de las 7.00 con el corte de\u2026","rel":"","context":"En \u00abSociedad\u00bb","block_context":{"text":"Sociedad","link":"https:\/\/www.24baires.com\/?cat=1"},"img":{"alt_text":"","src":"","width":0,"height":0},"classes":[]}],"jetpack_sharing_enabled":true,"jetpack_likes_enabled":true,"_links":{"self":[{"href":"https:\/\/www.24baires.com\/index.php?rest_route=\/wp\/v2\/posts\/3211","targetHints":{"allow":["GET"]}}],"collection":[{"href":"https:\/\/www.24baires.com\/index.php?rest_route=\/wp\/v2\/posts"}],"about":[{"href":"https:\/\/www.24baires.com\/index.php?rest_route=\/wp\/v2\/types\/post"}],"author":[{"embeddable":true,"href":"https:\/\/www.24baires.com\/index.php?rest_route=\/wp\/v2\/users\/11"}],"replies":[{"embeddable":true,"href":"https:\/\/www.24baires.com\/index.php?rest_route=%2Fwp%2Fv2%2Fcomments&post=3211"}],"version-history":[{"count":3,"href":"https:\/\/www.24baires.com\/index.php?rest_route=\/wp\/v2\/posts\/3211\/revisions"}],"predecessor-version":[{"id":3324,"href":"https:\/\/www.24baires.com\/index.php?rest_route=\/wp\/v2\/posts\/3211\/revisions\/3324"}],"wp:attachment":[{"href":"https:\/\/www.24baires.com\/index.php?rest_route=%2Fwp%2Fv2%2Fmedia&parent=3211"}],"wp:term":[{"taxonomy":"category","embeddable":true,"href":"https:\/\/www.24baires.com\/index.php?rest_route=%2Fwp%2Fv2%2Fcategories&post=3211"},{"taxonomy":"post_tag","embeddable":true,"href":"https:\/\/www.24baires.com\/index.php?rest_route=%2Fwp%2Fv2%2Ftags&post=3211"}],"curies":[{"name":"wp","href":"https:\/\/api.w.org\/{rel}","templated":true}]}}