{"id":3201,"date":"2012-10-25T17:35:33","date_gmt":"2012-10-25T20:35:33","guid":{"rendered":"http:\/\/www.24baires.com\/?p=3201"},"modified":"2012-10-26T11:59:32","modified_gmt":"2012-10-26T14:59:32","slug":"ministerio-publico-fiscal-y-de-la-defensa-se-aprobo-el-proyecto-para-su-creacion","status":"publish","type":"post","link":"https:\/\/www.24baires.com\/?p=3201","title":{"rendered":"Ministerio P\u00fablico Fiscal y de la Defensa: se aprob\u00f3 el proyecto para su creaci\u00f3n"},"content":{"rendered":"<p><img data-recalc-dims=\"1\" loading=\"lazy\" decoding=\"async\" class=\"aligncenter size-full wp-image-3208\" title=\"senado bonaerense\" src=\"https:\/\/i0.wp.com\/www.24baires.com\/wp-content\/uploads\/2012\/10\/senado-bonaerense1.jpg?resize=560%2C288\" alt=\"\" width=\"560\" height=\"288\" srcset=\"https:\/\/i0.wp.com\/www.24baires.com\/wp-content\/uploads\/2012\/10\/senado-bonaerense1.jpg?w=560&amp;ssl=1 560w, https:\/\/i0.wp.com\/www.24baires.com\/wp-content\/uploads\/2012\/10\/senado-bonaerense1.jpg?resize=300%2C154&amp;ssl=1 300w\" sizes=\"auto, (max-width: 560px) 100vw, 560px\" \/><\/p>\n<p>Se trata de una iniciativa impulsada por los senadores Santiago Carreras y Cristina Fioramonti, que determina la implementaci\u00f3n de un Ministerio P\u00fablico Fiscal y uno de la Defensa. Tambi\u00e9n obtuvo media sanci\u00f3n la creaci\u00f3n del Departamento Judicial Avellaneda-Lan\u00fas y la ampliaci\u00f3n del Departamento Judicial de Lomas de Zamora .<!--more--><\/p>\n<p>El proyecto, impulsado por la presidenta del bloque del Frente para la Victoria (FpV), Cristina Fioramonti y por el senador Santiago Carreras, determina que la cabeza del Ministerio P\u00fablico seguir\u00e1 siendo la Procuradur\u00eda General, tal como lo establece la Constituci\u00f3n Provincial, pero se plantea la creaci\u00f3n de un Ministerio P\u00fablico Fiscal y un Ministerio P\u00fablico de la Defensa con las figuras de Procurador y Subprocurador.<\/p>\n<p>Al respecto, Carreras se\u00f1al\u00f3: \u201cesta ley tiene que ver con los m\u00e1s vulnerados y con los que menos tienen, entendemos que tiene mucho que ver con la pol\u00edtica, con la esencia de esta c\u00e1mara y la composici\u00f3n de esta legislatura\u201d.<\/p>\n<p>\u201cDespu\u00e9s de los foros por la creaci\u00f3n de una Polic\u00eda Judicial, decidimos salir a trabajar en la calle, all\u00ed qued\u00f3 reflejado que era necesario crear un ministerio p\u00fablico fiscal\u201d, explic\u00f3.<\/p>\n<p>\u201cGeneramos un lugar que posibilita una justicia mas igualitaria, y ah\u00ed nos metemos en el terreno de lo social\u201d dijo Carreras y solicit\u00f3 \u201cempezar a hablar de la justicia social, de leyes igualitarias, de los m\u00e1s vulnerados, para que tengan una ley que los contemple y un derecho que los asista\u201d.<\/p>\n<p>\u201cEstamos legislando de cara a una sociedad que pide que innovemos, que seamos transgresores, que cambiemos los modelos de anta\u00f1o\u201d, subray\u00f3 el Senador.<\/p>\n<p>En ese sentido, asever\u00f3: \u201ccreo que es para celebrar la iniciativa de esta c\u00e1mara, el trabajo en conjunto, la madurez con la que hemos llegado al fin del trabajo, el consenso entre los bloques, la democracia y la pluralidad\u201d.<\/p>\n<p>En tanto, el proyecto de ley de creaci\u00f3n del Departamento Judicial Avellaneda-Lan\u00fas y la ampliaci\u00f3n del Departamento Judicial de Lomas de Zamora, obtuvo media sanci\u00f3n y ser\u00e1 tratado en la C\u00e1mara de Diputados.<\/p>\n<p>Por su parte, Fioramonti destac\u00f3 \u201cla generosidad de los bloques opositores para con el tratamiento de este proyecto\u201d y remarc\u00f3 que \u201ctodos sus aportes que fueron valios\u00edsimos\u201d.<\/p>\n<p>\u201cEste es un proyecto de la C\u00e1mara Legislativa, de todos\u201d, asegur\u00f3 Fioramonti y destac\u00f3 que est\u00e1 pensado para \u201cmejorar el sistema de justicia y aggionarlo a los tiempos que corren\u201d.<\/p>\n<p>Antes de finalizar, la presidenta del bloque del FpV, adelant\u00f3 que \u201cpara la pr\u00f3xima sesi\u00f3n estamos trabajando en un proyecto de ley de jury enjuiciamiento, y en otro, el de r\u00e9gimen de \u00e9tica para jueces y magistrados de los tres poderes\u201d.<\/p>\n<p>\u201cTambi\u00e9n estamos trabajando en las comisiones, el proyecto de ley de modificaci\u00f3n del consejo de la magistratura\u201d, concluy\u00f3 Fioramonti.<\/p>\n<p>Por otra parte, obtuvo media sanci\u00f3n el proyecto de ley de creaci\u00f3n del Departamento Judicial Avellaneda-Lan\u00fas, tambi\u00e9n impulsado por el senador Santiago Carreras.<\/p>\n<p>Al fundamentar el proyecto en el recinto, el Senador consider\u00f3 que \u00abera importante darle celeridad al tratamiento de esta iniciativa\u00bb y calific\u00f3 como \u00abfundamental el trabajo coordinado que se realiza con la Naci\u00f3n\u00bb.<\/p>\n<p>\u00abSe est\u00e1n gestionando los fondos correspondientes y el lugar para que este polo judicial pueda ser implementado lo m\u00e1s r\u00e1pido posible\u00bb, agreg\u00f3 en torno al proyecto que ahora deber\u00e1 ser tratado en la C\u00e1mara de Diputados bonaerense para obtener su sanci\u00f3n definitiva.<\/p>\n<p>Asegur\u00f3 que su par de bancada, Baldomero Alvarez de Olivera, hab\u00eda presentado un proyecto similar cuando era diputado, y dijo que ambas iniciativas \u00abtienen el mismo criterio: implementar una justicia m\u00e1s igualitaria y equitativa\u00bb.<\/p>\n<p>Por su parte, Alvarez de Olivera, dijo que \u00abel proyecto era largamente anhelado por la comunidad de Avellaneda y Lan\u00fas, y una reivindicaci\u00f3n permanente de varias d\u00e9cadas\u00bb.<\/p>\n<p>El proyecto se fundamenta a su vez en el n\u00famero de expedientes iniciados en cada distrito, y destaca que \u201cdurante el pasado a\u00f1o 2011 se iniciaron 38.357 causas por delitos penales en los partidos de Avellaneda y Lan\u00fas, mientras que en el resto del Departamento Judicial de Lomas de Zamora se iniciaron 68.974, lo cual nos indica que el nuevo Departamento padecer\u00eda un \u00edndice delictual mayor con relaci\u00f3n a la densidad poblacional\u201d.<\/p>\n<p>El mismo, consigui\u00f3 un amplio respaldo en los seis Partidos del conurbano que comprenden el Departamento Judicial de Lomas de Zamora: Almirante Brown, Avellaneda, Esteban Echeverr\u00eda, Ezeiza, Lan\u00fas y el propio Lomas.<\/p>\n","protected":false},"excerpt":{"rendered":"<p>Se trata de una iniciativa impulsada por los senadores Santiago Carreras y Cristina Fioramonti, que determina la implementaci\u00f3n de un Ministerio P\u00fablico Fiscal y uno de la Defensa. Tambi\u00e9n obtuvo media sanci\u00f3n la creaci\u00f3n del Departamento Judicial Avellaneda-Lan\u00fas y la ampliaci\u00f3n del Departamento Judicial de Lomas de Zamora .<\/p>\n","protected":false},"author":4,"featured_media":0,"comment_status":"open","ping_status":"open","sticky":false,"template":"","format":"standard","meta":{"_jetpack_newsletter_access":"","_jetpack_dont_email_post_to_subs":false,"_jetpack_newsletter_tier_id":0,"_jetpack_memberships_contains_paywalled_content":false,"_jetpack_memberships_contains_paid_content":false,"footnotes":""},"categories":[51],"tags":[],"class_list":["post-3201","post","type-post","status-publish","format-standard","hentry","category-politica"],"jetpack_featured_media_url":"","jetpack_shortlink":"https:\/\/wp.me\/p2JWE0-PD","jetpack-related-posts":[{"id":3805,"url":"https:\/\/www.24baires.com\/?p=3805","url_meta":{"origin":3201,"position":0},"title":"\u201cEl proyecto de Jury de enjuiciamiento propone una pol\u00edtica distinta para la Provincia\u201d","author":"Grupo Sierra","date":"30\/10\/2012","format":false,"excerpt":"Lo asegur\u00f3 el senador bonaerense, Santiago Carreras, quien se mostr\u00f3 confiado en que ser\u00e1 aprobado esta semana. Asimismo asegur\u00f3 que \u201ctenemos una fuerte expectativa considerando todo el trabajo que viene realizando la C\u00e1mara Alta, con leyes que son tan trascendentales\u201d. El pr\u00f3ximo jueves ser\u00e1 tratado en el Senado el proyecto\u2026","rel":"","context":"En \u00abProvincia\u00bb","block_context":{"text":"Provincia","link":"https:\/\/www.24baires.com\/?cat=40"},"img":{"alt_text":"","src":"https:\/\/i0.wp.com\/www.24baires.com\/wp-content\/uploads\/2012\/10\/carreras-santiago1-300x175.jpg?resize=350%2C200","width":350,"height":200},"classes":[]},{"id":116071,"url":"https:\/\/www.24baires.com\/?p=116071","url_meta":{"origin":3201,"position":1},"title":"La Reforma Judicial llega al recinto del Senado este jueves","author":"GB","date":"26\/08\/2020","format":false,"excerpt":"Hay fuertes rumores de acuerdo entre el oficialismo y un pu\u00f1ado de legisladores de Juntos por el Cambio que estar\u00edan dispuestos a acompa\u00f1ar el proyecto si hay modificaciones La C\u00e1mara de Senadores de la Naci\u00f3n debatier\u00e1 este jueves en sesi\u00f3n especial el proyecto de Ley de Reforma Judicial impulsado por\u2026","rel":"","context":"En \u00abPol\u00edtica\u00bb","block_context":{"text":"Pol\u00edtica","link":"https:\/\/www.24baires.com\/?cat=51"},"img":{"alt_text":"","src":"https:\/\/i0.wp.com\/www.24baires.com\/wp-content\/uploads\/2020\/06\/senado.jpg?resize=350%2C200","width":350,"height":200,"srcset":"https:\/\/i0.wp.com\/www.24baires.com\/wp-content\/uploads\/2020\/06\/senado.jpg?resize=350%2C200 1x, https:\/\/i0.wp.com\/www.24baires.com\/wp-content\/uploads\/2020\/06\/senado.jpg?resize=525%2C300 1.5x"},"classes":[]},{"id":57480,"url":"https:\/\/www.24baires.com\/?p=57480","url_meta":{"origin":3201,"position":2},"title":"Provincia crear\u00e1 fiscal\u00edas especializadas en violencia deportiva","author":"AF","date":"21\/11\/2014","format":false,"excerpt":"La C\u00e1mara baja bonaerense convirti\u00f3 en ley una iniciativa por la cual se crean unidades de investigaci\u00f3n y juicio para ese tipo de delitos. El proyecto, presentado por un senador del Frente para la Victoria, fue debatido con sectores vinculados a la violencia en el f\u00fatbol. La C\u00e1mara de Diputados\u2026","rel":"","context":"En \u00abProvincia\u00bb","block_context":{"text":"Provincia","link":"https:\/\/www.24baires.com\/?cat=40"},"img":{"alt_text":"","src":"","width":0,"height":0},"classes":[]},{"id":107735,"url":"https:\/\/www.24baires.com\/?p=107735","url_meta":{"origin":3201,"position":3},"title":"Pino Solanas present\u00f3 un proyecto para quitarle inmunidad a Stornelli","author":"AF","date":"20\/04\/2019","format":false,"excerpt":"La iniciativa le reclama al jefe de los fiscales, Eduardo Casal, para que proceda al enjuiciamiento de Stornelli por no presentarse a declarar ante el juez Ramos Padilla. El proyecto cuenta con el respaldo de 17 senadores. El senador porte\u00f1o Fernando \u201cPino\u201d Solanas present\u00f3 un proyecto donde le pide al\u2026","rel":"","context":"En \u00abJUDICIALES\u00bb","block_context":{"text":"JUDICIALES","link":"https:\/\/www.24baires.com\/?cat=68"},"img":{"alt_text":"","src":"https:\/\/i0.wp.com\/www.24baires.com\/wp-content\/uploads\/2019\/03\/stornelli-1.jpg?resize=350%2C200","width":350,"height":200,"srcset":"https:\/\/i0.wp.com\/www.24baires.com\/wp-content\/uploads\/2019\/03\/stornelli-1.jpg?resize=350%2C200 1x, https:\/\/i0.wp.com\/www.24baires.com\/wp-content\/uploads\/2019\/03\/stornelli-1.jpg?resize=525%2C300 1.5x"},"classes":[]},{"id":8955,"url":"https:\/\/www.24baires.com\/?p=8955","url_meta":{"origin":3201,"position":4},"title":"Amplia agenda para la Legislatura bonaerense","author":"AF","date":"13\/12\/2012","format":false,"excerpt":"La C\u00e1mara de Diputados tiene previsto sancionar la creaci\u00f3n del Polo Judicial Avellaneda-Lan\u00fas, la divisi\u00f3n de la Procuraci\u00f3n General y la reforma de la Ley de Enjuiciamiento de Magistrados. En el Senado, en tanto, se debatir\u00e1 el voto joven y la ley que limita las excarcelaciones, entre otros proyectos. Antes\u2026","rel":"","context":"En \u00abPol\u00edtica\u00bb","block_context":{"text":"Pol\u00edtica","link":"https:\/\/www.24baires.com\/?cat=51"},"img":{"alt_text":"","src":"https:\/\/i0.wp.com\/www.24baires.com\/wp-content\/uploads\/2012\/12\/diputados-ba-300x198.jpg?resize=350%2C200","width":350,"height":200},"classes":[]},{"id":67695,"url":"https:\/\/www.24baires.com\/?p=67695","url_meta":{"origin":3201,"position":5},"title":"Proponen un Procurador del jury de enjuiciamiento de jueces","author":"GB","date":"17\/06\/2015","format":false,"excerpt":"La titular del bloque del FpV de la C\u00e1mara de Senadores afirm\u00f3 que \u201cal juicio pol\u00edtico le est\u00e1 faltando una figura que impulse el procedimiento\u201d. La titular del bloque del FpV de la C\u00e1mara de Senadores de la Provincia de Buenos Aires, Cristina Fioramonti, se\u00f1al\u00f3 que \u201ces necesario aclarar que\u2026","rel":"","context":"En \u00abPol\u00edtica\u00bb","block_context":{"text":"Pol\u00edtica","link":"https:\/\/www.24baires.com\/?cat=51"},"img":{"alt_text":"","src":"","width":0,"height":0},"classes":[]}],"jetpack_sharing_enabled":true,"jetpack_likes_enabled":true,"_links":{"self":[{"href":"https:\/\/www.24baires.com\/index.php?rest_route=\/wp\/v2\/posts\/3201","targetHints":{"allow":["GET"]}}],"collection":[{"href":"https:\/\/www.24baires.com\/index.php?rest_route=\/wp\/v2\/posts"}],"about":[{"href":"https:\/\/www.24baires.com\/index.php?rest_route=\/wp\/v2\/types\/post"}],"author":[{"embeddable":true,"href":"https:\/\/www.24baires.com\/index.php?rest_route=\/wp\/v2\/users\/4"}],"replies":[{"embeddable":true,"href":"https:\/\/www.24baires.com\/index.php?rest_route=%2Fwp%2Fv2%2Fcomments&post=3201"}],"version-history":[{"count":4,"href":"https:\/\/www.24baires.com\/index.php?rest_route=\/wp\/v2\/posts\/3201\/revisions"}],"predecessor-version":[{"id":3207,"href":"https:\/\/www.24baires.com\/index.php?rest_route=\/wp\/v2\/posts\/3201\/revisions\/3207"}],"wp:attachment":[{"href":"https:\/\/www.24baires.com\/index.php?rest_route=%2Fwp%2Fv2%2Fmedia&parent=3201"}],"wp:term":[{"taxonomy":"category","embeddable":true,"href":"https:\/\/www.24baires.com\/index.php?rest_route=%2Fwp%2Fv2%2Fcategories&post=3201"},{"taxonomy":"post_tag","embeddable":true,"href":"https:\/\/www.24baires.com\/index.php?rest_route=%2Fwp%2Fv2%2Ftags&post=3201"}],"curies":[{"name":"wp","href":"https:\/\/api.w.org\/{rel}","templated":true}]}}