{"id":3195,"date":"2012-10-25T14:26:01","date_gmt":"2012-10-25T17:26:01","guid":{"rendered":"http:\/\/www.24baires.com\/?p=3195"},"modified":"2012-10-25T14:26:01","modified_gmt":"2012-10-25T17:26:01","slug":"ley-de-talles-comerciantes-deberan-exhibir-numeros-de-telefono-para-denuncias","status":"publish","type":"post","link":"https:\/\/www.24baires.com\/?p=3195","title":{"rendered":"Ley de Talles: comerciantes deber\u00e1n exhibir n\u00fameros de tel\u00e9fono para denuncias"},"content":{"rendered":"<p><img data-recalc-dims=\"1\" loading=\"lazy\" decoding=\"async\" class=\"alignleft size-thumbnail wp-image-3196\" title=\"ley de talles\" src=\"https:\/\/i0.wp.com\/www.24baires.com\/wp-content\/uploads\/2012\/10\/ley-de-talles.png?resize=150%2C150\" alt=\"\" width=\"150\" height=\"150\" \/>El Senado bonaerense aprob\u00f3 este jueves un proyecto de ley por el cual se obliga a todos los comercios de la provincia de Buenos Aires a disponer en su sal\u00f3n principal un cartel que alerte a los usuarios sobre aspectos de la llamada \u201cLey de Talles\u201d donde se lean claramente los n\u00fameros telef\u00f3nicos donde puedan concretar sus reclamos o denuncias.<!--more--><\/p>\n<p>Se trata de una iniciativa impulsada por el senador Alfredo Meckievi (Uni\u00f3n Pro Peronista), por el cual obliga a los comercios a \u201cexhibir en lugar de preferencia dentro del local de atenci\u00f3n al p\u00fablico, un cartel que contenga la leyenda \u00abLey 12665 &#8211; Ley de talles &#8211; Haga valer su derecho\u00bb\u201d.<\/p>\n<p>La normativa, puesta ahora a consideraci\u00f3n de la C\u00e1mara de Diputados, contempla que ese cartel deber\u00e1 \u201ctener agregado un n\u00famero de tel\u00e9fono que fijar\u00e1 la autoridad de aplicaci\u00f3n en el que el cliente podr\u00e1 hacer denuncias\u201d.<\/p>\n<p>Meckievi, explic\u00f3 en la fundamentaci\u00f3n de la iniciativa que \u201cdada la importancia que para muchos representa el esp\u00edritu de la Ley 12665 -llamada Ley de Talles- porque ataca a un flagelo de los tiempos actuales en materia de discriminaci\u00f3n por obesidad e imagen f\u00edsica, creemos necesario insistir en dar herramientas al consumidor a los efectos de poder hacer valer sus propios derechos\u201d.<\/p>\n","protected":false},"excerpt":{"rendered":"<p>El Senado bonaerense aprob\u00f3 este jueves un proyecto de ley por el cual se obliga a todos los comercios de la provincia de Buenos Aires a disponer en su sal\u00f3n principal un cartel que alerte a los usuarios sobre aspectos de la llamada \u201cLey de Talles\u201d donde se lean claramente los n\u00fameros telef\u00f3nicos donde puedan concretar sus reclamos o denuncias.<\/p>\n","protected":false},"author":4,"featured_media":0,"comment_status":"open","ping_status":"open","sticky":false,"template":"","format":"standard","meta":{"_jetpack_newsletter_access":"","_jetpack_dont_email_post_to_subs":false,"_jetpack_newsletter_tier_id":0,"_jetpack_memberships_contains_paywalled_content":false,"_jetpack_memberships_contains_paid_content":false,"footnotes":""},"categories":[1],"tags":[],"class_list":["post-3195","post","type-post","status-publish","format-standard","hentry","category-sociedad"],"jetpack_featured_media_url":"","jetpack_shortlink":"https:\/\/wp.me\/p2JWE0-Px","jetpack-related-posts":[{"id":92483,"url":"https:\/\/www.24baires.com\/?p=92483","url_meta":{"origin":3195,"position":0},"title":"Reclaman una Ley de Talles con alcance nacional","author":"AF","date":"17\/02\/2017","format":false,"excerpt":"Organizaciones de la sociedad civil y el Instituto Nacional contra la Discriminaci\u00f3n insistieron en su reclamo de una Ley Nacional para que comiencen a cumplirse cabalmente las muy dispares 12 normas provinciales, de las cuales solo cuatro est\u00e1n reglamentadas. El tema volvi\u00f3 a quedar sobre el tapete cuando la modelo\u2026","rel":"","context":"En \u00abSociedad\u00bb","block_context":{"text":"Sociedad","link":"https:\/\/www.24baires.com\/?cat=1"},"img":{"alt_text":"","src":"https:\/\/i0.wp.com\/www.24baires.com\/wp-content\/uploads\/2017\/02\/ley-talles.jpg?resize=350%2C200","width":350,"height":200,"srcset":"https:\/\/i0.wp.com\/www.24baires.com\/wp-content\/uploads\/2017\/02\/ley-talles.jpg?resize=350%2C200 1x, https:\/\/i0.wp.com\/www.24baires.com\/wp-content\/uploads\/2017\/02\/ley-talles.jpg?resize=525%2C300 1.5x"},"classes":[]},{"id":14843,"url":"https:\/\/www.24baires.com\/?p=14843","url_meta":{"origin":3195,"position":1},"title":"Ley de Talles: incumplimiento, quejas y advertencias","author":"AF","date":"06\/02\/2013","format":false,"excerpt":"Mientras muchas mujeres se quejan de que la Ley de Talles \u201cno se respeta\u201d en los negocios de la regi\u00f3n, el debate por la vigencia de la norma se reedita. Desde las C\u00e1maras de Comercio locales argumentan que \u201csi faltan talles es por faltas de stock\u201d, en tanto desde las\u2026","rel":"","context":"En \u00abSociedad\u00bb","block_context":{"text":"Sociedad","link":"https:\/\/www.24baires.com\/?cat=1"},"img":{"alt_text":"","src":"","width":0,"height":0},"classes":[]},{"id":46612,"url":"https:\/\/www.24baires.com\/?p=46612","url_meta":{"origin":3195,"position":2},"title":"Piden que los bares de La Plata tengan \u00abcarteles antidiscriminaci\u00f3n\u00bb","author":"Grupo Sierra","date":"23\/05\/2014","format":false,"excerpt":"De aprobarse un proyecto del concejal platense, Sebasti\u00e1n Tangorra, los establecimientos donde se realizan \u201cactividades inc\u00f3modas\u201d, como confiter\u00edas, discotecas, bares, cafeter\u00edas y restaurantes deber\u00e1n ajustarse a esta disposici\u00f3n, deber\u00e1n exhibir un cartel antidiscriminatorio . En el marco de una propuesta que promueve la convivencia social y el respeto a la\u2026","rel":"","context":"En \u00abLocales\u00bb","block_context":{"text":"Locales","link":"https:\/\/www.24baires.com\/?cat=38"},"img":{"alt_text":"bar caf\u00e9","src":"https:\/\/i0.wp.com\/www.24baires.com\/wp-content\/uploads\/2014\/05\/bar-caf%C3%A9.jpg?resize=350%2C200","width":350,"height":200,"srcset":"https:\/\/i0.wp.com\/www.24baires.com\/wp-content\/uploads\/2014\/05\/bar-caf%C3%A9.jpg?resize=350%2C200 1x, https:\/\/i0.wp.com\/www.24baires.com\/wp-content\/uploads\/2014\/05\/bar-caf%C3%A9.jpg?resize=525%2C300 1.5x"},"classes":[]},{"id":61179,"url":"https:\/\/www.24baires.com\/?p=61179","url_meta":{"origin":3195,"position":3},"title":"Multan a Coto por no tener ordenados los carteles de Precios Cuidados","author":"GB","date":"03\/02\/2015","format":false,"excerpt":"La justicia confirm\u00f3 una sanci\u00f3n impuesta a la cadena porque en las g\u00f3ndolas no estaban bien ordenadas las obleas que indican el nombre de los productos y el precio de los mismos, por lo que exigi\u00f3 al supermercado \"una mayor diligencia\" en exhibir sus precios. El fallo fue dictado por\u2026","rel":"","context":"En \u00abEconom\u00eda\u00bb","block_context":{"text":"Econom\u00eda","link":"https:\/\/www.24baires.com\/?cat=45"},"img":{"alt_text":"precios cuidados","src":"https:\/\/i0.wp.com\/www.24baires.com\/wp-content\/uploads\/2015\/02\/precios-cuidados.jpg?resize=350%2C200","width":350,"height":200,"srcset":"https:\/\/i0.wp.com\/www.24baires.com\/wp-content\/uploads\/2015\/02\/precios-cuidados.jpg?resize=350%2C200 1x, https:\/\/i0.wp.com\/www.24baires.com\/wp-content\/uploads\/2015\/02\/precios-cuidados.jpg?resize=525%2C300 1.5x"},"classes":[]},{"id":12148,"url":"https:\/\/www.24baires.com\/?p=12148","url_meta":{"origin":3195,"position":4},"title":"Comercios bonaerenses est\u00e1n obligados a exhibir los precios de venta al p\u00fablico","author":"AF","date":"14\/01\/2013","format":false,"excerpt":"El ministerio de la Producci\u00f3n, Ciencia y Tecnolog\u00eda bonaerense, a cargo de Cristian Breitenstein intensific\u00f3 los Operativos de Control en la Costa Atl\u00e1ntica, para garantizar el derecho de los consumidores a recibir plena informaci\u00f3n sobre los precios de bienes y servicios que se ofrecen a la venta, en el marco\u2026","rel":"","context":"En \u00abEconom\u00eda\u00bb","block_context":{"text":"Econom\u00eda","link":"https:\/\/www.24baires.com\/?cat=45"},"img":{"alt_text":"","src":"","width":0,"height":0},"classes":[]},{"id":113517,"url":"https:\/\/www.24baires.com\/?p=113517","url_meta":{"origin":3195,"position":5},"title":"Presentan cuatro denuncias penales contra las autoridades salientes del INCAA","author":"AF","date":"19\/12\/2019","format":false,"excerpt":"Implican al ex presidente de la instituci\u00f3n, Ralph Douglas Haiek, y al ex gerente general, Juan Francisco Victorino Garc\u00eda Aramburo. Las posibles penas abarcan hasta dos a\u00f1os de prisi\u00f3n. Este jueves se presentaron cuatro denuncias penales contra el presidente saliente del Instituto Nacional de Cine y Artes Audiovisuales (INCAA), Ralph\u2026","rel":"","context":"En \u00abJUDICIALES\u00bb","block_context":{"text":"JUDICIALES","link":"https:\/\/www.24baires.com\/?cat=68"},"img":{"alt_text":"","src":"https:\/\/i0.wp.com\/www.24baires.com\/wp-content\/uploads\/2017\/04\/incaa-300x200.jpg?resize=350%2C200","width":350,"height":200},"classes":[]}],"jetpack_sharing_enabled":true,"jetpack_likes_enabled":true,"_links":{"self":[{"href":"https:\/\/www.24baires.com\/index.php?rest_route=\/wp\/v2\/posts\/3195","targetHints":{"allow":["GET"]}}],"collection":[{"href":"https:\/\/www.24baires.com\/index.php?rest_route=\/wp\/v2\/posts"}],"about":[{"href":"https:\/\/www.24baires.com\/index.php?rest_route=\/wp\/v2\/types\/post"}],"author":[{"embeddable":true,"href":"https:\/\/www.24baires.com\/index.php?rest_route=\/wp\/v2\/users\/4"}],"replies":[{"embeddable":true,"href":"https:\/\/www.24baires.com\/index.php?rest_route=%2Fwp%2Fv2%2Fcomments&post=3195"}],"version-history":[{"count":1,"href":"https:\/\/www.24baires.com\/index.php?rest_route=\/wp\/v2\/posts\/3195\/revisions"}],"predecessor-version":[{"id":3197,"href":"https:\/\/www.24baires.com\/index.php?rest_route=\/wp\/v2\/posts\/3195\/revisions\/3197"}],"wp:attachment":[{"href":"https:\/\/www.24baires.com\/index.php?rest_route=%2Fwp%2Fv2%2Fmedia&parent=3195"}],"wp:term":[{"taxonomy":"category","embeddable":true,"href":"https:\/\/www.24baires.com\/index.php?rest_route=%2Fwp%2Fv2%2Fcategories&post=3195"},{"taxonomy":"post_tag","embeddable":true,"href":"https:\/\/www.24baires.com\/index.php?rest_route=%2Fwp%2Fv2%2Ftags&post=3195"}],"curies":[{"name":"wp","href":"https:\/\/api.w.org\/{rel}","templated":true}]}}