{"id":31801,"date":"2013-09-13T17:00:10","date_gmt":"2013-09-13T20:00:10","guid":{"rendered":"http:\/\/www.24baires.com\/?p=31801"},"modified":"2013-09-13T15:11:07","modified_gmt":"2013-09-13T18:11:07","slug":"para-aldo-rico-massa-es-un-buen-dirigente","status":"publish","type":"post","link":"https:\/\/www.24baires.com\/?p=31801","title":{"rendered":"Para Aldo Rico, Massa \u201cEs un buen dirigente\u201d"},"content":{"rendered":"<p><img data-recalc-dims=\"1\" loading=\"lazy\" decoding=\"async\" class=\"aligncenter size-full wp-image-31802\" alt=\"aldo rico\" src=\"https:\/\/i0.wp.com\/www.24baires.com\/wp-content\/uploads\/2013\/09\/aldo-rico.jpg?resize=560%2C313\" width=\"560\" height=\"313\" srcset=\"https:\/\/i0.wp.com\/www.24baires.com\/wp-content\/uploads\/2013\/09\/aldo-rico.jpg?w=560&amp;ssl=1 560w, https:\/\/i0.wp.com\/www.24baires.com\/wp-content\/uploads\/2013\/09\/aldo-rico.jpg?resize=300%2C167&amp;ssl=1 300w\" sizes=\"auto, (max-width: 560px) 100vw, 560px\" \/>A Eduardo Duhalde (y se\u00f1ora), Luis Barrionuevo, Mauricio Macri, y alg\u00fan gui\u00f1o del Momo Venegas, se les suma en esta lista de adherentes al espacio que conduce Sergio Massa y lo lleva como primer postulante a Diputado Nacional, el ex carapintada Aldo Rico.<!--more--><\/p>\n<p>As\u00ed, mientras se alistan los candidatos que pasaron las recientes PASO para competir en octubre por las bandas en disputa, el intendente de Tigre y principal contrincante del oficialismo cosecha elogios de quien en 1987 encabez\u00f3 un intento de insurrecci\u00f3n militar contra el presidente de entonces, Ra\u00fal Alfons\u00edn. Aunque Massa sigue haci\u00e9ndose el tonto con el apoyo expl\u00edcito del PRO de Macri, que le coloc\u00f3 candidatos en sus listas en provincia de Buenos Aires, parece que quiera \u00e9l o no, los sectores de la derecha argentina se sienten c\u00f3modos con su espacio pol\u00edtico y lo elogian: \u201cEs un buen dirigente\u201d, afirma Rico, quien, en contraposici\u00f3n a sus palabras agradables para con el l\u00edder del Frente Renovador, no ahorr\u00f3 cr\u00edticas al Kirchnerismo.<\/p>\n<p>Aunque, por otro lado, el que no habla nada bien del candidato respaldado por los medios hegem\u00f3nicos y los dirigentes de la derecha reaccionaria, es Francisco De Narv\u00e1ez. El \u2018colorado\u2019, luego del fracaso en las negociaciones con el massismo que lo llevaron a presentarse con lista propia en la provincia, no ahorra cr\u00edticas para el Frente Renovador. De hecho, ya tiene, como en la pel\u00edcula, los Pollitos en fuga, porque Hugo Moyano amaga con pegar el salto al grupo de Massa, aunque es candidato de De Narv\u00e1ez. Si, aun antes de que termine el proceso electoral ya hay reacomodamientos, tires y aflojes en negociaciones, como si las listas estuvieran aun por cerrarse. Pasa que las listas que siguen abiertas y expectantes son las del 2015, y nadie da puntada sin hilo.<\/p>\n<p>Ahora De Narv\u00e1ez acusa a Massa de haberle robado su proyecto sobre el Indec, que presentara all\u00e1 por el 2007: \u201cLeo el proyecto de Indec de Frente Renovador. Es lo mismo que proponemos desde 2007 y que diputados y candidatos del hoy FR nunca quisieron tratar. \u00bf\u00c9sta es la Renovaci\u00f3n?\u201d, se pregunt\u00f3 por Twitter. Luego hace unas cuantas disquisiciones y citas de su proyecto presentado en 2007 y 2010. Parece que el texto presentado por Massa goza de demasiadas coincidencias\u2026<\/p>\n<p>Otra queja punzante de De Narv\u00e1ez fue expresada en conferencia de prensa a poco de saberse los resultados de las primarias, y dijo que aunque lo quer\u00edan obligar a bajar su lista para apoyar a otros candidatos (Massa) no iba a hacerlo. Ya le hab\u00edan exigido lo mismo aun antes de Agosto los sectores medi\u00e1ticos y econ\u00f3micos que apoyan al Frente Renovador.<\/p>\n<p>Aun faltan unos cuarenta d\u00edas para las elecciones generales, tiempo sobrado para que otros dirigentes pol\u00edticos de anta\u00f1o abracen fuerte a Sergio Massa, como hizo ahora Aldo Rico. \u00bfEl resultado de apoyo? Lo veremos despu\u00e9s voto a voto, si es que el intendente de Tigre no trata de ocultar estas adhesiones, como se desvive por hacer con el espaldarazo de Macri.<\/p>\n","protected":false},"excerpt":{"rendered":"<p>A Eduardo Duhalde (y se\u00f1ora), Luis Barrionuevo, Mauricio Macri, y alg\u00fan gui\u00f1o del Momo Venegas, se les suma en esta lista de adherentes al espacio que conduce Sergio Massa y lo lleva como primer postulante a Diputado Nacional, el ex carapintada Aldo Rico.<\/p>\n","protected":false},"author":4,"featured_media":0,"comment_status":"open","ping_status":"open","sticky":false,"template":"","format":"standard","meta":{"_jetpack_newsletter_access":"","_jetpack_dont_email_post_to_subs":false,"_jetpack_newsletter_tier_id":0,"_jetpack_memberships_contains_paywalled_content":false,"_jetpack_memberships_contains_paid_content":false,"footnotes":""},"categories":[64],"tags":[],"class_list":["post-31801","post","type-post","status-publish","format-standard","hentry","category-opinion"],"jetpack_featured_media_url":"","jetpack_shortlink":"https:\/\/wp.me\/p2JWE0-8gV","jetpack-related-posts":[{"id":31728,"url":"https:\/\/www.24baires.com\/?p=31728","url_meta":{"origin":31801,"position":0},"title":"Aldo Rico manifest\u00f3 su apoyo a Sergio Massa","author":"AF","date":"12\/09\/2013","format":false,"excerpt":"El ex carapintada elogi\u00f3 al intendente de Tigre y critic\u00f3 con dureza al kirchnerismo: \"No tiene pol\u00edtica de nada. Ni de seguridad, ni energ\u00e9tica ni econ\u00f3mica. La \u00fanica pol\u00edtica que tiene es la de robar\". El ex intendente de San Miguel, Aldo Rico, elogi\u00f3 hoy al intendente de Tigre y\u2026","rel":"","context":"En \u00abPol\u00edtica\u00bb","block_context":{"text":"Pol\u00edtica","link":"https:\/\/www.24baires.com\/?cat=51"},"img":{"alt_text":"","src":"","width":0,"height":0},"classes":[]},{"id":55727,"url":"https:\/\/www.24baires.com\/?p=55727","url_meta":{"origin":31801,"position":1},"title":"Aldo Rico y De La Torre, de golpistas a massistas","author":"Grupo Sierra","date":"20\/10\/2014","format":false,"excerpt":"El diputado nacional Carlos Kunkel carg\u00f3 contra ambos dirigentes por impulsar intentos de \u201cdesestabilizaci\u00f3n de la democracia\u201d y sentenci\u00f3: \u201cNo pueden decir lo que quieren hacer, sino nadie los va a votar\u201d. El legislador nacional Carlos Kunkel record\u00f3 a Antonio Cafiero y compar\u00f3 su actitud con la de los referentes\u2026","rel":"","context":"En \u00abPol\u00edtica\u00bb","block_context":{"text":"Pol\u00edtica","link":"https:\/\/www.24baires.com\/?cat=51"},"img":{"alt_text":"Joaqu\u00edn de la Torre massa","src":"https:\/\/i0.wp.com\/www.24baires.com\/wp-content\/uploads\/2014\/10\/Joaqu%C3%ADn-de-la-Torre-massa.jpg?resize=350%2C200","width":350,"height":200,"srcset":"https:\/\/i0.wp.com\/www.24baires.com\/wp-content\/uploads\/2014\/10\/Joaqu%C3%ADn-de-la-Torre-massa.jpg?resize=350%2C200 1x, https:\/\/i0.wp.com\/www.24baires.com\/wp-content\/uploads\/2014\/10\/Joaqu%C3%ADn-de-la-Torre-massa.jpg?resize=525%2C300 1.5x"},"classes":[]},{"id":31795,"url":"https:\/\/www.24baires.com\/?p=31795","url_meta":{"origin":31801,"position":2},"title":"\u00abTiene l\u00f3gica que Rico vaya con Massa\u00bb, asegur\u00f3 An\u00edbal Fern\u00e1ndez","author":"AF","date":"13\/09\/2013","format":false,"excerpt":"El senador del Frente para la Victoria se refiri\u00f3 al apoyo del ex carapintada al candidato del Frente Renovador y calific\u00f3 a la lista de ese espacio como \"un puchero a la espa\u00f1ola armada por Magnetto\". Adem\u00e1s, habl\u00f3 sobre imputabilidad de menores, seguridad y trata. El ex militar carapintada confirm\u00f3\u2026","rel":"","context":"En \u00abPol\u00edtica\u00bb","block_context":{"text":"Pol\u00edtica","link":"https:\/\/www.24baires.com\/?cat=51"},"img":{"alt_text":"","src":"","width":0,"height":0},"classes":[]},{"id":73807,"url":"https:\/\/www.24baires.com\/?p=73807","url_meta":{"origin":31801,"position":3},"title":"Sol\u00e1: \u00abSin Massa, Scioli le gana caminando a Macri\u00bb","author":"GB","date":"19\/10\/2015","format":false,"excerpt":"De cara a las elecciones del pr\u00f3ximo domingo, el candidato a gobernador de Buenos Aires por el frente Unidos por una Nueva Alternativa (UNA), Felipe Sol\u00e1, expres\u00f3 que sin la presencia de su espacio, liderado por Sergio Massa, el kirchnerismo ganar\u00eda en primera vuelta. \"Si no estuviera el Frente Renovador,\u2026","rel":"","context":"En \u00abElecciones 2015\u00bb","block_context":{"text":"Elecciones 2015","link":"https:\/\/www.24baires.com\/?cat=74"},"img":{"alt_text":"felipe sol\u00e1","src":"https:\/\/i0.wp.com\/www.24baires.com\/wp-content\/uploads\/2014\/07\/felipe-sol%C3%A1.jpg?resize=350%2C200","width":350,"height":200,"srcset":"https:\/\/i0.wp.com\/www.24baires.com\/wp-content\/uploads\/2014\/07\/felipe-sol%C3%A1.jpg?resize=350%2C200 1x, https:\/\/i0.wp.com\/www.24baires.com\/wp-content\/uploads\/2014\/07\/felipe-sol%C3%A1.jpg?resize=525%2C300 1.5x"},"classes":[]},{"id":33878,"url":"https:\/\/www.24baires.com\/?p=33878","url_meta":{"origin":31801,"position":4},"title":"Massismo y pasado, sin\u00f3nimos del presente","author":"AF","date":"21\/10\/2013","format":false,"excerpt":"Sergio Massa tiene unos conceptos muy interesantes sobre el pasado y, por ende, sobre el presente y el futuro. Son interesantes y novedosos, porque son un tanto extra\u00f1os, de hecho hasta llaman la atenci\u00f3n por su singularidad. En cualquier diccionario, o en Google, una de las acepciones de \u2018pasado\u2019 es\u2026","rel":"","context":"En \u00abOpini\u00f3n\u00bb","block_context":{"text":"Opini\u00f3n","link":"https:\/\/www.24baires.com\/?cat=64"},"img":{"alt_text":"massa","src":"https:\/\/i0.wp.com\/www.24baires.com\/wp-content\/uploads\/2013\/10\/massa.jpg?resize=350%2C200","width":350,"height":200,"srcset":"https:\/\/i0.wp.com\/www.24baires.com\/wp-content\/uploads\/2013\/10\/massa.jpg?resize=350%2C200 1x, https:\/\/i0.wp.com\/www.24baires.com\/wp-content\/uploads\/2013\/10\/massa.jpg?resize=525%2C300 1.5x"},"classes":[]},{"id":74138,"url":"https:\/\/www.24baires.com\/?p=74138","url_meta":{"origin":31801,"position":5},"title":"El massismo reconoci\u00f3 que qued\u00f3 en tercer lugar","author":"GB","date":"25\/10\/2015","format":false,"excerpt":"Lo afirm\u00f3 el vocero de UNA, Alberto Fern\u00e1ndez, pero destac\u00f3 que \"la pol\u00edtica argentina ha revelado un nuevo personaje que es Sergio Massa\". Sin anticipar n\u00fameros precisos, dijo que \"dos de cada diez argentinos lo han elegido\". De igual forma se expres\u00f3 el economista Pignanelli. Por su parte, el economista\u2026","rel":"","context":"En \u00abElecciones 2015\u00bb","block_context":{"text":"Elecciones 2015","link":"https:\/\/www.24baires.com\/?cat=74"},"img":{"alt_text":"j","src":"https:\/\/i0.wp.com\/www.24baires.com\/wp-content\/uploads\/2015\/10\/j1.jpg?resize=350%2C200","width":350,"height":200,"srcset":"https:\/\/i0.wp.com\/www.24baires.com\/wp-content\/uploads\/2015\/10\/j1.jpg?resize=350%2C200 1x, https:\/\/i0.wp.com\/www.24baires.com\/wp-content\/uploads\/2015\/10\/j1.jpg?resize=525%2C300 1.5x"},"classes":[]}],"jetpack_sharing_enabled":true,"jetpack_likes_enabled":true,"_links":{"self":[{"href":"https:\/\/www.24baires.com\/index.php?rest_route=\/wp\/v2\/posts\/31801","targetHints":{"allow":["GET"]}}],"collection":[{"href":"https:\/\/www.24baires.com\/index.php?rest_route=\/wp\/v2\/posts"}],"about":[{"href":"https:\/\/www.24baires.com\/index.php?rest_route=\/wp\/v2\/types\/post"}],"author":[{"embeddable":true,"href":"https:\/\/www.24baires.com\/index.php?rest_route=\/wp\/v2\/users\/4"}],"replies":[{"embeddable":true,"href":"https:\/\/www.24baires.com\/index.php?rest_route=%2Fwp%2Fv2%2Fcomments&post=31801"}],"version-history":[{"count":1,"href":"https:\/\/www.24baires.com\/index.php?rest_route=\/wp\/v2\/posts\/31801\/revisions"}],"predecessor-version":[{"id":31803,"href":"https:\/\/www.24baires.com\/index.php?rest_route=\/wp\/v2\/posts\/31801\/revisions\/31803"}],"wp:attachment":[{"href":"https:\/\/www.24baires.com\/index.php?rest_route=%2Fwp%2Fv2%2Fmedia&parent=31801"}],"wp:term":[{"taxonomy":"category","embeddable":true,"href":"https:\/\/www.24baires.com\/index.php?rest_route=%2Fwp%2Fv2%2Fcategories&post=31801"},{"taxonomy":"post_tag","embeddable":true,"href":"https:\/\/www.24baires.com\/index.php?rest_route=%2Fwp%2Fv2%2Ftags&post=31801"}],"curies":[{"name":"wp","href":"https:\/\/api.w.org\/{rel}","templated":true}]}}