{"id":3176,"date":"2012-10-25T12:01:31","date_gmt":"2012-10-25T15:01:31","guid":{"rendered":"http:\/\/www.24baires.com\/?p=3176"},"modified":"2012-10-25T12:01:31","modified_gmt":"2012-10-25T15:01:31","slug":"fragata-no-libertad-si","status":"publish","type":"post","link":"https:\/\/www.24baires.com\/?p=3176","title":{"rendered":"Fragata no, Libertad s\u00ed"},"content":{"rendered":"<p><img data-recalc-dims=\"1\" loading=\"lazy\" decoding=\"async\" class=\"aligncenter size-full wp-image-3177\" title=\"fragata libertad\" src=\"https:\/\/i0.wp.com\/www.24baires.com\/wp-content\/uploads\/2012\/10\/fragata-libertad.jpg?resize=560%2C314\" alt=\"\" width=\"560\" height=\"314\" srcset=\"https:\/\/i0.wp.com\/www.24baires.com\/wp-content\/uploads\/2012\/10\/fragata-libertad.jpg?w=560&amp;ssl=1 560w, https:\/\/i0.wp.com\/www.24baires.com\/wp-content\/uploads\/2012\/10\/fragata-libertad.jpg?resize=300%2C168&amp;ssl=1 300w\" sizes=\"auto, (max-width: 560px) 100vw, 560px\" \/>El ministro de Defensa, Arturo Puricelli, asegur\u00f3 hoy que \u00abla Fragata Libertad va a volver a la Argentina\u00bb y remarc\u00f3 que \u00abno vamos a permitir que los fondos buitres manoseen la dignidad del pueblo argentino\u00bb.<!--more--><\/p>\n<p>\u00abEstoy absolutamente seguro de que va a volver a la Argentina. A veces la Justicia tarda, pero llega\u00bb, dijo Puricelli esta ma\u00f1ana a Radio 10, al referirse a la situaci\u00f3n del barco insignia de la Armada, retenido desde hace 23 d\u00edas en el puerto de Tema, en Ghana, a partir de la acci\u00f3n judicial de un fondo buitre.<br \/>\nEn ese marco, el titular de la cartera castrense tambi\u00e9n se\u00f1al\u00f3 que los fondos buitres \u00abno nos van a paralizar\u00bb, al tiempo que advirti\u00f3 que el gobierno argentino \u00abno va a negociar con ellos\u00bb.<br \/>\nAsimismo, Puricelli dijo que \u00abla planificaci\u00f3n del viaje fue del Ministerio de Defensa a partir de una propuesta de la Armada que nosotros decidimos estrat\u00e9gicamente en funci\u00f3n de la necesidad de acercarnos al continente africano como una propuesta de acercamiento pol\u00edtico a Africa\u00bb.<br \/>\nPor decisi\u00f3n de la presidenta Cristina Fern\u00e1ndez de Kirchner, esta madrugada regres\u00f3 al pa\u00eds la mayor parte de la tripulaci\u00f3n de la Fragata, en tanto en Ghana quedaron el capit\u00e1n y 43 marinos para resguardar el barco escuela retenido en el puerto de Tama.<\/p>\n","protected":false},"excerpt":{"rendered":"<p>El ministro de Defensa, Arturo Puricelli, asegur\u00f3 hoy que \u00abla Fragata Libertad va a volver a la Argentina\u00bb y remarc\u00f3 que \u00abno vamos a permitir que los fondos buitres manoseen la dignidad del pueblo argentino\u00bb.<\/p>\n","protected":false},"author":4,"featured_media":0,"comment_status":"open","ping_status":"open","sticky":false,"template":"","format":"standard","meta":{"_jetpack_newsletter_access":"","_jetpack_dont_email_post_to_subs":false,"_jetpack_newsletter_tier_id":0,"_jetpack_memberships_contains_paywalled_content":false,"_jetpack_memberships_contains_paid_content":false,"footnotes":""},"categories":[51],"tags":[],"class_list":["post-3176","post","type-post","status-publish","format-standard","hentry","category-politica"],"jetpack_featured_media_url":"","jetpack_shortlink":"https:\/\/wp.me\/p2JWE0-Pe","jetpack-related-posts":[{"id":11455,"url":"https:\/\/www.24baires.com\/?p=11455","url_meta":{"origin":3176,"position":0},"title":"Ya navega en aguas argentinas la Fragata Libertad","author":"Grupo Sierra","date":"07\/01\/2013","format":false,"excerpt":"La cartera de Defensa, que encabeza Arturo Puricelli, precis\u00f3 que la Fragata Libertad a las 03.32 de la madrugada de hoy cruz\u00f3 el l\u00edmite lateral mar\u00edtimo e ingres\u00f3 en aguas de jurisdicci\u00f3n argentina. Reiter\u00f3 que se espera su arribo a la Base Naval Mar del Plata el mi\u00e9rcoles a la\u2026","rel":"","context":"En \u00abSociedad\u00bb","block_context":{"text":"Sociedad","link":"https:\/\/www.24baires.com\/?cat=1"},"img":{"alt_text":"fragata libertad","src":"https:\/\/i0.wp.com\/www.24baires.com\/wp-content\/uploads\/2012\/12\/fragata-libertad.jpg?resize=350%2C200","width":350,"height":200,"srcset":"https:\/\/i0.wp.com\/www.24baires.com\/wp-content\/uploads\/2012\/12\/fragata-libertad.jpg?resize=350%2C200 1x, https:\/\/i0.wp.com\/www.24baires.com\/wp-content\/uploads\/2012\/12\/fragata-libertad.jpg?resize=525%2C300 1.5x"},"classes":[]},{"id":9669,"url":"https:\/\/www.24baires.com\/?p=9669","url_meta":{"origin":3176,"position":1},"title":"La Fragata Libertad atracar\u00e1 en Mar del Plata el 9 de enero, asegur\u00f3 Cristina","author":"Grupo Sierra","date":"18\/12\/2012","format":false,"excerpt":"La Presidenta anunci\u00f3 que instruy\u00f3 al Ministerio de Defensa para que el barco atraque all\u00ed el 9 de enero, luego de que los 98 marinos que completar\u00e1n la tripulaci\u00f3n partieran este martes hacia Ghana. \"Ahora ser\u00e1 s\u00edmbolo de la soberan\u00eda y la dignidad nacional contra los que quieren atropellar a\u2026","rel":"","context":"En \u00abPol\u00edtica\u00bb","block_context":{"text":"Pol\u00edtica","link":"https:\/\/www.24baires.com\/?cat=51"},"img":{"alt_text":"","src":"","width":0,"height":0},"classes":[]},{"id":11651,"url":"https:\/\/www.24baires.com\/?p=11651","url_meta":{"origin":3176,"position":2},"title":"Finalmente atrac\u00f3 la Fragata Libertad en el Puerto de Mar del Plata","author":"Grupo Sierra","date":"09\/01\/2013","format":false,"excerpt":"La Fragata ARA Libertad ingres\u00f3 al puerto de Mar del Plata procedente de Ghana, donde fue retenida ilegalmente por la justicia local a ra\u00edz de una acci\u00f3n interpuesta por un fondo buitre. El acto que encabezar\u00e1 la Presidenta comienza a las 20. Miles de personas cubr\u00edan esta tarde los parques\u2026","rel":"","context":"En \u00abPol\u00edtica\u00bb","block_context":{"text":"Pol\u00edtica","link":"https:\/\/www.24baires.com\/?cat=51"},"img":{"alt_text":"fragata entra","src":"https:\/\/i0.wp.com\/www.24baires.com\/wp-content\/uploads\/2013\/01\/fragata-entra.jpg?resize=350%2C200","width":350,"height":200,"srcset":"https:\/\/i0.wp.com\/www.24baires.com\/wp-content\/uploads\/2013\/01\/fragata-entra.jpg?resize=350%2C200 1x, https:\/\/i0.wp.com\/www.24baires.com\/wp-content\/uploads\/2013\/01\/fragata-entra.jpg?resize=525%2C300 1.5x"},"classes":[]},{"id":9537,"url":"https:\/\/www.24baires.com\/?p=9537","url_meta":{"origin":3176,"position":3},"title":"Piden que la Fragata Libertad amarre en enero en Mar del Plata","author":"Grupo Sierra","date":"17\/12\/2012","format":false,"excerpt":"La senadora provincial Cristina Di Rado solicitar\u00e1 formalmente que el buque escuela una vez que llegue al puerto de Buenos Aires, se dirija cuanto antes a Mar del Plata. \"Hay m\u00faltiples razones que apoyan mi pedido, pero las m\u00e1s importante es el cari\u00f1o que cada vez que llega a Mar\u2026","rel":"","context":"En \u00abPol\u00edtica\u00bb","block_context":{"text":"Pol\u00edtica","link":"https:\/\/www.24baires.com\/?cat=51"},"img":{"alt_text":"","src":"","width":0,"height":0},"classes":[]},{"id":22488,"url":"https:\/\/www.24baires.com\/?p=22488","url_meta":{"origin":3176,"position":4},"title":"\u00abLa causa Malvinas tendr\u00e1 su fin al tener la posesi\u00f3n de las islas\u00bb","author":"Grupo Sierra","date":"02\/05\/2013","format":false,"excerpt":"As\u00ed lo se\u00f1al\u00f3 el ministro de Defensa, Arturo Puricelli, durante un acto por el trig\u00e9simo primer aniversario del hundimiento del Crucero General Belgrano. \"El gobierno est\u00e1 dispuesto a agotar los recursos para hacer que la posesi\u00f3n definitiva de las Islas vuelva al territorio nacional, de donde nunca tuvieron que ser\u2026","rel":"","context":"En \u00abPol\u00edtica\u00bb","block_context":{"text":"Pol\u00edtica","link":"https:\/\/www.24baires.com\/?cat=51"},"img":{"alt_text":"","src":"","width":0,"height":0},"classes":[]},{"id":16021,"url":"https:\/\/www.24baires.com\/?p=16021","url_meta":{"origin":3176,"position":5},"title":"La Fragata Libertad parti\u00f3 de Mar del Plata hacia Puerto Madryn","author":"AF","date":"18\/02\/2013","format":false,"excerpt":"La fragata, que durante su permanencia en el puerto marplatense fue visitada por 130 mil turistas, parti\u00f3 rumbo a la ciudad chubutense de Puerto Madryn y luego ser\u00e1 llevada al astillero R\u00edo Santiago para su alistamiento. La nave, que el 9 de enero pasado hab\u00eda sido recibida por la presidenta\u2026","rel":"","context":"En \u00abSociedad\u00bb","block_context":{"text":"Sociedad","link":"https:\/\/www.24baires.com\/?cat=1"},"img":{"alt_text":"fragata libertad","src":"https:\/\/i0.wp.com\/www.24baires.com\/wp-content\/uploads\/2012\/12\/fragata-libertad-300x200.jpg?resize=350%2C200","width":350,"height":200},"classes":[]}],"jetpack_sharing_enabled":true,"jetpack_likes_enabled":true,"_links":{"self":[{"href":"https:\/\/www.24baires.com\/index.php?rest_route=\/wp\/v2\/posts\/3176","targetHints":{"allow":["GET"]}}],"collection":[{"href":"https:\/\/www.24baires.com\/index.php?rest_route=\/wp\/v2\/posts"}],"about":[{"href":"https:\/\/www.24baires.com\/index.php?rest_route=\/wp\/v2\/types\/post"}],"author":[{"embeddable":true,"href":"https:\/\/www.24baires.com\/index.php?rest_route=\/wp\/v2\/users\/4"}],"replies":[{"embeddable":true,"href":"https:\/\/www.24baires.com\/index.php?rest_route=%2Fwp%2Fv2%2Fcomments&post=3176"}],"version-history":[{"count":3,"href":"https:\/\/www.24baires.com\/index.php?rest_route=\/wp\/v2\/posts\/3176\/revisions"}],"predecessor-version":[{"id":3180,"href":"https:\/\/www.24baires.com\/index.php?rest_route=\/wp\/v2\/posts\/3176\/revisions\/3180"}],"wp:attachment":[{"href":"https:\/\/www.24baires.com\/index.php?rest_route=%2Fwp%2Fv2%2Fmedia&parent=3176"}],"wp:term":[{"taxonomy":"category","embeddable":true,"href":"https:\/\/www.24baires.com\/index.php?rest_route=%2Fwp%2Fv2%2Fcategories&post=3176"},{"taxonomy":"post_tag","embeddable":true,"href":"https:\/\/www.24baires.com\/index.php?rest_route=%2Fwp%2Fv2%2Ftags&post=3176"}],"curies":[{"name":"wp","href":"https:\/\/api.w.org\/{rel}","templated":true}]}}