{"id":3173,"date":"2012-10-25T11:40:32","date_gmt":"2012-10-25T14:40:32","guid":{"rendered":"http:\/\/www.24baires.com\/?p=3173"},"modified":"2012-10-25T11:40:32","modified_gmt":"2012-10-25T14:40:32","slug":"suteba-y-feb-analizan-como-continuar-y-udocba-para-por-48-horas","status":"publish","type":"post","link":"https:\/\/www.24baires.com\/?p=3173","title":{"rendered":"SUTEBA y FEB analizan c\u00f3mo continuar y UDOCBA para por 48 horas"},"content":{"rendered":"<p>Pas\u00f3 el temblor esta semana, aunque el descontento de los maestros persiste. El gremio minoritario inicia una huelga de 48 horas, mientras que SUTEBA y la FEB analizar\u00e1n c\u00f3mo contin\u00faa el plan de lucha. Roberto Baradel reclama gestos a la administraci\u00f3n bonaerense para la pr\u00f3xima semana y Mirta Petrocini vuelve a criticar la ausencia de respuestas.<!--more--><\/p>\n<p>Tras el vendaval que ocasion\u00f3 el Frente Gremial Docente, este jueves le toca al gremio minoritario del sector, la Uni\u00f3n de Docentes de la Provincia de Buenos Aires (UDOCBA), alineado con la Confederaci\u00f3n General del Trabajo (CGT). La medida de fuerza es por 48 por horas y continuar\u00e1 el viernes, con la vista en varios reclamos, principalmente la elevaci\u00f3n del m\u00ednimo a 3.900 pesos.<\/p>\n<p>El impacto de esta protesta es dispar y afecta mayormente al Conurbano y La Plata, donde el gremio conducido por Miguel D\u00edaz tiene mayor representaci\u00f3n.<\/p>\n<p>As\u00ed, algunos colegios no padecen el cese y otros funcionan entre un 20 y 50 por ciento.<\/p>\n<p>Pero lo primordial pasa por los sindicatos de la Central de Trabajadores de la Argentina (CTA). A partir de ahora, los maestros analizar\u00e1n los pasos a seguir en el marco de su lucha sectorial, luego que la Gobernaci\u00f3n reconfirmara su intenci\u00f3n de no reabrir las paritarias ni aplicar aumentos salariales y que en el Ministerio de Trabajo bonaerense, a cargo de Oscar Cuartango, comunicaran la negativa a abonar a los d\u00edas de huelga.<\/p>\n<p>Por caso, la Federaci\u00f3n de Educadores Bonaerenses (FEB) anunci\u00f3 que convoca a asambleas distritales para el martes 30 de octubre con \u201cla finalidad de debatir y establecer una posici\u00f3n ante la falta de convocatoria para discutir y dar soluciones a los reclamos del sector\u201d, seg\u00fan especificaron desde el espacio que lidera Mirta Petrocini.<\/p>\n<p>No descartan nuevas actividades para el corto plazo. \u201cLas asambleas ser\u00e1n el puntapi\u00e9 para traer los resultados de las discusiones y adoptar una decisi\u00f3n en el congreso que llevaremos a cabo el 1\u00b0 de noviembre\u201d, anticip\u00f3 la l\u00edder gremial y apunt\u00f3 que \u201csi es el sentir de los docentes\u201d la idea, en pr\u00f3ximas semanas, es \u201cprofundizar las medidas de fuerza\u201d.<\/p>\n<p>Petrocini indic\u00f3 tambi\u00e9n que \u201cno se puede descalificar la contundencia de las medidas\u201d y observ\u00f3 que \u201chacer otras lecturas, ideol\u00f3gicas y pol\u00edticas, es desconocer la realidad educativa\u201d.<\/p>\n<p>En tanto que Roberto Baradel, Secretario General del Sindicato Unificado de Trabajadores de la Educaci\u00f3n de Buenos Aires (SUTEBA), insisti\u00f3 con los pedidos sectoriales. \u201cPara la semana que viene esperamos que se convoque a las comisiones t\u00e9cnicas de la paritaria (incluida la salarial), que se pague a los docentes con quienes se tiene una deuda, que se restablezca el servicio de transporte escolar donde est\u00e1 cortado, que se ponga en marcha el \u00e1rea de infraestructura, y que se discuta y resuelva el tema de las asignaciones familiares\u201d, enumer\u00f3 el titular de la CTA bonaerense.<\/p>\n<p>\u201cEn caso de que no haya respuesta, vamos a convocar nuevamente a reuniones de delegados y a un plenario de secretarios generales para definir c\u00f3mo sigue el conflicto\u201d, agreg\u00f3.<\/p>\n","protected":false},"excerpt":{"rendered":"<p>Pas\u00f3 el temblor esta semana, aunque el descontento de los maestros persiste. El gremio minoritario inicia una huelga de 48 horas, mientras que SUTEBA y la FEB analizar\u00e1n c\u00f3mo contin\u00faa el plan de lucha. Roberto Baradel reclama gestos a la administraci\u00f3n bonaerense para la pr\u00f3xima semana y Mirta Petrocini vuelve a criticar la ausencia de respuestas.<\/p>\n","protected":false},"author":4,"featured_media":0,"comment_status":"open","ping_status":"open","sticky":false,"template":"","format":"standard","meta":{"_jetpack_newsletter_access":"","_jetpack_dont_email_post_to_subs":false,"_jetpack_newsletter_tier_id":0,"_jetpack_memberships_contains_paywalled_content":false,"_jetpack_memberships_contains_paid_content":false,"footnotes":""},"categories":[1],"tags":[],"class_list":["post-3173","post","type-post","status-publish","format-standard","hentry","category-sociedad"],"jetpack_featured_media_url":"","jetpack_shortlink":"https:\/\/wp.me\/p2JWE0-Pb","jetpack-related-posts":[{"id":100834,"url":"https:\/\/www.24baires.com\/?p=100834","url_meta":{"origin":3173,"position":0},"title":"No arrancan las clases en la Provincia: Suteba confirm\u00f3 paro de 48 horas","author":"GB","date":"02\/03\/2018","format":false,"excerpt":"El Plenario de Secretarixs Generales del SUTEBA confirm\u00f3 el paro de 48 hs para los d\u00edas lunes 5 -con una fuerte movilizaci\u00f3n- y martes 6, por lo que las clases no arrancan en la Provincia. Ahora se espera que la FEB anuncie su decisi\u00f3n. Con la paritaria estancada, y despu\u00e9s\u2026","rel":"","context":"En \u00abProvincia\u00bb","block_context":{"text":"Provincia","link":"https:\/\/www.24baires.com\/?cat=40"},"img":{"alt_text":"","src":"https:\/\/i0.wp.com\/www.24baires.com\/wp-content\/uploads\/2017\/04\/baradel-suteba.jpg?resize=350%2C200","width":350,"height":200,"srcset":"https:\/\/i0.wp.com\/www.24baires.com\/wp-content\/uploads\/2017\/04\/baradel-suteba.jpg?resize=350%2C200 1x, https:\/\/i0.wp.com\/www.24baires.com\/wp-content\/uploads\/2017\/04\/baradel-suteba.jpg?resize=525%2C300 1.5x"},"classes":[]},{"id":54867,"url":"https:\/\/www.24baires.com\/?p=54867","url_meta":{"origin":3173,"position":1},"title":"Docentes bonaerenses contin\u00faan recolectando firmas para m\u00e1s presupuesto","author":"AF","date":"06\/10\/2014","format":false,"excerpt":"Los maestros del Frente Gremial Docente bonaerense que comandan FEB y Suteba continuar\u00e1n esta semana con la campa\u00f1a de firmas para exigir a la Provincia un incremento en el presupuesto destinado a educaci\u00f3n. El jueves pasado el Frente Gremial Docente (FEB, Suteba, Amet, UDA y Sadop) lanz\u00f3 una campa\u00f1a de\u2026","rel":"","context":"En \u00abSociedad\u00bb","block_context":{"text":"Sociedad","link":"https:\/\/www.24baires.com\/?cat=1"},"img":{"alt_text":"baradel denuncia inspectores","src":"https:\/\/i0.wp.com\/www.24baires.com\/wp-content\/uploads\/2013\/05\/baradel-denuncia-inspectores.jpg?resize=350%2C200","width":350,"height":200,"srcset":"https:\/\/i0.wp.com\/www.24baires.com\/wp-content\/uploads\/2013\/05\/baradel-denuncia-inspectores.jpg?resize=350%2C200 1x, https:\/\/i0.wp.com\/www.24baires.com\/wp-content\/uploads\/2013\/05\/baradel-denuncia-inspectores.jpg?resize=525%2C300 1.5x"},"classes":[]},{"id":100825,"url":"https:\/\/www.24baires.com\/?p=100825","url_meta":{"origin":3173,"position":2},"title":"UDOCBA lanz\u00f3 un paro de 48 horas desde el lunes y puso en jaque el inicio de clases","author":"GB","date":"02\/03\/2018","format":false,"excerpt":"Se trata del primer gremio que, de manera org\u00e1nica, confirma paro de actividades en rechazo a las ofertas salariales que efectu\u00f3 la Provincia. Tambi\u00e9n paran los afiliados a SUTEBA Multicolor. Tras la celebraci\u00f3n de un plenario de secretarios generales, UDOCBA, el gremio docente afin a la CGT que comanda Miguel\u2026","rel":"","context":"En \u00abProvincia\u00bb","block_context":{"text":"Provincia","link":"https:\/\/www.24baires.com\/?cat=40"},"img":{"alt_text":"","src":"https:\/\/i0.wp.com\/www.24baires.com\/wp-content\/uploads\/2013\/12\/Dise%C3%B1o-de-escuelas.jpg?resize=350%2C200","width":350,"height":200,"srcset":"https:\/\/i0.wp.com\/www.24baires.com\/wp-content\/uploads\/2013\/12\/Dise%C3%B1o-de-escuelas.jpg?resize=350%2C200 1x, https:\/\/i0.wp.com\/www.24baires.com\/wp-content\/uploads\/2013\/12\/Dise%C3%B1o-de-escuelas.jpg?resize=525%2C300 1.5x"},"classes":[]},{"id":85735,"url":"https:\/\/www.24baires.com\/?p=85735","url_meta":{"origin":3173,"position":3},"title":"Con tres gremios de paro, recomenzaron las clases en la Provincia","author":"AF","date":"01\/08\/2016","format":false,"excerpt":"Con algunos docentes de seccionales disidentes del gremio Suteba, Udocba y auxiliares de educaci\u00f3n de ATE de paro, alumnos de todos los niveles educativos de la provincia volver\u00e1n este lunes a clases en la mayor\u00eda de las escuelas bonaerenses tras el receso invernal. Pese a la huelga que afectar\u00e1 a\u2026","rel":"","context":"En \u00abSociedad\u00bb","block_context":{"text":"Sociedad","link":"https:\/\/www.24baires.com\/?cat=1"},"img":{"alt_text":"colegio la plata","src":"https:\/\/i0.wp.com\/www.24baires.com\/wp-content\/uploads\/2016\/06\/colegio-la-plata.jpg?resize=350%2C200","width":350,"height":200,"srcset":"https:\/\/i0.wp.com\/www.24baires.com\/wp-content\/uploads\/2016\/06\/colegio-la-plata.jpg?resize=350%2C200 1x, https:\/\/i0.wp.com\/www.24baires.com\/wp-content\/uploads\/2016\/06\/colegio-la-plata.jpg?resize=525%2C300 1.5x"},"classes":[]},{"id":101068,"url":"https:\/\/www.24baires.com\/?p=101068","url_meta":{"origin":3173,"position":4},"title":"Gremios docentes consultan a sus bases para lanzar medidas de fuerza","author":"GB","date":"15\/03\/2018","format":false,"excerpt":"A dos semanas de la \u00faltima reuni\u00f3n paritaria, y sin convocatoria a la vista, SUTEBA, FEB, UDOCBA y SADOP iniciar\u00e1n consultas a sus bases para definir medidas de fuerza en rechazo del 15 por ciento que ofreci\u00f3 hasta ahora la administraci\u00f3n Vidal. Tras una semana de relativa calma, en la\u2026","rel":"","context":"En \u00abProvincia\u00bb","block_context":{"text":"Provincia","link":"https:\/\/www.24baires.com\/?cat=40"},"img":{"alt_text":"","src":"https:\/\/i0.wp.com\/www.24baires.com\/wp-content\/uploads\/2017\/04\/salarios-docentes.jpg?resize=350%2C200","width":350,"height":200,"srcset":"https:\/\/i0.wp.com\/www.24baires.com\/wp-content\/uploads\/2017\/04\/salarios-docentes.jpg?resize=350%2C200 1x, https:\/\/i0.wp.com\/www.24baires.com\/wp-content\/uploads\/2017\/04\/salarios-docentes.jpg?resize=525%2C300 1.5x"},"classes":[]},{"id":100885,"url":"https:\/\/www.24baires.com\/?p=100885","url_meta":{"origin":3173,"position":5},"title":"Gremios docentes y estatales marchan a la Gobernaci\u00f3n bonaerense","author":"GB","date":"06\/03\/2018","format":false,"excerpt":"Ayer se complet\u00f3 la primera jornada del paro de 48 horas, con un nivel de acatamiento que para el Gobierno fue de 47 por ciento y para los gremios del 85. Hoy habr\u00e1 una marcha a las puertas de la Gobernaci\u00f3n para completar la medida de fuerza. Tras cumplirse la\u2026","rel":"","context":"En \u00abProvincia\u00bb","block_context":{"text":"Provincia","link":"https:\/\/www.24baires.com\/?cat=40"},"img":{"alt_text":"","src":"https:\/\/i0.wp.com\/www.24baires.com\/wp-content\/uploads\/2017\/03\/marcha-federal-docente.jpg?resize=350%2C200","width":350,"height":200,"srcset":"https:\/\/i0.wp.com\/www.24baires.com\/wp-content\/uploads\/2017\/03\/marcha-federal-docente.jpg?resize=350%2C200 1x, https:\/\/i0.wp.com\/www.24baires.com\/wp-content\/uploads\/2017\/03\/marcha-federal-docente.jpg?resize=525%2C300 1.5x"},"classes":[]}],"jetpack_sharing_enabled":true,"jetpack_likes_enabled":true,"_links":{"self":[{"href":"https:\/\/www.24baires.com\/index.php?rest_route=\/wp\/v2\/posts\/3173","targetHints":{"allow":["GET"]}}],"collection":[{"href":"https:\/\/www.24baires.com\/index.php?rest_route=\/wp\/v2\/posts"}],"about":[{"href":"https:\/\/www.24baires.com\/index.php?rest_route=\/wp\/v2\/types\/post"}],"author":[{"embeddable":true,"href":"https:\/\/www.24baires.com\/index.php?rest_route=\/wp\/v2\/users\/4"}],"replies":[{"embeddable":true,"href":"https:\/\/www.24baires.com\/index.php?rest_route=%2Fwp%2Fv2%2Fcomments&post=3173"}],"version-history":[{"count":1,"href":"https:\/\/www.24baires.com\/index.php?rest_route=\/wp\/v2\/posts\/3173\/revisions"}],"predecessor-version":[{"id":3175,"href":"https:\/\/www.24baires.com\/index.php?rest_route=\/wp\/v2\/posts\/3173\/revisions\/3175"}],"wp:attachment":[{"href":"https:\/\/www.24baires.com\/index.php?rest_route=%2Fwp%2Fv2%2Fmedia&parent=3173"}],"wp:term":[{"taxonomy":"category","embeddable":true,"href":"https:\/\/www.24baires.com\/index.php?rest_route=%2Fwp%2Fv2%2Fcategories&post=3173"},{"taxonomy":"post_tag","embeddable":true,"href":"https:\/\/www.24baires.com\/index.php?rest_route=%2Fwp%2Fv2%2Ftags&post=3173"}],"curies":[{"name":"wp","href":"https:\/\/api.w.org\/{rel}","templated":true}]}}