{"id":31602,"date":"2013-09-10T17:00:18","date_gmt":"2013-09-10T20:00:18","guid":{"rendered":"http:\/\/www.24baires.com\/?p=31602"},"modified":"2013-09-10T15:08:30","modified_gmt":"2013-09-10T18:08:30","slug":"kevin-no-es-angeles","status":"publish","type":"post","link":"https:\/\/www.24baires.com\/?p=31602","title":{"rendered":"Kevin no es \u00c1ngeles"},"content":{"rendered":"<p><img data-recalc-dims=\"1\" loading=\"lazy\" decoding=\"async\" class=\"aligncenter size-full wp-image-31603\" alt=\"kevin\" src=\"https:\/\/i0.wp.com\/www.24baires.com\/wp-content\/uploads\/2013\/09\/kevin.jpg?resize=560%2C372\" width=\"560\" height=\"372\" srcset=\"https:\/\/i0.wp.com\/www.24baires.com\/wp-content\/uploads\/2013\/09\/kevin.jpg?w=560&amp;ssl=1 560w, https:\/\/i0.wp.com\/www.24baires.com\/wp-content\/uploads\/2013\/09\/kevin.jpg?resize=300%2C199&amp;ssl=1 300w\" sizes=\"auto, (max-width: 560px) 100vw, 560px\" \/><br \/>\nKevin no es \u00c1ngeles, claro. Pero, como ella, tambi\u00e9n era un menor. Apenas 9 a\u00f1itos. Pero los medios no hicieron jornadas en la puerta de su casa para saber qu\u00e9 pas\u00f3, porque, a diferencia de \u00c1ngeles, Kevin viv\u00eda en una villa, la 21. \u00c9sa, la que inaugur\u00f3 Casa de la Cultura, la que este pibe no va a conocer. No, tampoco especulan los periodistas de los canales de noticias en horarios centrales sobre lo que le pas\u00f3. Es que no hay ning\u00fan Pierri interesado en el caso de Kevin Molina.<!--more--><\/p>\n<p>Pero sabemos qu\u00e9 le pas\u00f3. Un tiro en la cabeza, un tiro en la pobreza. Mientras se refugiaba bajo una mesada, presa del p\u00e1nico, una bala le quit\u00f3 la vida, esa poquita que hab\u00eda podido vivir, esa que tendr\u00eda que haber seguido viviendo. Y la Prefectura no hizo nada, as\u00ed nos cuentan los que est\u00e1n siempre donde hay que estar, los muchachos de La Garganta Poderosa, que no son cronistas espor\u00e1dicos, sino habitantes del barrio y del barro. Por eso saben, por eso cuentan, por eso lloran esta sangre derramada con l\u00e1grimas de impotencia y bronca. La Prefectura, \u00e9sa misma que a muchos desvela tener en la esquina para acomodar la cabecita tranquila en la almohada blanda y so\u00f1ar con los angelitos. \u00c9sa, la que como parche urgente llega con el palito de abollar ideolog\u00edas y la mirada displicente y huidiza para los Kevin de la Patria. La que no se mete si te balean la casilla, la que no salva a un nene que se esconde muerto de miedo por una matanza de grandes. Y las balas llueven en la villa y los Kevin caen, y no hay operativos medi\u00e1ticos, y no hay acampada de micr\u00f3fonos fuera de su casa, y no hay raiting ah\u00ed, s\u00f3lo un nene muerto, que se hizo pis encima del julepe.<br \/>\nNo van a circular por las pantallas decenas de fotos de su carita, no lo veremos disfrazado, jugando, posando, saludando, no a \u00e9l. \u00c9l, que con sus manitas chicas que no crecer\u00e1n ayud\u00f3 a construir una plaza ah\u00ed cerquita, por otro nene de cuatro a\u00f1os muerto a tiros en la villa.<br \/>\n\u00bfImaginate si hubiera sido en un barrio cheto? \u00bfO en un barrio, as\u00ed de simple, en vez de la Villa 21? Hubiera sido distinto. Yo no me hubiera enterado por la Garganta Poderosa, quiz\u00e1. Lo hubiera visto en la tele, antes, no dos d\u00edas despu\u00e9s. Pero no, pas\u00f3 donde siempre pasan estas cosas.<br \/>\nY escribiendo esto, Kevin no vuelve, y escribiendo esto igual va a haber m\u00e1s balas para los Kevin, por ah\u00ed. Estas palabras son in\u00fatiles, pretenciosas, est\u00fapidas. No sirven de nada. S\u00f3lo sirve Kevin vivo, cumpliendo diez a\u00f1os, once, viviendo una vida. Y eso no se puede. Este nene no es muerto m\u00e1s, porque este nene era \u00fanico e irrepetible, como todos los hijos, como todos los hermanos.<br \/>\nKevin Molina, grab\u00e1telo en la mente. No ser\u00e1 tema central, pero eso no significa que tengamos el derecho de no saber de \u00e9l, de olvidarlo. Ya s\u00e9 que no es \u00c1ngeles, que el morbo maldito no digitar\u00e1 el zapping buscando informaci\u00f3n sobre este pibe. Ya sabemos.<br \/>\nEsto no sirve de nada, Kevin no est\u00e1 m\u00e1s. Tristeza. Esto no ayuda, estas muertes se lloran toda la vida. Aunque no le conoc\u00ed la sonrisita. Aunque no lo escuch\u00e9 pronunciar mal la r, como dicen que hac\u00eda. Pero ni sabiendo, ni recordando, ni remarcando el vac\u00edo injusto de las muertes prioritarias de los medios, lo traemos de vuelta. Perdon\u00e1, Kevin: esta columna no va a evitar la bala. Al final, aunque usemos palabras lindas, aunque busquemos impacto con las letras, y escribamos tu nombre mil veces, no podremos hacer algo que te ayude. Servimos para muy poco, casi nada, al final.<\/p>\n<p>&nbsp;<\/p>\n","protected":false},"excerpt":{"rendered":"<p>Kevin no es \u00c1ngeles, claro. Pero, como ella, tambi\u00e9n era un menor. Apenas 9 a\u00f1itos. Pero los medios no hicieron jornadas en la puerta de su casa para saber qu\u00e9 pas\u00f3, porque, a diferencia de \u00c1ngeles, Kevin viv\u00eda en una villa, la 21. \u00c9sa, la que inaugur\u00f3 Casa de la Cultura, la que este pibe no va a conocer. No, [&#8230;]<\/p>\n","protected":false},"author":4,"featured_media":0,"comment_status":"open","ping_status":"open","sticky":false,"template":"","format":"standard","meta":{"_jetpack_newsletter_access":"","_jetpack_dont_email_post_to_subs":false,"_jetpack_newsletter_tier_id":0,"_jetpack_memberships_contains_paywalled_content":false,"_jetpack_memberships_contains_paid_content":false,"footnotes":""},"categories":[64],"tags":[],"class_list":["post-31602","post","type-post","status-publish","format-standard","hentry","category-opinion"],"jetpack_featured_media_url":"","jetpack_shortlink":"https:\/\/wp.me\/p2JWE0-8dI","jetpack-related-posts":[{"id":59787,"url":"https:\/\/www.24baires.com\/?p=59787","url_meta":{"origin":31602,"position":0},"title":"Las muertes prioritarias, otra vez","author":"Grupo Sierra","date":"08\/01\/2015","format":false,"excerpt":"\u00bfPodr\u00edas elegir entre la vida de una nena u otra? No pienses en que si una es tu hija y la otra no, no imagines que las conoc\u00e9s. \u00bfPodr\u00edas decidir qu\u00e9 muerte es m\u00e1s importante, m\u00e1s injusta, si ambas son asesinadas? \u00bfPodr\u00edas? Ojal\u00e1 no. Te aclaro que yo no puedo.\u2026","rel":"","context":"En \u00abOpini\u00f3n\u00bb","block_context":{"text":"Opini\u00f3n","link":"https:\/\/www.24baires.com\/?cat=64"},"img":{"alt_text":"lola","src":"https:\/\/i0.wp.com\/www.24baires.com\/wp-content\/uploads\/2014\/12\/lola.jpg?resize=350%2C200","width":350,"height":200,"srcset":"https:\/\/i0.wp.com\/www.24baires.com\/wp-content\/uploads\/2014\/12\/lola.jpg?resize=350%2C200 1x, https:\/\/i0.wp.com\/www.24baires.com\/wp-content\/uploads\/2014\/12\/lola.jpg?resize=525%2C300 1.5x"},"classes":[]},{"id":71755,"url":"https:\/\/www.24baires.com\/?p=71755","url_meta":{"origin":31602,"position":1},"title":"Se realiz\u00f3 una &#8216;Jornada Cultural&#8217; por el esclarecimiento del asesinato de Kevin","author":"GB","date":"07\/09\/2015","format":false,"excerpt":"LA MATANZA-Organizaciones barriales y de derechos humanos realizaron una \u201cJornada cultural contra la impunidad judicial\u201d para reclamar que avance el expediente que investiga las responsabilidades en el crimen del ni\u00f1o de 9 a\u00f1os. El chico recibi\u00f3 un balazo en la cabeza durante un tiroteo entre narcotraficantes que dur\u00f3 tres horas.\u2026","rel":"","context":"En \u00abSociedad\u00bb","block_context":{"text":"Sociedad","link":"https:\/\/www.24baires.com\/?cat=1"},"img":{"alt_text":"todos somos kevin","src":"https:\/\/i0.wp.com\/www.24baires.com\/wp-content\/uploads\/2015\/09\/todos-somos-kevin.jpg?resize=350%2C200","width":350,"height":200,"srcset":"https:\/\/i0.wp.com\/www.24baires.com\/wp-content\/uploads\/2015\/09\/todos-somos-kevin.jpg?resize=350%2C200 1x, https:\/\/i0.wp.com\/www.24baires.com\/wp-content\/uploads\/2015\/09\/todos-somos-kevin.jpg?resize=525%2C300 1.5x"},"classes":[]},{"id":58653,"url":"https:\/\/www.24baires.com\/?p=58653","url_meta":{"origin":31602,"position":2},"title":"Extienden 6 meses la pena del argentino preso en Rusia por tenencia de marihuana","author":"GB","date":"15\/12\/2014","format":false,"excerpt":"Kevin Hoistacher, el joven argentino de 24 a\u00f1os radicado en Finlandia y detenido en Rusia por tenencia de un cigarrillo de tabaco mezclado con marihuana, permanecer\u00e1 por lo menos seis meses m\u00e1s en prisi\u00f3n domiciliaria. As\u00ed lo determin\u00f3 la justicia rusa, que califica el hecho como \"contrabando agravado de estupefacientes\",\u2026","rel":"","context":"En \u00abSociedad\u00bb","block_context":{"text":"Sociedad","link":"https:\/\/www.24baires.com\/?cat=1"},"img":{"alt_text":"kevin hoistacher marihuana rusia","src":"https:\/\/i0.wp.com\/www.24baires.com\/wp-content\/uploads\/2014\/09\/kevin-hoistacher-marihuana-rusia.jpg?resize=350%2C200","width":350,"height":200,"srcset":"https:\/\/i0.wp.com\/www.24baires.com\/wp-content\/uploads\/2014\/09\/kevin-hoistacher-marihuana-rusia.jpg?resize=350%2C200 1x, https:\/\/i0.wp.com\/www.24baires.com\/wp-content\/uploads\/2014\/09\/kevin-hoistacher-marihuana-rusia.jpg?resize=525%2C300 1.5x"},"classes":[]},{"id":95308,"url":"https:\/\/www.24baires.com\/?p=95308","url_meta":{"origin":31602,"position":3},"title":"Prefectura golpe\u00f3 a los hermanos de Kevin","author":"GB","date":"19\/06\/2017","format":false,"excerpt":"La fuerza de seguridad volvi\u00f3 a atacar en el barrio Zavaleta. \"Pueden matarnos a todos. Vamos a seguir gritando\", aseguraron desde el colectivo Garganta Poderosa. Prefectura golpe\u00f3 a los hermanos de Kevin, el nene de 9 a\u00f1os que fue asesinado por gendarmes en el barrio Zavaleta en 2013. El colectivo\u2026","rel":"","context":"En \u00abSociedad\u00bb","block_context":{"text":"Sociedad","link":"https:\/\/www.24baires.com\/?cat=1"},"img":{"alt_text":"","src":"https:\/\/i0.wp.com\/www.24baires.com\/wp-content\/uploads\/2017\/06\/familia-kevin.jpg?resize=350%2C200","width":350,"height":200,"srcset":"https:\/\/i0.wp.com\/www.24baires.com\/wp-content\/uploads\/2017\/06\/familia-kevin.jpg?resize=350%2C200 1x, https:\/\/i0.wp.com\/www.24baires.com\/wp-content\/uploads\/2017\/06\/familia-kevin.jpg?resize=525%2C300 1.5x"},"classes":[]},{"id":60849,"url":"https:\/\/www.24baires.com\/?p=60849","url_meta":{"origin":31602,"position":4},"title":"Rusia: retiran los cargos contra el argentino detenido por un cigarrillo de marihuana","author":"AF","date":"28\/01\/2015","format":false,"excerpt":"Se trata de Kevin Hoistacher, quien fue detenido hace seis meses en San Petersburgo bajo el cargo de \"contrabando de estupefacientes\". Su abogado, Fernando Soto, inform\u00f3 que podr\u00e1 regresar a la Argentina. Hoistacher (24) hab\u00eda sido detenido acusado de \"contrabando de estupefacientes\" el 23 de julio de 2014, cuando en\u2026","rel":"","context":"En \u00abInternacionales\u00bb","block_context":{"text":"Internacionales","link":"https:\/\/www.24baires.com\/?cat=73"},"img":{"alt_text":"kevin rusia","src":"https:\/\/i0.wp.com\/www.24baires.com\/wp-content\/uploads\/2015\/01\/kevin-rusia.jpg?resize=350%2C200","width":350,"height":200},"classes":[]},{"id":39307,"url":"https:\/\/www.24baires.com\/?p=39307","url_meta":{"origin":31602,"position":5},"title":"Mar del Plata: escap\u00f3 el asesino de La Bella mientras lo trasladaban a La Plata","author":"Grupo Sierra","date":"27\/01\/2014","format":false,"excerpt":"El hermano del comerciante fallecido en enero del a\u00f1o pasado confirm\u00f3 que Kevin C\u00f3rdoba volvi\u00f3 a fugarse cuando dos motos abordaron la combi en la que era transportado de un penal a otro. N\u00e9stor Fabi\u00e1n La Bella fue asesinado en enero del 2013 cuando regresaba junto a su hijo a\u2026","rel":"","context":"En \u00abPoliciales\u00bb","block_context":{"text":"Policiales","link":"https:\/\/www.24baires.com\/?cat=49"},"img":{"alt_text":"LA BELLA","src":"https:\/\/i0.wp.com\/www.24baires.com\/wp-content\/uploads\/2014\/01\/LA-BELLA-300x259.jpg?resize=350%2C200","width":350,"height":200},"classes":[]}],"jetpack_sharing_enabled":true,"jetpack_likes_enabled":true,"_links":{"self":[{"href":"https:\/\/www.24baires.com\/index.php?rest_route=\/wp\/v2\/posts\/31602","targetHints":{"allow":["GET"]}}],"collection":[{"href":"https:\/\/www.24baires.com\/index.php?rest_route=\/wp\/v2\/posts"}],"about":[{"href":"https:\/\/www.24baires.com\/index.php?rest_route=\/wp\/v2\/types\/post"}],"author":[{"embeddable":true,"href":"https:\/\/www.24baires.com\/index.php?rest_route=\/wp\/v2\/users\/4"}],"replies":[{"embeddable":true,"href":"https:\/\/www.24baires.com\/index.php?rest_route=%2Fwp%2Fv2%2Fcomments&post=31602"}],"version-history":[{"count":3,"href":"https:\/\/www.24baires.com\/index.php?rest_route=\/wp\/v2\/posts\/31602\/revisions"}],"predecessor-version":[{"id":31614,"href":"https:\/\/www.24baires.com\/index.php?rest_route=\/wp\/v2\/posts\/31602\/revisions\/31614"}],"wp:attachment":[{"href":"https:\/\/www.24baires.com\/index.php?rest_route=%2Fwp%2Fv2%2Fmedia&parent=31602"}],"wp:term":[{"taxonomy":"category","embeddable":true,"href":"https:\/\/www.24baires.com\/index.php?rest_route=%2Fwp%2Fv2%2Fcategories&post=31602"},{"taxonomy":"post_tag","embeddable":true,"href":"https:\/\/www.24baires.com\/index.php?rest_route=%2Fwp%2Fv2%2Ftags&post=31602"}],"curies":[{"name":"wp","href":"https:\/\/api.w.org\/{rel}","templated":true}]}}