{"id":31468,"date":"2013-09-07T20:45:22","date_gmt":"2013-09-07T23:45:22","guid":{"rendered":"http:\/\/www.24baires.com\/?p=31468"},"modified":"2013-09-07T20:25:55","modified_gmt":"2013-09-07T23:25:55","slug":"seguridad-entre-la-ambiguedad-y-las-malintencionadas-interpretaciones","status":"publish","type":"post","link":"https:\/\/www.24baires.com\/?p=31468","title":{"rendered":"Seguridad: entre la ambig\u00fcedad y las malintencionadas interpretaciones"},"content":{"rendered":"<p><img data-recalc-dims=\"1\" loading=\"lazy\" decoding=\"async\" class=\"aligncenter size-full wp-image-1157\" alt=\"PATRULLEROS\" src=\"https:\/\/i0.wp.com\/www.24baires.com\/wp-content\/uploads\/2012\/10\/PATRULLEROS.jpg?resize=560%2C284\" width=\"560\" height=\"284\" srcset=\"https:\/\/i0.wp.com\/www.24baires.com\/wp-content\/uploads\/2012\/10\/PATRULLEROS.jpg?w=560&amp;ssl=1 560w, https:\/\/i0.wp.com\/www.24baires.com\/wp-content\/uploads\/2012\/10\/PATRULLEROS.jpg?resize=300%2C152&amp;ssl=1 300w\" sizes=\"auto, (max-width: 560px) 100vw, 560px\" \/><\/p>\n<p>Ya sea por el pulso electoral que hace ver y rever ciertas acciones o inacciones en la gesti\u00f3n, o porque las condiciones socio pol\u00edticas, con o sin campa\u00f1a electoral de por medio, lo piden a gritos, se toman medidas y se proponen cambios estructurales.<!--more--><\/p>\n<p>El gobernador de la Provincia de Buenos Aires, Daniel Scioli, afirm\u00f3 en defensa de los recientes cambios en las pol\u00edticas de seguridad en su territorio, que \u201cse dan por las nuevas caracter\u00edsticas de la acci\u00f3n de los delincuentes\u201d. Para el Gobernador con aspiraciones presidenciales, quien acaba de desdoblar el Ministerio de Justicia y Seguridad: \u201cEl Estado tiene que ir readecuando su funcionamiento y su organizaci\u00f3n para combatir el delito de estas caracter\u00edsticas\u201d, dijo al colocar al intendente de Ezeiza, Alejandro Granados al frente de la flamante cartera de Seguridad.<\/p>\n<p>En los \u00faltimos d\u00edas ha habido un sinf\u00edn de lecturas por unas ambiguas declaraciones del candidato oficialista Mart\u00edn Insaurralde con respecto a unos proyectos que presentar\u00e1 en Diputados como contenci\u00f3n y prevenci\u00f3n al flagelo que miles de argentinos y argentinas padecen con respeto a la delincuencia. Aunque ya se aclar\u00f3 que esas iniciativas promovidas por el intendente de Lomas de Zamora no contienen la baja de la edad de imputabilidad como tema, sino una bater\u00eda de medidas de contenci\u00f3n en un r\u00e9gimen democr\u00e1tico para procesar los delitos cometidos por menores de edad, que, obviamente, no es lo mismo. Se busca \u201cuna justicia penal adolescente que les reconozca todos los derechos y garant\u00edas del debido proceso\u201d, como afirm\u00f3 Laura Musso, especialista en defensa de derechos humanos de ni\u00f1os y adolescentes, en di\u00e1logo con Guetap, programa que conduce en Vorterix Reynaldo Sietecase.<\/p>\n<p>La ambivalencia discursiva en una entrevista por parte de Insaurralde, dej\u00f3 el espacio para que medios de comunicaci\u00f3n opositores, como Clar\u00edn y La Naci\u00f3n, que est\u00e1n al acecho y suelen sacar de contexto y tergiversar discursos en beneficio propio titularan mentiras. Y as\u00ed fue. El proyecto oficialista hace foco en el desarme como herramienta preventiva y en la creaci\u00f3n de un r\u00e9gimen penal juvenil que nada tienen que ver con bajar la edad de imputabilidad de 16 a 18 a\u00f1os como muchos medios han afirmado sin fundamentos y sin conocer, evidentemente, el texto que tratar\u00e1n las C\u00e1maras.<\/p>\n<p>Lo m\u00e1s extra\u00f1o no es la manipulaci\u00f3n medi\u00e1tica, a la que ya nos tienen m\u00e1s que acostumbrados, sino encontrar opiniones que antes declamaban medidas en ciertas \u00e1reas, como la seguridad, por ejemplo, o la baja en el impuesto a las ganancias, que ahora se oponen a lo que antes exig\u00edan con \u00edmpetu. La l\u00f3gica destructiva siempre vigente en el arco opositor argentino, aun sin conocer los temas, aun si esos temas son respuestas efectivas a demandas del pueblo y de la clase pol\u00edtica. La historia que ya conocemos, aunque sigue entristeciendo por un lado, y aburriendo por el otro.<\/p>\n<p>&nbsp;<\/p>\n<p>&nbsp;<\/p>\n","protected":false},"excerpt":{"rendered":"<p>Ya sea por el pulso electoral que hace ver y rever ciertas acciones o inacciones en la gesti\u00f3n, o porque las condiciones socio pol\u00edticas, con o sin campa\u00f1a electoral de por medio, lo piden a gritos, se toman medidas y se proponen cambios estructurales.<\/p>\n","protected":false},"author":11,"featured_media":0,"comment_status":"open","ping_status":"open","sticky":false,"template":"","format":"standard","meta":{"_jetpack_newsletter_access":"","_jetpack_dont_email_post_to_subs":false,"_jetpack_newsletter_tier_id":0,"_jetpack_memberships_contains_paywalled_content":false,"_jetpack_memberships_contains_paid_content":false,"footnotes":""},"categories":[64],"tags":[],"class_list":["post-31468","post","type-post","status-publish","format-standard","hentry","category-opinion"],"jetpack_featured_media_url":"","jetpack_shortlink":"https:\/\/wp.me\/p2JWE0-8by","jetpack-related-posts":[{"id":120164,"url":"https:\/\/www.24baires.com\/?p=120164","url_meta":{"origin":31468,"position":0},"title":"Los Gobernadores del Frente de Todos tambi\u00e9n piden lista de unidad","author":"GB","date":"08\/06\/2023","format":false,"excerpt":"\"Somos garantes de la construcci\u00f3n de un pa\u00eds federal\" aseguraron los gobernadores frentodistas en un comunicado. Los gobernadores del Frente de Todos mantuvieron una reuni\u00f3n en la que debatieron la estrategia electoral que pretenden para la coalici\u00f3n oficialista y publicaron un comunicado en el que, entre otras cosas, se suman\u2026","rel":"","context":"En \u00abPol\u00edtica\u00bb","block_context":{"text":"Pol\u00edtica","link":"https:\/\/www.24baires.com\/?cat=51"},"img":{"alt_text":"","src":"https:\/\/i0.wp.com\/www.24baires.com\/wp-content\/uploads\/2023\/06\/gobernadores-frente-todosjpg.webp?resize=350%2C200","width":350,"height":200,"srcset":"https:\/\/i0.wp.com\/www.24baires.com\/wp-content\/uploads\/2023\/06\/gobernadores-frente-todosjpg.webp?resize=350%2C200 1x, https:\/\/i0.wp.com\/www.24baires.com\/wp-content\/uploads\/2023\/06\/gobernadores-frente-todosjpg.webp?resize=525%2C300 1.5x, https:\/\/i0.wp.com\/www.24baires.com\/wp-content\/uploads\/2023\/06\/gobernadores-frente-todosjpg.webp?resize=700%2C400 2x"},"classes":[]},{"id":118018,"url":"https:\/\/www.24baires.com\/?p=118018","url_meta":{"origin":31468,"position":1},"title":"Asumen los nuevos ministros del Gabinete nacional","author":"GB","date":"20\/09\/2021","format":false,"excerpt":"Con el cambio de Gabinete, el presidente Alberto Fern\u00e1ndez relanzar\u00e1 su gesti\u00f3n de cara a las elecciones legislativas de noviembre. Este lunes, a las 16 en Casa Rosada, jurar\u00e1n los nuevos ministros designados por el presidente Alberto Fern\u00e1ndez. De esta forma, asumir\u00e1n formalmente sus cargos An\u00edbal Fern\u00e1ndez, al frente del\u2026","rel":"","context":"En \u00abLocales\u00bb","block_context":{"text":"Locales","link":"https:\/\/www.24baires.com\/?cat=38"},"img":{"alt_text":"","src":"https:\/\/i0.wp.com\/www.24baires.com\/wp-content\/uploads\/2017\/02\/casa-rosada.jpg?resize=350%2C200","width":350,"height":200,"srcset":"https:\/\/i0.wp.com\/www.24baires.com\/wp-content\/uploads\/2017\/02\/casa-rosada.jpg?resize=350%2C200 1x, https:\/\/i0.wp.com\/www.24baires.com\/wp-content\/uploads\/2017\/02\/casa-rosada.jpg?resize=525%2C300 1.5x"},"classes":[]},{"id":108576,"url":"https:\/\/www.24baires.com\/?p=108576","url_meta":{"origin":31468,"position":2},"title":"El PJ dice que el Gobierno cambia las reglas y pedir\u00e1 veedores internacionales","author":"GB","date":"05\/06\/2019","format":false,"excerpt":"El PJ bonaerense emiti\u00f3 hoy un duro comunicado en el que acusa al Gobierno de haber cambiado 11 veces las reglas del juego electoral y de divulgar noticias falsas. Adelant\u00f3 que pedir\u00e1 veedores internacionales para los comicios. Tras las versiones de una supuesta reuni\u00f3n de la gobernadora Mar\u00eda Eugenia Vidal\u2026","rel":"","context":"En \u00abElecciones\u00bb","block_context":{"text":"Elecciones","link":"https:\/\/www.24baires.com\/?cat=316"},"img":{"alt_text":"","src":"https:\/\/i0.wp.com\/www.24baires.com\/wp-content\/uploads\/2018\/12\/pj-bo.jpg?resize=350%2C200","width":350,"height":200,"srcset":"https:\/\/i0.wp.com\/www.24baires.com\/wp-content\/uploads\/2018\/12\/pj-bo.jpg?resize=350%2C200 1x, https:\/\/i0.wp.com\/www.24baires.com\/wp-content\/uploads\/2018\/12\/pj-bo.jpg?resize=525%2C300 1.5x"},"classes":[]},{"id":112705,"url":"https:\/\/www.24baires.com\/?p=112705","url_meta":{"origin":31468,"position":3},"title":"La C\u00e1mara Electoral desmiente irregularidades","author":"AF","date":"27\/10\/2019","format":false,"excerpt":"\"Los fiscales est\u00e1n siendo muy r\u00edgidos en el desempe\u00f1o de su lavor, pero no genera mayores contratiempos\", afirm\u00f3 Sebasti\u00e1n Schimmel, secretario C\u00e1mara Nacional Electoral. Asegur\u00f3 que las denuncias sobre el uso de documentos anteriores a los que figuran en el padr\u00f3n \"no pasan de ser una an\u00e9cdota en un conjunto\u2026","rel":"","context":"En \u00abELECCIONES 2019\u00bb","block_context":{"text":"ELECCIONES 2019","link":"https:\/\/www.24baires.com\/?cat=329"},"img":{"alt_text":"","src":"https:\/\/i0.wp.com\/www.24baires.com\/wp-content\/uploads\/2013\/08\/urna3.jpg?resize=350%2C200","width":350,"height":200,"srcset":"https:\/\/i0.wp.com\/www.24baires.com\/wp-content\/uploads\/2013\/08\/urna3.jpg?resize=350%2C200 1x, https:\/\/i0.wp.com\/www.24baires.com\/wp-content\/uploads\/2013\/08\/urna3.jpg?resize=525%2C300 1.5x"},"classes":[]},{"id":31505,"url":"https:\/\/www.24baires.com\/?p=31505","url_meta":{"origin":31468,"position":4},"title":"Granados eval\u00faa \u00absaturar las calles de polic\u00edas\u201d","author":"GB","date":"08\/09\/2013","format":false,"excerpt":"El pr\u00f3ximo ministro de Seguridad de la Provincia, Alejandro Granados, comenz\u00f3 a evaluar distintas medidas que apuntar\u00e1n, en el inicio mismo de su gesti\u00f3n, a \u201csaturar las calles de polic\u00edas\u201d, seg\u00fan su propia definici\u00f3n, ya reforzar todas las estrategias de prevenci\u00f3n delictiva. Y en ese marco, aunque todav\u00eda no hay\u2026","rel":"","context":"En \u00abPol\u00edtica\u00bb","block_context":{"text":"Pol\u00edtica","link":"https:\/\/www.24baires.com\/?cat=51"},"img":{"alt_text":"policia","src":"https:\/\/i0.wp.com\/www.24baires.com\/wp-content\/uploads\/2013\/09\/policia-300x199.jpg?resize=350%2C200","width":350,"height":200},"classes":[]},{"id":31437,"url":"https:\/\/www.24baires.com\/?p=31437","url_meta":{"origin":31468,"position":5},"title":"Scioli anunci\u00f3 que se incorporar\u00e1n 6 mil nuevos polic\u00edas por a\u00f1o","author":"AF","date":"07\/09\/2013","format":false,"excerpt":"El gobernador bonaerense, Daniel Scioli, remarc\u00f3 la necesidad de contener el problema del delito en la provincia, y anunci\u00f3 la incorporaci\u00f3n de seis mil polic\u00edas nuevos por a\u00f1o. \"Proyectamos a los 60 mil polic\u00edas que tenemos, seis mil polic\u00edas m\u00e1s por a\u00f1o. En cinco a\u00f1os podemos tener estimados esos \u00edndices\",\u2026","rel":"","context":"En \u00abProvincia\u00bb","block_context":{"text":"Provincia","link":"https:\/\/www.24baires.com\/?cat=40"},"img":{"alt_text":"scioli gabinete","src":"https:\/\/i0.wp.com\/www.24baires.com\/wp-content\/uploads\/2013\/06\/scioli-gabinete.jpg?resize=350%2C200","width":350,"height":200,"srcset":"https:\/\/i0.wp.com\/www.24baires.com\/wp-content\/uploads\/2013\/06\/scioli-gabinete.jpg?resize=350%2C200 1x, https:\/\/i0.wp.com\/www.24baires.com\/wp-content\/uploads\/2013\/06\/scioli-gabinete.jpg?resize=525%2C300 1.5x"},"classes":[]}],"jetpack_sharing_enabled":true,"jetpack_likes_enabled":true,"_links":{"self":[{"href":"https:\/\/www.24baires.com\/index.php?rest_route=\/wp\/v2\/posts\/31468","targetHints":{"allow":["GET"]}}],"collection":[{"href":"https:\/\/www.24baires.com\/index.php?rest_route=\/wp\/v2\/posts"}],"about":[{"href":"https:\/\/www.24baires.com\/index.php?rest_route=\/wp\/v2\/types\/post"}],"author":[{"embeddable":true,"href":"https:\/\/www.24baires.com\/index.php?rest_route=\/wp\/v2\/users\/11"}],"replies":[{"embeddable":true,"href":"https:\/\/www.24baires.com\/index.php?rest_route=%2Fwp%2Fv2%2Fcomments&post=31468"}],"version-history":[{"count":2,"href":"https:\/\/www.24baires.com\/index.php?rest_route=\/wp\/v2\/posts\/31468\/revisions"}],"predecessor-version":[{"id":31470,"href":"https:\/\/www.24baires.com\/index.php?rest_route=\/wp\/v2\/posts\/31468\/revisions\/31470"}],"wp:attachment":[{"href":"https:\/\/www.24baires.com\/index.php?rest_route=%2Fwp%2Fv2%2Fmedia&parent=31468"}],"wp:term":[{"taxonomy":"category","embeddable":true,"href":"https:\/\/www.24baires.com\/index.php?rest_route=%2Fwp%2Fv2%2Fcategories&post=31468"},{"taxonomy":"post_tag","embeddable":true,"href":"https:\/\/www.24baires.com\/index.php?rest_route=%2Fwp%2Fv2%2Ftags&post=31468"}],"curies":[{"name":"wp","href":"https:\/\/api.w.org\/{rel}","templated":true}]}}