{"id":31426,"date":"2013-09-06T21:00:56","date_gmt":"2013-09-07T00:00:56","guid":{"rendered":"http:\/\/www.24baires.com\/?p=31426"},"modified":"2013-09-06T20:48:17","modified_gmt":"2013-09-06T23:48:17","slug":"los-sabores-populares-se-aduenan-de-la-cocina-de-alta-gama","status":"publish","type":"post","link":"https:\/\/www.24baires.com\/?p=31426","title":{"rendered":"Los sabores populares se adue\u00f1an de la cocina de alta gama"},"content":{"rendered":"<p><img data-recalc-dims=\"1\" loading=\"lazy\" decoding=\"async\" class=\"aligncenter size-full wp-image-31427\" alt=\"nac -chic\" src=\"https:\/\/i0.wp.com\/www.24baires.com\/wp-content\/uploads\/2013\/09\/nac-chic.jpg?resize=560%2C421\" width=\"560\" height=\"421\" srcset=\"https:\/\/i0.wp.com\/www.24baires.com\/wp-content\/uploads\/2013\/09\/nac-chic.jpg?w=560&amp;ssl=1 560w, https:\/\/i0.wp.com\/www.24baires.com\/wp-content\/uploads\/2013\/09\/nac-chic.jpg?resize=300%2C225&amp;ssl=1 300w\" sizes=\"auto, (max-width: 560px) 100vw, 560px\" \/>Lo freak es chic y lo nac &amp; pop tambi\u00e9n. Las chicas bien toman Amargo Obrero y los restaurantes de lujo revalorizan los productos nacionales. El regreso del queso y dulce, del verm\u00fa y del bodeg\u00f3n.<!--more--><\/p>\n<p>Como en muchas otras ocasiones, Francis Mallmann estuvo un paso adelante. \u00c9l fue el primero en dotar de glamour a un osobuco y venderlo a precio de lomo, en postular que la polenta no era s\u00f3lo un plato de familias numerosas y desempleados sino que, bien vista, pod\u00eda ofrecer un mundo de posibilidades para los chefs, en recuperar la austera perfecci\u00f3n de un dulce de batata sobre un trozo de buen queso, de unos quinotos en compota o de unas empanadas mendocinas.<\/p>\n<p>Tal vez sin buscarlo, es \u00e9l, como nadie, el referente de un movimiento que hoy \u2013traba a las importaciones y pico de nacionalismo mediante\u2013 est\u00e1 en su mejor momento, y tiene una legi\u00f3n de herederos que promueven esta filosof\u00eda desde sus restaurantes de 500 pesos el cubierto. \u00bfDe qu\u00e9 hablamos? De lo nac &amp; chic, en oposici\u00f3n al latiguillo \u201cnac &amp; pop\u201d, que los argentinos incorporamos a nuestro diccionario en la \u00faltima d\u00e9cada. Hablamos de la fusi\u00f3n del consumo popular y la alta gama. De una nueva forma de darle brillo a los alimentos hist\u00f3ricamente poco glamorosos de nuestra culinaria. Las dicotom\u00edas, por lo menos a nivel gastron\u00f3mico, se disolvieron y hoy una croqueta de morcilla puede convivir alegremente en una carta con un foie o un ojo de bife de exportaci\u00f3n. \u00bfNo lo creen? Lean.<\/p>\n<p>En los \u00faltimos dos a\u00f1os hubo un cambio radical en la manera de contar la carta. Si antes los chefs se ufanaban de que la sal marina era de Maldon, el at\u00fan de una islita de Ecuador y el queso del Piamonte, hoy lo que est\u00e1 de moda es dar cuenta de lo aut\u00f3ctono: los hongos de pino de Valeria del Mar, el queso de Lincoln, el cabrito de Malarg\u00fce, el ciervo de General Madariaga y la codorniz de San Pedro. Los cocineros de alta gama argentinos dejaron de poner la lupa afuera para no perderse detalle de lo que estaban haciendo sus pares en Francia, Espa\u00f1a o Estados Unidos a hacer un movimiento introspectivo que los llev\u00f3 a revalorizar las preparaciones y los productos nacionales. Y a iniciar un v\u00ednculo con los otrora olvidados productores locales.<\/p>\n<p>Todo este movimiento de lo \u201cnac &amp; chic\u201d se profundiz\u00f3 en el \u00faltimo a\u00f1o y medio con el nacimiento de los grupos Gajo (Gastronom\u00eda Argentina Joven) y A.C.E.L.G.A, conformados en su mayor\u00eda por chefs y gastron\u00f3micos de restaurantes que no se caracterizan por ser particularmente econ\u00f3micos (en la mayor\u00eda el cubierto promedia los 500 pesos). El lema de ambos colectivos es que hay que \u201caprovechar lo nuestro\u201d, \u201cre-descubrir los sabores nacionales\u201d, \u201cmirar la variedad y riqueza de nuestra tierra\u201d.<\/p>\n<p>La contracara de esta tendencia, enmarcada dentro de este mix entre lo popular y lo chic es que cada vez son m\u00e1s los comederos y pizzer\u00edas que se animan a abrir sucursales en barrios m\u00e1s elegantes y salen airosos en la osad\u00eda.<\/p>\n<p>En los \u00faltimos cuatro a\u00f1os explot\u00f3 el mercado de bebidas argentinas \/ peronistas \/ obreras \/ del pueblo. Aunque no en un bar de viejos perdido de Pompeya o Barracas sino en el circuito m\u00e1s prestigioso de la cocteler\u00eda porte\u00f1a. Esta suerte de \u201crenacimiento hermoso\u201d, como lo denomina el barman rosarino Mat\u00edas Jurisich de El Club del Aperitivo, comenz\u00f3 hace cuatros a\u00f1os con el redise\u00f1o de la etiqueta de Hesperidina, lo continu\u00f3 Cynar con el julep a la cabeza (Cynar, menta, jugo de pomelo, az\u00facar) y poco despu\u00e9s Pineral, que busca meterse de lleno en el paladar juvenil (estuvo presente en la \u00faltima Creamfields).<\/p>\n<p>La moda del bodeg\u00f3n no cesa, aunque ya no sean sin\u00f3nimo de \u201crico, abundante y barato\u201d \u2013o por lo menos, no de los tres calificativos a la vez\u2013. M\u00e1s all\u00e1 de los cl\u00e1sicos, hay una nueva camada de restaurantes que recupera a su manera el aire de bodeg\u00f3n.<\/p>\n<p>Como parte de este movimiento \u201cnac &amp; chic\u201d resurgen postres que estaban olvidados en la \u00faltima p\u00e1gina del libro de Do\u00f1a Petrona, pero en versiones sofisticadas. Y si de aut\u00f3ctono hablamos, nada lo es m\u00e1s que el queso y dulce, el cl\u00e1sico vigilante, que dicen que naci\u00f3 en los a\u00f1os &#8217;20 en una cantina de Palermo y que era el que siempre ped\u00eda Borges cuando sal\u00eda a comer afuera (adem\u00e1s de la sopa de arroz y el bife). Hoy muchos chefs buscan reversionar la sutil y austera perfecci\u00f3n de este postre con mejores y peores resultados.<\/p>\n<p>&nbsp;<\/p>\n<p>&nbsp;<\/p>\n<p>&nbsp;<\/p>\n<p>&nbsp;<\/p>\n<p>&nbsp;<\/p>\n<p>&nbsp;<\/p>\n<p>&nbsp;<\/p>\n<p>&nbsp;<\/p>\n<p>&nbsp;<\/p>\n<p>&nbsp;<\/p>\n<p>&nbsp;<\/p>\n<p>&nbsp;<\/p>\n","protected":false},"excerpt":{"rendered":"<p>Lo freak es chic y lo nac &amp; pop tambi\u00e9n. Las chicas bien toman Amargo Obrero y los restaurantes de lujo revalorizan los productos nacionales. El regreso del queso y dulce, del verm\u00fa y del bodeg\u00f3n.<\/p>\n","protected":false},"author":8,"featured_media":0,"comment_status":"open","ping_status":"open","sticky":false,"template":"","format":"standard","meta":{"_jetpack_newsletter_access":"","_jetpack_dont_email_post_to_subs":false,"_jetpack_newsletter_tier_id":0,"_jetpack_memberships_contains_paywalled_content":false,"_jetpack_memberships_contains_paid_content":false,"footnotes":""},"categories":[52],"tags":[],"class_list":["post-31426","post","type-post","status-publish","format-standard","hentry","category-cocina-vinos"],"jetpack_featured_media_url":"","jetpack_shortlink":"https:\/\/wp.me\/p2JWE0-8aS","jetpack-related-posts":[{"id":3548,"url":"https:\/\/www.24baires.com\/?p=3548","url_meta":{"origin":31426,"position":0},"title":"En Vicente L\u00f3pez el \u00abotro\u00bb Macri manda alimentos en mal estado a las escuelas","author":"Grupo Sierra","date":"28\/10\/2012","format":false,"excerpt":"As\u00ed mismo se sirven en las escuelas. Los docentes acusan al intendente Jorge Macri y a empresas proveedoras de distribuir comestibles en mal estado, con larvas de insectos y moho, en jardines y escuelas primarias. El reclamo de SUTEBA y los duros informes de Bromatolog\u00eda. \u201cExcremento de ratas, moho, fuerte\u2026","rel":"","context":"En \u00abMunicipios\u00bb","block_context":{"text":"Municipios","link":"https:\/\/www.24baires.com\/?cat=44"},"img":{"alt_text":"","src":"","width":0,"height":0},"classes":[]},{"id":36828,"url":"https:\/\/www.24baires.com\/?p=36828","url_meta":{"origin":31426,"position":1},"title":"La Plata detr\u00e1s del mejor pan dulce","author":"Grupo Sierra","date":"14\/12\/2013","format":false,"excerpt":"Hoy y ma\u00f1ana la Plaza Moreno ser\u00e1 el punto de encuentro de las distintas panader\u00edas y confiter\u00edas de la ciudad, que celebrar\u00e1n en el horario de 16 a 22, la 3\u00ba Edici\u00f3n de la Fiesta Nacional del Pan Dulce. \u00a0 El evento, organizado por la Municipalidad de La Plata en\u2026","rel":"","context":"En \u00abLocales\u00bb","block_context":{"text":"Locales","link":"https:\/\/www.24baires.com\/?cat=38"},"img":{"alt_text":"pan-dulce-2","src":"https:\/\/i0.wp.com\/www.24baires.com\/wp-content\/uploads\/2013\/12\/pan-dulce-2.jpg?resize=350%2C200","width":350,"height":200},"classes":[]},{"id":112577,"url":"https:\/\/www.24baires.com\/?p=112577","url_meta":{"origin":31426,"position":2},"title":"El 63% de los productos de la canasta b\u00e1sica trep\u00f3 por encima del promedio","author":"AF","date":"21\/10\/2019","format":false,"excerpt":"Treinta y siete de los 59 productos relevados por el Indec en el Gran Buenos Aires subieron por encima del aumento promedio del \u00faltimo a\u00f1o. Estos incrementos impactan de lleno sobre los m\u00e1s pobres. La inflaci\u00f3n nacional trepo 53,5 por ciento durante los \u00faltimos 12 meses y en el Gran\u2026","rel":"","context":"En \u00abEconom\u00eda\u00bb","block_context":{"text":"Econom\u00eda","link":"https:\/\/www.24baires.com\/?cat=45"},"img":{"alt_text":"","src":"https:\/\/i0.wp.com\/www.24baires.com\/wp-content\/uploads\/2016\/03\/carrito-canasta.jpg?resize=350%2C200","width":350,"height":200,"srcset":"https:\/\/i0.wp.com\/www.24baires.com\/wp-content\/uploads\/2016\/03\/carrito-canasta.jpg?resize=350%2C200 1x, https:\/\/i0.wp.com\/www.24baires.com\/wp-content\/uploads\/2016\/03\/carrito-canasta.jpg?resize=525%2C300 1.5x"},"classes":[]},{"id":107174,"url":"https:\/\/www.24baires.com\/?p=107174","url_meta":{"origin":31426,"position":3},"title":"La empresa l\u00e1ctea Ver\u00f3nica pidi\u00f3 un plan preventivo de crisis","author":"GB","date":"12\/03\/2019","format":false,"excerpt":"La empresa santafesina tiene tres plantas que trabajan al 40% de su capacidad. Sus 600 empleados cobran su sueldo en cuotas desde hace varios meses. Al igual que otras empresas l\u00e1cteas nacionales como SanCor o Ilolay, L\u00e1ctea Ver\u00f3nica, fundada en 1923 en Santa Fe, atraviesa una profunda crisis desde hace\u2026","rel":"","context":"En \u00abEconom\u00eda\u00bb","block_context":{"text":"Econom\u00eda","link":"https:\/\/www.24baires.com\/?cat=45"},"img":{"alt_text":"","src":"https:\/\/i0.wp.com\/www.24baires.com\/wp-content\/uploads\/2019\/03\/lacteos-veronica.jpg?resize=350%2C200","width":350,"height":200,"srcset":"https:\/\/i0.wp.com\/www.24baires.com\/wp-content\/uploads\/2019\/03\/lacteos-veronica.jpg?resize=350%2C200 1x, https:\/\/i0.wp.com\/www.24baires.com\/wp-content\/uploads\/2019\/03\/lacteos-veronica.jpg?resize=525%2C300 1.5x"},"classes":[]},{"id":110980,"url":"https:\/\/www.24baires.com\/?p=110980","url_meta":{"origin":31426,"position":4},"title":"El precio de los l\u00e1cteos aument\u00f3 un 80 por ciento en el \u00faltimo a\u00f1o","author":"GB","date":"28\/06\/2019","format":false,"excerpt":"A ra\u00edz de las constantes subas y a la p\u00e9rdida de poder adquisitivo de los salarios, el consumo de leche baj\u00f3 12,1%. El Observatorio de Pol\u00edticas P\u00fablicas de la Universidad Nacional de Avellaneda (UNDAV) dio a conocer que el aumento de precios en los productos l\u00e1cteos alcanz\u00f3 el 80% promedio\u2026","rel":"","context":"En \u00abEconom\u00eda\u00bb","block_context":{"text":"Econom\u00eda","link":"https:\/\/www.24baires.com\/?cat=45"},"img":{"alt_text":"","src":"https:\/\/i0.wp.com\/www.24baires.com\/wp-content\/uploads\/2018\/08\/supermercado.jpg?resize=350%2C200","width":350,"height":200,"srcset":"https:\/\/i0.wp.com\/www.24baires.com\/wp-content\/uploads\/2018\/08\/supermercado.jpg?resize=350%2C200 1x, https:\/\/i0.wp.com\/www.24baires.com\/wp-content\/uploads\/2018\/08\/supermercado.jpg?resize=525%2C300 1.5x"},"classes":[]},{"id":113051,"url":"https:\/\/www.24baires.com\/?p=113051","url_meta":{"origin":31426,"position":5},"title":"Los alimentos subieron hasta un 90%","author":"AF","date":"19\/11\/2019","format":false,"excerpt":"La Universidad Nacional de Avellaneda public\u00f3 el detalle de los productos que m\u00e1s aumentaron. La proporci\u00f3n que ocupa la canasta b\u00e1sica en relaci\u00f3n con los ingresos m\u00ednimos. Los alimentos se encarecieron hasta un 90% a nivel interanual en octubre al tiempo que los servicios de salud tuvieron un alza superior\u2026","rel":"","context":"En \u00abEconom\u00eda\u00bb","block_context":{"text":"Econom\u00eda","link":"https:\/\/www.24baires.com\/?cat=45"},"img":{"alt_text":"","src":"https:\/\/i0.wp.com\/www.24baires.com\/wp-content\/uploads\/2018\/12\/alimentos.jpg?resize=350%2C200","width":350,"height":200,"srcset":"https:\/\/i0.wp.com\/www.24baires.com\/wp-content\/uploads\/2018\/12\/alimentos.jpg?resize=350%2C200 1x, https:\/\/i0.wp.com\/www.24baires.com\/wp-content\/uploads\/2018\/12\/alimentos.jpg?resize=525%2C300 1.5x"},"classes":[]}],"jetpack_sharing_enabled":true,"jetpack_likes_enabled":true,"_links":{"self":[{"href":"https:\/\/www.24baires.com\/index.php?rest_route=\/wp\/v2\/posts\/31426","targetHints":{"allow":["GET"]}}],"collection":[{"href":"https:\/\/www.24baires.com\/index.php?rest_route=\/wp\/v2\/posts"}],"about":[{"href":"https:\/\/www.24baires.com\/index.php?rest_route=\/wp\/v2\/types\/post"}],"author":[{"embeddable":true,"href":"https:\/\/www.24baires.com\/index.php?rest_route=\/wp\/v2\/users\/8"}],"replies":[{"embeddable":true,"href":"https:\/\/www.24baires.com\/index.php?rest_route=%2Fwp%2Fv2%2Fcomments&post=31426"}],"version-history":[{"count":1,"href":"https:\/\/www.24baires.com\/index.php?rest_route=\/wp\/v2\/posts\/31426\/revisions"}],"predecessor-version":[{"id":31428,"href":"https:\/\/www.24baires.com\/index.php?rest_route=\/wp\/v2\/posts\/31426\/revisions\/31428"}],"wp:attachment":[{"href":"https:\/\/www.24baires.com\/index.php?rest_route=%2Fwp%2Fv2%2Fmedia&parent=31426"}],"wp:term":[{"taxonomy":"category","embeddable":true,"href":"https:\/\/www.24baires.com\/index.php?rest_route=%2Fwp%2Fv2%2Fcategories&post=31426"},{"taxonomy":"post_tag","embeddable":true,"href":"https:\/\/www.24baires.com\/index.php?rest_route=%2Fwp%2Fv2%2Ftags&post=31426"}],"curies":[{"name":"wp","href":"https:\/\/api.w.org\/{rel}","templated":true}]}}