{"id":3141,"date":"2012-10-24T22:38:40","date_gmt":"2012-10-25T01:38:40","guid":{"rendered":"http:\/\/www.24baires.com\/?p=3141"},"modified":"2012-10-24T22:38:40","modified_gmt":"2012-10-25T01:38:40","slug":"baradel-contento-fue-un-parazo","status":"publish","type":"post","link":"https:\/\/www.24baires.com\/?p=3141","title":{"rendered":"Baradel, contento: \u00abFue un parazo\u00bb"},"content":{"rendered":"<p><img data-recalc-dims=\"1\" loading=\"lazy\" decoding=\"async\" class=\"alignleft size-medium wp-image-3142\" title=\"paro\" src=\"https:\/\/i0.wp.com\/www.24baires.com\/wp-content\/uploads\/2012\/10\/paro.jpg?resize=300%2C198\" alt=\"\" width=\"300\" height=\"198\" srcset=\"https:\/\/i0.wp.com\/www.24baires.com\/wp-content\/uploads\/2012\/10\/paro.jpg?resize=300%2C198&amp;ssl=1 300w, https:\/\/i0.wp.com\/www.24baires.com\/wp-content\/uploads\/2012\/10\/paro.jpg?w=362&amp;ssl=1 362w\" sizes=\"auto, (max-width: 300px) 100vw, 300px\" \/>Mas de 15 mil trabajadores de la administraci\u00f3n estatal, judiciales, auxiliares de la educaci\u00f3n y docentes nucleados en la CTA Provincia de Buenos Aires, se movilizaron este mi\u00e9rcoles a la Casa de Gobierno, en el marco de una serie de reclamos laborales, sociales y pol\u00edticos. La marcha arranco a las 11 de Plaza Rocha y en su primer parada en la cartera de Desarrollo Social, los manifestantes volvieron a reclamar la regularizaci\u00f3n del sistema de comedores escolares, el impulso de los planes de asistencia para ni\u00f1ez y adolescencia.<!--more--><br \/>\n\u00abNo hay di\u00e1logo con la Provincia. Repudiamos la pol\u00edtica de ajuste que lleva adelante la administraci\u00f3n de Scioli\u00bb, manifest\u00f3 ante los presentes Roberto Baradel, secretario general de la CTA Provincia. Adem\u00e1s indico que \u00abest\u00e1n subejecutando las partidas presupuestarias para destinar el dinero a otras \u00e1reas\u00bb.<\/p>\n<p>Adem\u00e1s se\u00f1al\u00f3 que \u00abla movilizaci\u00f3n fue multitudinaria, el paro fue masivo. Fue un parazo. Es la mejor respuesta que le dieron los trabajadores a al gobierno provincial\u00bb destac\u00f3 Baradel, al tiempo que volvi\u00f3 a insistir que \u00abqueremos que les paguen a los docentes, que se resuelva lo de las Asignaciones Familiares, comedores e infraestructura, que nos convoquen al di\u00e1logo y que promuevan la apertura de las comisiones t\u00e9cnicas salariales\u00bb.<\/p>\n<p>Luego Fabi\u00e1n Alesandrini, secretario Adjunto de la CTA bonaerense, se\u00f1al\u00f3 en la primer parada que \u00abel paro es muy fuerte en el sector de los auxiliares de la educaci\u00f3n, en el personal de salud de los hospitales y en todo el \u00e1mbito de la administratorio publica\u00bb. Y Agreg\u00f3 que \u00abel gobierno de la provincia tiene que dar una soluci\u00f3n inmediata a los problemas que tenemos en la administraci\u00f3n central, en las escuelas con los auxiliares de educaci\u00f3n.<\/p>\n<p>En esta primer parada hablaron los dirigentes Jos\u00e9 Mar\u00eda \u00abChapu\u00bb Urreli, de la Agrupaci\u00f3n MTL y Paciano Campos, de la Agrupaci\u00f3n Germ\u00e1n Abdala y Lorena Timko, delegada general de ATE del Ministerio de Desarrollo Social.<\/p>\n<p>Luego la movilizaci\u00f3n continu\u00f3 hacia la Legislatura bonaerense donde los trabajadores le reclamaron a los diputados y senadores que \u00abreformulen el presupuesto provincial y que asignen m\u00e1s partidas a los sectores vulnerables y contemplen mas recursos para la masa salarial 2013\u00bb.<\/p>\n<p>El encargado de abrir los discurso en las escalinatas del congreso provincial fue Daniel P\u00e9rez Guill\u00e9n, Adjunto de la CTA y dirigente de la AJB, quien volvi\u00f3 a insistir en la necesidad de \u00abaumentar al 6 por ciento del presupuesto provincial para toda la administraci\u00f3n del servicio de justicia y para la puesta en funciones de organismos judiciales creados por ley y la puesta en marcha de la Polic\u00eda Judicial\u00bb.<\/p>\n<p>Finalmente, la movilizaci\u00f3n concluy\u00f3 en un acto frente a las puertas de la casa de gobierno de la provincia de Buenos Aires donde volvieron a remarcar que \u00abes una protesta masiva de la CTA provincia de Buenos Aires, planteando que no haya recorte, que se resuelvan los problemas del transporte escolar, que no haya recorte a los salarios de los trabajadores estatales, que se aumenten los prepuestos para salud, educaci\u00f3n, justicia, desarrollo social, que la Legislatura promueva una reforma tributaria y que convoquen a las comisiones t\u00e9cnicas para poder discutir los diferentes aspectos que hacen a las condiciones laborales de los trabajadores\u00bb.<\/p>\n<p>En esta parada, se dio lugar para que Alejandro S\u00e1nchez Moreno, integrante de la junta interna de los trabajadores de la Direcci\u00f3n de Escuelas, anunciara las resoluciones de la Asamblea de los trabajadores, que convoc\u00f3 a un nuevo paro de 48 horas de los trabajadores administrativos de esa cartera.<br \/>\nLa movilizaci\u00f3n, que se prolong\u00f3 por m\u00e1s de 3 horas y tuvo tres paradas la primera en Desarrollo Social, la segunda en legislatura y la tercera en Casa de gobierno, cont\u00f3 con la palabra y saludos de diferentes dirigentes sindicales, y delegados de las distintas carteras y dirigentes de la Federaci\u00f3n de Cooperativas.<\/p>\n","protected":false},"excerpt":{"rendered":"<p>Mas de 15 mil trabajadores de la administraci\u00f3n estatal, judiciales, auxiliares de la educaci\u00f3n y docentes nucleados en la CTA Provincia de Buenos Aires, se movilizaron este mi\u00e9rcoles a la Casa de Gobierno, en el marco de una serie de reclamos laborales, sociales y pol\u00edticos. La marcha arranco a las 11 de Plaza Rocha y en su primer parada en [&#8230;]<\/p>\n","protected":false},"author":4,"featured_media":0,"comment_status":"open","ping_status":"open","sticky":false,"template":"","format":"standard","meta":{"_jetpack_newsletter_access":"","_jetpack_dont_email_post_to_subs":false,"_jetpack_newsletter_tier_id":0,"_jetpack_memberships_contains_paywalled_content":false,"_jetpack_memberships_contains_paid_content":false,"footnotes":""},"categories":[1],"tags":[],"class_list":["post-3141","post","type-post","status-publish","format-standard","hentry","category-sociedad"],"jetpack_featured_media_url":"","jetpack_shortlink":"https:\/\/wp.me\/p2JWE0-OF","jetpack-related-posts":[{"id":121665,"url":"https:\/\/www.24baires.com\/?p=121665","url_meta":{"origin":3141,"position":0},"title":"Baradel confirm\u00f3 que preparan \u201cuna intersindical que defienda a los bonaerenses\u201d","author":"GB","date":"19\/09\/2024","format":false,"excerpt":"Tras el encuentro de las CTA, Baradel analiz\u00f3 el contexto social y la necesidad de \u201cdejar de lado los personalismos\u201d. Los nuevos trabajos en la agenda sindical. Luego de la reuni\u00f3n que mantuvieron los Secretarios Generales de las dos CTA de la Provincia, el l\u00edder sindical, Roberto Baradel, asegur\u00f3 que\u2026","rel":"","context":"En \u00abProvincia\u00bb","block_context":{"text":"Provincia","link":"https:\/\/www.24baires.com\/?cat=40"},"img":{"alt_text":"","src":"https:\/\/i0.wp.com\/www.24baires.com\/wp-content\/uploads\/2018\/09\/baradel.jpg?resize=350%2C200","width":350,"height":200,"srcset":"https:\/\/i0.wp.com\/www.24baires.com\/wp-content\/uploads\/2018\/09\/baradel.jpg?resize=350%2C200 1x, https:\/\/i0.wp.com\/www.24baires.com\/wp-content\/uploads\/2018\/09\/baradel.jpg?resize=525%2C300 1.5x, https:\/\/i0.wp.com\/www.24baires.com\/wp-content\/uploads\/2018\/09\/baradel.jpg?resize=700%2C400 2x"},"classes":[]},{"id":56262,"url":"https:\/\/www.24baires.com\/?p=56262","url_meta":{"origin":3141,"position":1},"title":"La CTA de Baradel posterg\u00f3 la marcha a la Legislatura","author":"AF","date":"30\/10\/2014","format":false,"excerpt":"La CTA de los Trabajadores, que a nivel bonaerense conduce el docente Roberto Baradel, decidi\u00f3 postergar la marcha convocada para ma\u00f1ana a la Legislatura provincial para reclamar un aumento de presupuesto en \u00e1reas sociales, debido a las consecuencias del temporal de lluvia y viento que castiga a muchos distritos de\u2026","rel":"","context":"En \u00abSociedad\u00bb","block_context":{"text":"Sociedad","link":"https:\/\/www.24baires.com\/?cat=1"},"img":{"alt_text":"baradel declaraciones","src":"https:\/\/i0.wp.com\/www.24baires.com\/wp-content\/uploads\/2012\/12\/baradel-declaraciones.jpg?resize=350%2C200","width":350,"height":200,"srcset":"https:\/\/i0.wp.com\/www.24baires.com\/wp-content\/uploads\/2012\/12\/baradel-declaraciones.jpg?resize=350%2C200 1x, https:\/\/i0.wp.com\/www.24baires.com\/wp-content\/uploads\/2012\/12\/baradel-declaraciones.jpg?resize=525%2C300 1.5x"},"classes":[]},{"id":3054,"url":"https:\/\/www.24baires.com\/?p=3054","url_meta":{"origin":3141,"position":2},"title":"Segundo d\u00eda sin clases en la Provincia","author":"AF","date":"24\/10\/2012","format":false,"excerpt":"Los maestros llevan adelante las segundas 24 horas de su protesta. Habr\u00e1 concentraciones en diversos puntos de La Platal, en un clima de fuerte escalada verbal entre autoridades bonaerenses y gremialistas. Este mi\u00e9rcoles se cumple el segundo d\u00eda de paro en la Provincia de Buenos Aires luego del primero, que\u2026","rel":"","context":"En \u00abProvincia\u00bb","block_context":{"text":"Provincia","link":"https:\/\/www.24baires.com\/?cat=40"},"img":{"alt_text":"","src":"https:\/\/i0.wp.com\/www.24baires.com\/wp-content\/uploads\/2012\/10\/paro2324-300x200.jpg?resize=350%2C200","width":350,"height":200},"classes":[]},{"id":107705,"url":"https:\/\/www.24baires.com\/?p=107705","url_meta":{"origin":3141,"position":3},"title":"Docentes se suman al paro nacional del 30 de abril y no habr\u00e1 clases","author":"GB","date":"17\/04\/2019","format":false,"excerpt":"SUTEBA inform\u00f3 que se plegar\u00e1n al paro del martes 30 de abril que realizar\u00e1n la Multisectorial 21F, las tres CTA, movimientos sociales y la izquierda. Lo confirmaron la secretaria general de la CTERA, Sonia Alesso y el secretario general de SUTEBA, Roberto Baradel. Horas despu\u00e9s del cierre de la paritaria\u2026","rel":"","context":"En \u00abPol\u00edtica\u00bb","block_context":{"text":"Pol\u00edtica","link":"https:\/\/www.24baires.com\/?cat=51"},"img":{"alt_text":"","src":"https:\/\/i0.wp.com\/www.24baires.com\/wp-content\/uploads\/2018\/04\/docentes-universitarios.jpg?resize=350%2C200","width":350,"height":200,"srcset":"https:\/\/i0.wp.com\/www.24baires.com\/wp-content\/uploads\/2018\/04\/docentes-universitarios.jpg?resize=350%2C200 1x, https:\/\/i0.wp.com\/www.24baires.com\/wp-content\/uploads\/2018\/04\/docentes-universitarios.jpg?resize=525%2C300 1.5x"},"classes":[]},{"id":2634,"url":"https:\/\/www.24baires.com\/?p=2634","url_meta":{"origin":3141,"position":4},"title":"Docentes dudan de la fecha de inicio de clases y hablan de \u00abdecisi\u00f3n unilateral\u00bb de Scioli","author":"Grupo Sierra","date":"19\/10\/2012","format":false,"excerpt":"Desde CTERA advirtieron que la fecha del comienzo del ciclo escolar \u201cdebi\u00f3 tratarse en paritarias y no haberse resuelto en forma unilateral por el gobierno\u201d. En tanto, la CTA bonaerense confirm\u00f3 el paro de 48 horas para la semana pr\u00f3xima. Frente al anuncio del Ministerio de Educaci\u00f3n sobre el comienzo\u2026","rel":"","context":"En \u00abProvincia\u00bb","block_context":{"text":"Provincia","link":"https:\/\/www.24baires.com\/?cat=40"},"img":{"alt_text":"","src":"https:\/\/i0.wp.com\/www.24baires.com\/wp-content\/uploads\/2012\/10\/SUTEBA-BARADEL.jpg?resize=350%2C200","width":350,"height":200},"classes":[]},{"id":75337,"url":"https:\/\/www.24baires.com\/?p=75337","url_meta":{"origin":3141,"position":5},"title":"Gremios en contra de \u00abreducci\u00f3n importante\u00bb en la administraci\u00f3n p\u00fablica","author":"AF","date":"20\/11\/2015","format":false,"excerpt":"El Secretario General de SUTEBA y de la CTA de la Provincia de Buenos Aires, Roberto Baradel, y el titular de la seccional bonaerense de UPCN, Carlos Quintana, criticaron este jueves al vicegobernador electo de Cambiemos, Daniel Salvador, quien propuso llevar a cabo \"una reducci\u00f3n importante\" en el personal de\u2026","rel":"","context":"En \u00abSociedad\u00bb","block_context":{"text":"Sociedad","link":"https:\/\/www.24baires.com\/?cat=1"},"img":{"alt_text":"baradel2","src":"https:\/\/i0.wp.com\/www.24baires.com\/wp-content\/uploads\/2012\/11\/baradel2.jpg?resize=350%2C200","width":350,"height":200,"srcset":"https:\/\/i0.wp.com\/www.24baires.com\/wp-content\/uploads\/2012\/11\/baradel2.jpg?resize=350%2C200 1x, https:\/\/i0.wp.com\/www.24baires.com\/wp-content\/uploads\/2012\/11\/baradel2.jpg?resize=525%2C300 1.5x"},"classes":[]}],"jetpack_sharing_enabled":true,"jetpack_likes_enabled":true,"_links":{"self":[{"href":"https:\/\/www.24baires.com\/index.php?rest_route=\/wp\/v2\/posts\/3141","targetHints":{"allow":["GET"]}}],"collection":[{"href":"https:\/\/www.24baires.com\/index.php?rest_route=\/wp\/v2\/posts"}],"about":[{"href":"https:\/\/www.24baires.com\/index.php?rest_route=\/wp\/v2\/types\/post"}],"author":[{"embeddable":true,"href":"https:\/\/www.24baires.com\/index.php?rest_route=\/wp\/v2\/users\/4"}],"replies":[{"embeddable":true,"href":"https:\/\/www.24baires.com\/index.php?rest_route=%2Fwp%2Fv2%2Fcomments&post=3141"}],"version-history":[{"count":1,"href":"https:\/\/www.24baires.com\/index.php?rest_route=\/wp\/v2\/posts\/3141\/revisions"}],"predecessor-version":[{"id":3143,"href":"https:\/\/www.24baires.com\/index.php?rest_route=\/wp\/v2\/posts\/3141\/revisions\/3143"}],"wp:attachment":[{"href":"https:\/\/www.24baires.com\/index.php?rest_route=%2Fwp%2Fv2%2Fmedia&parent=3141"}],"wp:term":[{"taxonomy":"category","embeddable":true,"href":"https:\/\/www.24baires.com\/index.php?rest_route=%2Fwp%2Fv2%2Fcategories&post=3141"},{"taxonomy":"post_tag","embeddable":true,"href":"https:\/\/www.24baires.com\/index.php?rest_route=%2Fwp%2Fv2%2Ftags&post=3141"}],"curies":[{"name":"wp","href":"https:\/\/api.w.org\/{rel}","templated":true}]}}